{"id":34012,"date":"2025-12-22T08:26:37","date_gmt":"2025-12-22T11:26:37","guid":{"rendered":"https:\/\/www.rotaseguros.com.br\/planosdesaude\/?p=34012"},"modified":"2025-12-22T08:26:37","modified_gmt":"2025-12-22T11:26:37","slug":"doencas-respiratorias-2","status":"publish","type":"post","link":"https:\/\/www.rotaseguros.com.br\/planosdesaude\/doencas-respiratorias-2\/","title":{"rendered":"Doen\u00e7as respirat\u00f3rias: 7 dicas para se proteger todo o ano"},"content":{"rendered":"<span class=\"span-reading-time rt-reading-time\" style=\"display: block;\"><span class=\"rt-label rt-prefix\">Reading Time: <\/span> <span class=\"rt-time\"> 4<\/span> <span class=\"rt-label rt-postfix\">minutes<\/span><\/span><p data-start=\"442\" data-end=\"849\">As doen\u00e7as respirat\u00f3rias est\u00e3o entre as principais causas de consultas m\u00e9dicas e interna\u00e7\u00f5es no Brasil, especialmente em per\u00edodos de varia\u00e7\u00e3o clim\u00e1tica. Oscila\u00e7\u00f5es bruscas de temperatura, ar seco, ambientes fechados e aumento da circula\u00e7\u00e3o de v\u00edrus tornam as vias respirat\u00f3rias mais vulner\u00e1veis, favorecendo desde quadros leves \u2014 como resfriados \u2014 at\u00e9 infec\u00e7\u00f5es graves, como pneumonia ou crises de asma.<\/p><div id=\"ez-toc-container\" class=\"ez-toc-v2_0_82_2 counter-flat ez-toc-counter ez-toc-grey ez-toc-container-direction\">\n<div class=\"ez-toc-title-container\">\n<p class=\"ez-toc-title\" style=\"cursor:inherit\">Aqui voc\u00ea encontra:<\/p>\n<span class=\"ez-toc-title-toggle\"><a href=\"#\" class=\"ez-toc-pull-right ez-toc-btn ez-toc-btn-xs ez-toc-btn-default ez-toc-toggle\" aria-label=\"Alternar tabela de conte\u00fado\"><span class=\"ez-toc-js-icon-con\"><span class=\"\"><span class=\"eztoc-hide\" style=\"display:none;\">Toggle<\/span><span class=\"ez-toc-icon-toggle-span\"><svg style=\"fill: #999;color:#999\" xmlns=\"http:\/\/www.w3.org\/2000\/svg\" class=\"list-377408\" width=\"20px\" height=\"20px\" viewBox=\"0 0 24 24\" fill=\"none\"><path d=\"M6 6H4v2h2V6zm14 0H8v2h12V6zM4 11h2v2H4v-2zm16 0H8v2h12v-2zM4 16h2v2H4v-2zm16 0H8v2h12v-2z\" fill=\"currentColor\"><\/path><\/svg><svg style=\"fill: #999;color:#999\" class=\"arrow-unsorted-368013\" xmlns=\"http:\/\/www.w3.org\/2000\/svg\" width=\"10px\" height=\"10px\" viewBox=\"0 0 24 24\" version=\"1.2\" baseProfile=\"tiny\"><path d=\"M18.2 9.3l-6.2-6.3-6.2 6.3c-.2.2-.3.4-.3.7s.1.5.3.7c.2.2.4.3.7.3h11c.3 0 .5-.1.7-.3.2-.2.3-.5.3-.7s-.1-.5-.3-.7zM5.8 14.7l6.2 6.3 6.2-6.3c.2-.2.3-.5.3-.7s-.1-.5-.3-.7c-.2-.2-.4-.3-.7-.3h-11c-.3 0-.5.1-.7.3-.2.2-.3.5-.3.7s.1.5.3.7z\"\/><\/svg><\/span><\/span><\/span><\/a><\/span><\/div>\n<nav><ul class='ez-toc-list ez-toc-list-level-1 ' ><li class='ez-toc-page-1'><a class=\"ez-toc-link ez-toc-heading-1\" href=\"https:\/\/www.rotaseguros.com.br\/planosdesaude\/doencas-respiratorias-2\/#O_que_sao_doencas_respiratorias\" >O que s\u00e3o doen\u00e7as respirat\u00f3rias?<\/a><\/li><li class='ez-toc-page-1'><a class=\"ez-toc-link ez-toc-heading-2\" href=\"https:\/\/www.rotaseguros.com.br\/planosdesaude\/doencas-respiratorias-2\/#Por_que_as_doencas_respiratorias_aumentam_em_determinadas_epocas\" >Por que as doen\u00e7as respirat\u00f3rias aumentam em determinadas \u00e9pocas?<\/a><\/li><li class='ez-toc-page-1'><a class=\"ez-toc-link ez-toc-heading-3\" href=\"https:\/\/www.rotaseguros.com.br\/planosdesaude\/doencas-respiratorias-2\/#Sintomas_que_merecem_atencao\" >Sintomas que merecem aten\u00e7\u00e3o<\/a><\/li><li class='ez-toc-page-1'><a class=\"ez-toc-link ez-toc-heading-4\" href=\"https:\/\/www.rotaseguros.com.br\/planosdesaude\/doencas-respiratorias-2\/#Como_prevenir_doencas_respiratorias_ao_longo_do_ano\" >Como prevenir doen\u00e7as respirat\u00f3rias ao longo do ano?<\/a><\/li><li class='ez-toc-page-1'><a class=\"ez-toc-link ez-toc-heading-5\" href=\"https:\/\/www.rotaseguros.com.br\/planosdesaude\/doencas-respiratorias-2\/#Doencas_respiratorias_em_criancas_por_que_exigir_mais_atencao\" >Doen\u00e7as respirat\u00f3rias em crian\u00e7as: por que exigir mais aten\u00e7\u00e3o?<\/a><\/li><li class='ez-toc-page-1'><a class=\"ez-toc-link ez-toc-heading-6\" href=\"https:\/\/www.rotaseguros.com.br\/planosdesaude\/doencas-respiratorias-2\/#Adultos_e_idosos_riscos_diferentes_cuidados_semelhantes\" >Adultos e idosos: riscos diferentes, cuidados semelhantes<\/a><\/li><li class='ez-toc-page-1'><a class=\"ez-toc-link ez-toc-heading-7\" href=\"https:\/\/www.rotaseguros.com.br\/planosdesaude\/doencas-respiratorias-2\/#Quando_procurar_atendimento_medico\" >Quando procurar atendimento m\u00e9dico?<\/a><\/li><li class='ez-toc-page-1'><a class=\"ez-toc-link ez-toc-heading-8\" href=\"https:\/\/www.rotaseguros.com.br\/planosdesaude\/doencas-respiratorias-2\/#Cuidar_da_respiracao_e_cuidar_da_vida_%E2%80%94_e_a_Rota_esta_ao_seu_lado\" >Cuidar da respira\u00e7\u00e3o \u00e9 cuidar da vida \u2014 e a Rota est\u00e1 ao seu lado<\/a><\/li><\/ul><\/nav><\/div>\n\n<p data-start=\"851\" data-end=\"1140\">Embora sejam comuns, muitas dessas doen\u00e7as podem ser prevenidas com h\u00e1bitos saud\u00e1veis, aten\u00e7\u00e3o aos sinais de alerta e acompanhamento m\u00e9dico adequado. Entender como elas surgem e como agir diante dos primeiros sintomas \u00e9 fundamental para proteger sua sa\u00fade e a de quem convive com voc\u00ea.<\/p>\n<p data-start=\"851\" data-end=\"1140\"><img loading=\"lazy\" decoding=\"async\" class=\"alignnone wp-image-34015 size-full\" title=\"O que s\u00e3o doen\u00e7as respirat\u00f3rias?\" src=\"https:\/\/www.rotaseguros.com.br\/planosdesaude\/wp-content\/uploads\/2025\/12\/O-que-sao-doencas-respiratorias.png\" alt=\"O que s\u00e3o doen\u00e7as respirat\u00f3rias?\" width=\"800\" height=\"200\" srcset=\"https:\/\/www.rotaseguros.com.br\/planosdesaude\/wp-content\/uploads\/2025\/12\/O-que-sao-doencas-respiratorias.png 800w, https:\/\/www.rotaseguros.com.br\/planosdesaude\/wp-content\/uploads\/2025\/12\/O-que-sao-doencas-respiratorias-300x75.png 300w, https:\/\/www.rotaseguros.com.br\/planosdesaude\/wp-content\/uploads\/2025\/12\/O-que-sao-doencas-respiratorias-768x192.png 768w\" sizes=\"auto, (max-width: 800px) 100vw, 800px\" \/><\/p>\n<h2 data-start=\"1147\" data-end=\"1186\"><span class=\"ez-toc-section\" id=\"O_que_sao_doencas_respiratorias\"><\/span>O que s\u00e3o doen\u00e7as respirat\u00f3rias?<span class=\"ez-toc-section-end\"><\/span><\/h2>\n<p data-start=\"1188\" data-end=\"1496\">As doen\u00e7as respirat\u00f3rias englobam condi\u00e7\u00f5es que afetam o nariz, garganta, br\u00f4nquios e pulm\u00f5es. Elas podem ser causadas por v\u00edrus, bact\u00e9rias, fungos, alergias ou fatores ambientais. Em crian\u00e7as, idosos e pessoas com imunidade baixa, o risco de complica\u00e7\u00f5es \u00e9 maior, tornando a preven\u00e7\u00e3o ainda mais importante.<\/p>\n<p data-start=\"1498\" data-end=\"1787\">Entre as doen\u00e7as mais comuns est\u00e3o sinusite, bronquite, bronquiolite, gripe, resfriado, Covid-19, pneumonia, asma e rinite al\u00e9rgica. Muitas delas compartilham sintomas iniciais semelhantes, como tosse, espirros, congest\u00e3o nasal e febre \u2014 o que refor\u00e7a a import\u00e2ncia do diagn\u00f3stico preciso.<\/p>\n<h2 data-start=\"1794\" data-end=\"1866\"><span class=\"ez-toc-section\" id=\"Por_que_as_doencas_respiratorias_aumentam_em_determinadas_epocas\"><\/span>Por que as doen\u00e7as respirat\u00f3rias aumentam em determinadas \u00e9pocas?<span class=\"ez-toc-section-end\"><\/span><\/h2>\n<p data-start=\"1868\" data-end=\"2165\">A mudan\u00e7a de temperatura \u00e9 um dos principais fatores desencadeadores. No frio, as pessoas tendem a permanecer em ambientes fechados, facilitando a circula\u00e7\u00e3o de v\u00edrus. J\u00e1 em per\u00edodos de clima quente e seco, as vias respirat\u00f3rias ficam mais irritadas e sens\u00edveis, aumentando o risco de inflama\u00e7\u00f5es.<\/p>\n<p data-start=\"2167\" data-end=\"2381\">Al\u00e9m disso, mudan\u00e7as bruscas de clima e exposi\u00e7\u00e3o a poluentes, poeira e fuma\u00e7a contribuem para o desencadeamento de doen\u00e7as al\u00e9rgicas, que podem evoluir para quadros mais s\u00e9rios se n\u00e3o forem tratadas adequadamente.<\/p>\n<p data-start=\"2167\" data-end=\"2381\"><img loading=\"lazy\" decoding=\"async\" class=\"alignnone wp-image-34017 size-full\" title=\"Adultos e idosos: riscos diferentes, cuidados semelhantes\" src=\"https:\/\/www.rotaseguros.com.br\/planosdesaude\/wp-content\/uploads\/2025\/12\/Adultos-e-idosos_-riscos-diferentes-cuidados-semelhantes.png\" alt=\"Adultos e idosos: riscos diferentes, cuidados semelhantes\" width=\"800\" height=\"200\" srcset=\"https:\/\/www.rotaseguros.com.br\/planosdesaude\/wp-content\/uploads\/2025\/12\/Adultos-e-idosos_-riscos-diferentes-cuidados-semelhantes.png 800w, https:\/\/www.rotaseguros.com.br\/planosdesaude\/wp-content\/uploads\/2025\/12\/Adultos-e-idosos_-riscos-diferentes-cuidados-semelhantes-300x75.png 300w, https:\/\/www.rotaseguros.com.br\/planosdesaude\/wp-content\/uploads\/2025\/12\/Adultos-e-idosos_-riscos-diferentes-cuidados-semelhantes-768x192.png 768w\" sizes=\"auto, (max-width: 800px) 100vw, 800px\" \/><\/p>\n<h2 data-start=\"2388\" data-end=\"2423\"><span class=\"ez-toc-section\" id=\"Sintomas_que_merecem_atencao\"><\/span>Sintomas que merecem aten\u00e7\u00e3o<span class=\"ez-toc-section-end\"><\/span><\/h2>\n<p data-start=\"2425\" data-end=\"2807\">Os sintomas variam conforme a doen\u00e7a e a intensidade da infec\u00e7\u00e3o, mas alguns sinais s\u00e3o comuns e merecem aten\u00e7\u00e3o, especialmente quando persistem por mais de alguns dias. Tosse cont\u00ednua, dor no peito, chiado no peito, cansa\u00e7o excessivo, febre prolongada, dificuldade para respirar e secre\u00e7\u00e3o nasal espessa s\u00e3o ind\u00edcios de que o corpo est\u00e1 enfrentando uma infec\u00e7\u00e3o mais significativa.<\/p>\n<p data-start=\"2809\" data-end=\"3012\">Em crian\u00e7as pequenas, aten\u00e7\u00e3o a irritabilidade, recusa alimentar, respira\u00e7\u00e3o r\u00e1pida e ru\u00eddos ao respirar. J\u00e1 em idosos, sonol\u00eancia excessiva, confus\u00e3o mental e queda no estado geral s\u00e3o sinais de alerta.<\/p>\n<h2 data-start=\"3019\" data-end=\"3080\"><span class=\"ez-toc-section\" id=\"Como_prevenir_doencas_respiratorias_ao_longo_do_ano\"><\/span>Como prevenir doen\u00e7as respirat\u00f3rias ao longo do ano?<span class=\"ez-toc-section-end\"><\/span><\/h2>\n<ol>\n<li data-start=\"3135\" data-end=\"3174\">Higienizar as m\u00e3os com frequ\u00eancia<\/li>\n<li data-start=\"3178\" data-end=\"3214\">Manter os ambientes ventilados<\/li>\n<li data-start=\"3218\" data-end=\"3249\">Hidratar-se adequadamente<\/li>\n<li data-start=\"3253\" data-end=\"3307\">Evitar aglomera\u00e7\u00f5es em per\u00edodos de surtos virais<\/li>\n<li data-start=\"3311\" data-end=\"3341\">Manter <a href=\"https:\/\/www.gov.br\/saude\/pt-br\/vacinacao\" target=\"_blank\" rel=\"noopener\">vacina\u00e7\u00f5es em dia<\/a><\/li>\n<li data-start=\"3345\" data-end=\"3393\">Cuidar da sa\u00fade do nariz com lavagem nasal<\/li>\n<li data-start=\"3397\" data-end=\"3447\">Evitar exposi\u00e7\u00e3o \u00e0 fuma\u00e7a, poeira e polui\u00e7\u00e3o<\/li>\n<li data-start=\"3451\" data-end=\"3495\">Praticar atividade f\u00edsica regularmente<\/li>\n<\/ol>\n<h2 data-start=\"3502\" data-end=\"3572\"><span class=\"ez-toc-section\" id=\"Doencas_respiratorias_em_criancas_por_que_exigir_mais_atencao\"><\/span>Doen\u00e7as respirat\u00f3rias em crian\u00e7as: por que exigir mais aten\u00e7\u00e3o?<span class=\"ez-toc-section-end\"><\/span><\/h2>\n<p data-start=\"3574\" data-end=\"3921\">As vias a\u00e9reas infantis s\u00e3o mais estreitas e sens\u00edveis, o que facilita a evolu\u00e7\u00e3o para quadros graves. O mundo escolar e o contato frequente com outras crian\u00e7as tamb\u00e9m aumentam a exposi\u00e7\u00e3o a v\u00edrus. Por isso, manter acompanhamento pedi\u00e1trico, vacina\u00e7\u00e3o em dia e observar sinais como dificuldade para respirar, chiado e recusa alimentar \u00e9 essencial.<\/p>\n<p data-start=\"3923\" data-end=\"4124\">A bronquiolite, muito comum em beb\u00eas, \u00e9 um exemplo de infec\u00e7\u00e3o que come\u00e7a com sintomas leves e pode evoluir rapidamente. A aten\u00e7\u00e3o imediata aos primeiros sinais \u00e9 determinante para evitar complica\u00e7\u00f5es.<\/p>\n<p data-start=\"3923\" data-end=\"4124\"><img loading=\"lazy\" decoding=\"async\" class=\"alignnone wp-image-34016 size-full\" title=\"Sintomas que merecem aten\u00e7\u00e3o\" src=\"https:\/\/www.rotaseguros.com.br\/planosdesaude\/wp-content\/uploads\/2025\/12\/Sintomas-que-merecem-atencao.png\" alt=\"Sintomas que merecem aten\u00e7\u00e3o\" width=\"800\" height=\"200\" srcset=\"https:\/\/www.rotaseguros.com.br\/planosdesaude\/wp-content\/uploads\/2025\/12\/Sintomas-que-merecem-atencao.png 800w, https:\/\/www.rotaseguros.com.br\/planosdesaude\/wp-content\/uploads\/2025\/12\/Sintomas-que-merecem-atencao-300x75.png 300w, https:\/\/www.rotaseguros.com.br\/planosdesaude\/wp-content\/uploads\/2025\/12\/Sintomas-que-merecem-atencao-768x192.png 768w\" sizes=\"auto, (max-width: 800px) 100vw, 800px\" \/><\/p>\n<h2 data-start=\"4131\" data-end=\"4195\"><span class=\"ez-toc-section\" id=\"Adultos_e_idosos_riscos_diferentes_cuidados_semelhantes\"><\/span>Adultos e idosos: riscos diferentes, cuidados semelhantes<span class=\"ez-toc-section-end\"><\/span><\/h2>\n<p data-start=\"4197\" data-end=\"4440\">Nos adultos, as doen\u00e7as respirat\u00f3rias costumam ser intensificadas por fatores como estresse, tabagismo e exposi\u00e7\u00e3o a ambientes fechados. J\u00e1 em idosos, o sistema imunol\u00f3gico mais fragilizado aumenta o risco de pneumonia e outras complica\u00e7\u00f5es.<\/p>\n<p data-start=\"4442\" data-end=\"4592\">Para ambos os grupos, manter acompanhamento m\u00e9dico e h\u00e1bitos de vida saud\u00e1veis melhora a capacidade pulmonar e fortalece as defesas naturais do corpo.<\/p>\n<h2 data-start=\"4599\" data-end=\"4641\"><span class=\"ez-toc-section\" id=\"Quando_procurar_atendimento_medico\"><\/span>Quando procurar atendimento m\u00e9dico?<span class=\"ez-toc-section-end\"><\/span><\/h2>\n<p data-start=\"4643\" data-end=\"4926\">Alguns sinais exigem aten\u00e7\u00e3o imediata: febre alta persistente, falta de ar, chiado intenso, dor ao respirar, confus\u00e3o mental, desidrata\u00e7\u00e3o, l\u00e1bios arroxeados ou piora progressiva do quadro. Esses sintomas podem indicar infec\u00e7\u00f5es s\u00e9rias e demandam avalia\u00e7\u00e3o profissional com urg\u00eancia.<\/p>\n<p data-start=\"4928\" data-end=\"5086\">O diagn\u00f3stico precoce orienta o tratamento correto, reduz o tempo de recupera\u00e7\u00e3o e evita complica\u00e7\u00f5es que poderiam ser prevenidas com acompanhamento adequado.<\/p>\n<p data-start=\"4928\" data-end=\"5086\"><img loading=\"lazy\" decoding=\"async\" class=\"alignnone wp-image-34018 size-full\" title=\"Cuidar da respira\u00e7\u00e3o \u00e9 cuidar da vida \u2014 e a Rota est\u00e1 ao seu lado\" src=\"https:\/\/www.rotaseguros.com.br\/planosdesaude\/wp-content\/uploads\/2025\/12\/Cuidar-da-respiracao-e-cuidar-da-vida-\u2014-e-a-Rota-esta-ao-seu-lado.png\" alt=\"Cuidar da respira\u00e7\u00e3o \u00e9 cuidar da vida \u2014 e a Rota est\u00e1 ao seu lado\" width=\"800\" height=\"200\" srcset=\"https:\/\/www.rotaseguros.com.br\/planosdesaude\/wp-content\/uploads\/2025\/12\/Cuidar-da-respiracao-e-cuidar-da-vida-\u2014-e-a-Rota-esta-ao-seu-lado.png 800w, https:\/\/www.rotaseguros.com.br\/planosdesaude\/wp-content\/uploads\/2025\/12\/Cuidar-da-respiracao-e-cuidar-da-vida-\u2014-e-a-Rota-esta-ao-seu-lado-300x75.png 300w, https:\/\/www.rotaseguros.com.br\/planosdesaude\/wp-content\/uploads\/2025\/12\/Cuidar-da-respiracao-e-cuidar-da-vida-\u2014-e-a-Rota-esta-ao-seu-lado-768x192.png 768w\" sizes=\"auto, (max-width: 800px) 100vw, 800px\" \/><\/p>\n<h2 data-start=\"5093\" data-end=\"5165\"><span class=\"ez-toc-section\" id=\"Cuidar_da_respiracao_e_cuidar_da_vida_%E2%80%94_e_a_Rota_esta_ao_seu_lado\"><\/span>Cuidar da respira\u00e7\u00e3o \u00e9 cuidar da vida \u2014 e a Rota est\u00e1 ao seu lado<span class=\"ez-toc-section-end\"><\/span><\/h2>\n<p data-start=\"5167\" data-end=\"5401\">A sa\u00fade respirat\u00f3ria depende de preven\u00e7\u00e3o, acompanhamento cont\u00ednuo e acesso a profissionais qualificados. Um plano de sa\u00fade adequado facilita esse cuidado, garantindo consultas, exames e suporte quando surgem sintomas inesperados.<\/p>\n<p data-start=\"5403\" data-end=\"5538\">A <a href=\"http:\/\/www.rotaseguros.com.br\/unidades\">Rota Seguros<\/a> auxilia voc\u00ea a escolher o plano ideal para manter sua sa\u00fade respirat\u00f3ria protegida durante todas as esta\u00e7\u00f5es do ano.<\/p>\n<p data-start=\"5403\" data-end=\"5538\">Leia tamb\u00e9m nosso blog sobre<a href=\"https:\/\/www.rotaseguros.com.br\/planosdesaude\/depressao-e-ansiedade\/\"> depress\u00e3o e ansiedade no final de ano, como lidar com esses sentimentos?<\/a><\/p>\n","protected":false},"excerpt":{"rendered":"<p><span class=\"span-reading-time rt-reading-time\" style=\"display: block;\"><span class=\"rt-label rt-prefix\">Reading Time: <\/span> <span class=\"rt-time\"> 4<\/span> <span class=\"rt-label rt-postfix\">minutes<\/span><\/span>As doen\u00e7as respirat\u00f3rias est\u00e3o entre as principais causas de consultas m\u00e9dicas e interna\u00e7\u00f5es no Brasil, especialmente em per\u00edodos de varia\u00e7\u00e3o clim\u00e1tica. Oscila\u00e7\u00f5es bruscas de temperatura, ar seco, ambientes fechados e &#8230;<\/p>\n","protected":false},"author":37,"featured_media":34013,"comment_status":"open","ping_status":"open","sticky":false,"template":"","format":"standard","meta":{"_monsterinsights_skip_tracking":false,"_monsterinsights_sitenote_active":false,"_monsterinsights_sitenote_note":"","_monsterinsights_sitenote_category":0,"footnotes":"","_links_to":"","_links_to_target":""},"categories":[33,1005],"tags":[1318,3111,111,1038,3399,1031,132,41,4182,4174,1235,1032,1127],"class_list":["post-34012","post","type-post","status-publish","format-standard","has-post-thumbnail","hentry","category-rota-seguros","category-saude","tag-autocuidado","tag-blog-rota-seguros","tag-cancer","tag-cuidados-com-a-saude","tag-doencas-respiratorias","tag-gripe","tag-plano-de-saude","tag-planos-de-saude","tag-pneumonia","tag-prevencao-respiratoria","tag-qualidade-de-vida","tag-resfriado","tag-saude"],"_links":{"self":[{"href":"https:\/\/www.rotaseguros.com.br\/planosdesaude\/wp-json\/wp\/v2\/posts\/34012","targetHints":{"allow":["GET"]}}],"collection":[{"href":"https:\/\/www.rotaseguros.com.br\/planosdesaude\/wp-json\/wp\/v2\/posts"}],"about":[{"href":"https:\/\/www.rotaseguros.com.br\/planosdesaude\/wp-json\/wp\/v2\/types\/post"}],"author":[{"embeddable":true,"href":"https:\/\/www.rotaseguros.com.br\/planosdesaude\/wp-json\/wp\/v2\/users\/37"}],"replies":[{"embeddable":true,"href":"https:\/\/www.rotaseguros.com.br\/planosdesaude\/wp-json\/wp\/v2\/comments?post=34012"}],"version-history":[{"count":2,"href":"https:\/\/www.rotaseguros.com.br\/planosdesaude\/wp-json\/wp\/v2\/posts\/34012\/revisions"}],"predecessor-version":[{"id":34031,"href":"https:\/\/www.rotaseguros.com.br\/planosdesaude\/wp-json\/wp\/v2\/posts\/34012\/revisions\/34031"}],"wp:featuredmedia":[{"embeddable":true,"href":"https:\/\/www.rotaseguros.com.br\/planosdesaude\/wp-json\/wp\/v2\/media\/34013"}],"wp:attachment":[{"href":"https:\/\/www.rotaseguros.com.br\/planosdesaude\/wp-json\/wp\/v2\/media?parent=34012"}],"wp:term":[{"taxonomy":"category","embeddable":true,"href":"https:\/\/www.rotaseguros.com.br\/planosdesaude\/wp-json\/wp\/v2\/categories?post=34012"},{"taxonomy":"post_tag","embeddable":true,"href":"https:\/\/www.rotaseguros.com.br\/planosdesaude\/wp-json\/wp\/v2\/tags?post=34012"}],"curies":[{"name":"wp","href":"https:\/\/api.w.org\/{rel}","templated":true}]}}