{"id":34014,"date":"2025-12-02T16:12:22","date_gmt":"2025-12-02T19:12:22","guid":{"rendered":"https:\/\/www.rotaseguros.com.br\/planosdesaude\/?p=34014"},"modified":"2025-12-02T16:12:22","modified_gmt":"2025-12-02T19:12:22","slug":"amil-saude-em-juiz-de-fora","status":"publish","type":"post","link":"https:\/\/www.rotaseguros.com.br\/planosdesaude\/amil-saude-em-juiz-de-fora\/","title":{"rendered":"Amil Sa\u00fade est\u00e1 de volta em Juiz de Fora"},"content":{"rendered":"<span class=\"span-reading-time rt-reading-time\" style=\"display: block;\"><span class=\"rt-label rt-prefix\">Reading Time: <\/span> <span class=\"rt-time\"> 5<\/span> <span class=\"rt-label rt-postfix\">minutes<\/span><\/span><p data-start=\"417\" data-end=\"983\"><strong data-start=\"110\" data-end=\"159\">A Amil est\u00e1 de volta a Juiz de Fora e regi\u00e3o! <\/strong>Uma das maiores e mais tradicionais operadoras de sa\u00fade do Brasil retorna trazendo toda a qualidade, seguran\u00e7a e atendimento de refer\u00eancia. Com ampla rede credenciada a Amil reafirma sua presen\u00e7a na Zona da Mata, oferecendo benef\u00edcios pensados para atender a todas as suas necessidades de sa\u00fade.<\/p><div id=\"ez-toc-container\" class=\"ez-toc-v2_0_82_2 counter-flat ez-toc-counter ez-toc-grey ez-toc-container-direction\">\n<div class=\"ez-toc-title-container\">\n<p class=\"ez-toc-title\" style=\"cursor:inherit\">Aqui voc\u00ea encontra:<\/p>\n<span class=\"ez-toc-title-toggle\"><a href=\"#\" class=\"ez-toc-pull-right ez-toc-btn ez-toc-btn-xs ez-toc-btn-default ez-toc-toggle\" aria-label=\"Alternar tabela de conte\u00fado\"><span class=\"ez-toc-js-icon-con\"><span class=\"\"><span class=\"eztoc-hide\" style=\"display:none;\">Toggle<\/span><span class=\"ez-toc-icon-toggle-span\"><svg style=\"fill: #999;color:#999\" xmlns=\"http:\/\/www.w3.org\/2000\/svg\" class=\"list-377408\" width=\"20px\" height=\"20px\" viewBox=\"0 0 24 24\" fill=\"none\"><path d=\"M6 6H4v2h2V6zm14 0H8v2h12V6zM4 11h2v2H4v-2zm16 0H8v2h12v-2zM4 16h2v2H4v-2zm16 0H8v2h12v-2z\" fill=\"currentColor\"><\/path><\/svg><svg style=\"fill: #999;color:#999\" class=\"arrow-unsorted-368013\" xmlns=\"http:\/\/www.w3.org\/2000\/svg\" width=\"10px\" height=\"10px\" viewBox=\"0 0 24 24\" version=\"1.2\" baseProfile=\"tiny\"><path d=\"M18.2 9.3l-6.2-6.3-6.2 6.3c-.2.2-.3.4-.3.7s.1.5.3.7c.2.2.4.3.7.3h11c.3 0 .5-.1.7-.3.2-.2.3-.5.3-.7s-.1-.5-.3-.7zM5.8 14.7l6.2 6.3 6.2-6.3c.2-.2.3-.5.3-.7s-.1-.5-.3-.7c-.2-.2-.4-.3-.7-.3h-11c-.3 0-.5.1-.7.3-.2.2-.3.5-.3.7s.1.5.3.7z\"\/><\/svg><\/span><\/span><\/span><\/a><\/span><\/div>\n<nav><ul class='ez-toc-list ez-toc-list-level-1 ' ><li class='ez-toc-page-1'><a class=\"ez-toc-link ez-toc-heading-1\" href=\"https:\/\/www.rotaseguros.com.br\/planosdesaude\/amil-saude-em-juiz-de-fora\/#Rede_credenciada_em_Juiz_de_Fora\" >Rede credenciada em Juiz de Fora<\/a><\/li><li class='ez-toc-page-1'><a class=\"ez-toc-link ez-toc-heading-2\" href=\"https:\/\/www.rotaseguros.com.br\/planosdesaude\/amil-saude-em-juiz-de-fora\/#Planos_Amil_disponiveis_em_Juiz_de_Fora\" >Planos Amil dispon\u00edveis em Juiz de Fora<\/a><\/li><li class='ez-toc-page-1'><a class=\"ez-toc-link ez-toc-heading-3\" href=\"https:\/\/www.rotaseguros.com.br\/planosdesaude\/amil-saude-em-juiz-de-fora\/#Linha_Selecionada\" >Linha Selecionada<\/a><\/li><li class='ez-toc-page-1'><a class=\"ez-toc-link ez-toc-heading-4\" href=\"https:\/\/www.rotaseguros.com.br\/planosdesaude\/amil-saude-em-juiz-de-fora\/#Linha_Amil_Nacional\" >Linha Amil Nacional<\/a><\/li><li class='ez-toc-page-1'><a class=\"ez-toc-link ez-toc-heading-5\" href=\"https:\/\/www.rotaseguros.com.br\/planosdesaude\/amil-saude-em-juiz-de-fora\/#Contratos_PME_solucoes_para_pequenas_e_medias_empresas\" >Contratos PME: solu\u00e7\u00f5es para pequenas e m\u00e9dias empresas<\/a><\/li><li class='ez-toc-page-1'><a class=\"ez-toc-link ez-toc-heading-6\" href=\"https:\/\/www.rotaseguros.com.br\/planosdesaude\/amil-saude-em-juiz-de-fora\/#Modalidades_de_contratacao_para_PME\" >Modalidades de contrata\u00e7\u00e3o para PME<\/a><\/li><li class='ez-toc-page-1'><a class=\"ez-toc-link ez-toc-heading-7\" href=\"https:\/\/www.rotaseguros.com.br\/planosdesaude\/amil-saude-em-juiz-de-fora\/#Beneficios_Amil\" >Benef\u00edcios Amil<\/a><\/li><li class='ez-toc-page-1'><a class=\"ez-toc-link ez-toc-heading-8\" href=\"https:\/\/www.rotaseguros.com.br\/planosdesaude\/amil-saude-em-juiz-de-fora\/#Coparticipacao_e_carencias\" >Coparticipa\u00e7\u00e3o e car\u00eancias<\/a><\/li><li class='ez-toc-page-1'><a class=\"ez-toc-link ez-toc-heading-9\" href=\"https:\/\/www.rotaseguros.com.br\/planosdesaude\/amil-saude-em-juiz-de-fora\/#Planos_odontologicos\" >Planos odontol\u00f3gicos<\/a><\/li><li class='ez-toc-page-1'><a class=\"ez-toc-link ez-toc-heading-10\" href=\"https:\/\/www.rotaseguros.com.br\/planosdesaude\/amil-saude-em-juiz-de-fora\/#Sua_operadora_ideal\" >Sua operadora ideal<\/a><\/li><li class='ez-toc-page-1'><a class=\"ez-toc-link ez-toc-heading-11\" href=\"https:\/\/www.rotaseguros.com.br\/planosdesaude\/amil-saude-em-juiz-de-fora\/#Como_contratar_seu_plano_em_Juiz_de_Fora\" >Como contratar seu plano em Juiz de Fora<\/a><\/li><\/ul><\/nav><\/div>\n\n<p data-start=\"417\" data-end=\"983\"><img loading=\"lazy\" decoding=\"async\" class=\"alignnone wp-image-34022 size-full\" title=\"Rede credenciada em Juiz de Fora\" src=\"https:\/\/www.rotaseguros.com.br\/planosdesaude\/wp-content\/uploads\/2025\/12\/Rede-credenciada-em-Juiz-de-Fora.png\" alt=\"Rede credenciada em Juiz de Fora\" width=\"800\" height=\"200\" srcset=\"https:\/\/www.rotaseguros.com.br\/planosdesaude\/wp-content\/uploads\/2025\/12\/Rede-credenciada-em-Juiz-de-Fora.png 800w, https:\/\/www.rotaseguros.com.br\/planosdesaude\/wp-content\/uploads\/2025\/12\/Rede-credenciada-em-Juiz-de-Fora-300x75.png 300w, https:\/\/www.rotaseguros.com.br\/planosdesaude\/wp-content\/uploads\/2025\/12\/Rede-credenciada-em-Juiz-de-Fora-768x192.png 768w\" sizes=\"auto, (max-width: 800px) 100vw, 800px\" \/><\/p>\n<h2 data-start=\"990\" data-end=\"1029\"><span class=\"ez-toc-section\" id=\"Rede_credenciada_em_Juiz_de_Fora\"><\/span>Rede credenciada em Juiz de Fora<span class=\"ez-toc-section-end\"><\/span><\/h2>\n<p data-start=\"1031\" data-end=\"1461\">Em <a href=\"https:\/\/pt.wikipedia.org\/wiki\/Juiz_de_Fora\" target=\"_blank\" rel=\"noopener\">Juiz de Fora<\/a>, a Amil atua com uma rede credenciada que re\u00fane alguns dos principais hospitais, cl\u00ednicas e centros m\u00e9dicos da regi\u00e3o. Essa variedade garante que o benefici\u00e1rio tenha acesso r\u00e1pido a cuidados m\u00e9dicos essenciais, com estrutura moderna e profissionais qualificados. Vale lembrar que a composi\u00e7\u00e3o da rede pode variar conforme o plano contratado, por isso \u00e9 importante verificar a disponibilidade no momento da ades\u00e3o.<\/p>\n<div class=\"_tableContainer_1rjym_1\">\n<div class=\"group _tableWrapper_1rjym_13 flex w-fit flex-col-reverse\" tabindex=\"-1\">\n<table class=\"w-fit min-w-(--thread-content-width)\" data-start=\"1463\" data-end=\"2275\">\n<thead data-start=\"1463\" data-end=\"1546\">\n<tr data-start=\"1463\" data-end=\"1546\">\n<th data-start=\"1463\" data-end=\"1507\" data-col-size=\"md\"><strong data-start=\"1465\" data-end=\"1487\">Hospital \/ Cl\u00ednica<\/strong><\/th>\n<th data-start=\"1507\" data-end=\"1526\" data-col-size=\"sm\"><strong data-start=\"1509\" data-end=\"1519\">Regi\u00e3o<\/strong><\/th>\n<th data-start=\"1526\" data-end=\"1546\" data-col-size=\"sm\"><strong data-start=\"1528\" data-end=\"1538\">Cidade<\/strong><\/th>\n<\/tr>\n<\/thead>\n<tbody data-start=\"1626\" data-end=\"2275\">\n<tr data-start=\"1626\" data-end=\"1706\">\n<td data-start=\"1626\" data-end=\"1670\" data-col-size=\"md\">Centro M\u00e9dico Rio Branco<\/td>\n<td data-start=\"1670\" data-end=\"1688\" data-col-size=\"sm\">Zona da Mata<\/td>\n<td data-start=\"1688\" data-end=\"1706\" data-col-size=\"sm\">Juiz de Fora<\/td>\n<\/tr>\n<tr data-start=\"1707\" data-end=\"1787\">\n<td data-start=\"1707\" data-end=\"1751\" data-col-size=\"md\">Hospital Monte Sinai<\/td>\n<td data-start=\"1751\" data-end=\"1769\" data-col-size=\"sm\">Zona da Mata<\/td>\n<td data-start=\"1769\" data-end=\"1787\" data-col-size=\"sm\">Juiz de Fora<\/td>\n<\/tr>\n<tr data-start=\"1788\" data-end=\"1867\">\n<td data-start=\"1788\" data-end=\"1833\" data-col-size=\"md\">Santa Casa de Miseric\u00f3rdia de Juiz de Fora<\/td>\n<td data-start=\"1833\" data-end=\"1849\" data-col-size=\"sm\">Zona da Mata<\/td>\n<td data-start=\"1849\" data-end=\"1867\" data-col-size=\"sm\">Juiz de Fora<\/td>\n<\/tr>\n<tr data-start=\"1868\" data-end=\"1949\">\n<td data-start=\"1868\" data-end=\"1913\" data-col-size=\"md\">Hospital Nove de Julho<\/td>\n<td data-start=\"1913\" data-end=\"1931\" data-col-size=\"sm\">Zona da Mata<\/td>\n<td data-start=\"1931\" data-end=\"1949\" data-col-size=\"sm\">Juiz de Fora<\/td>\n<\/tr>\n<tr data-start=\"1950\" data-end=\"2031\">\n<td data-start=\"1950\" data-end=\"1995\" data-col-size=\"md\">Hospital Evandro Ribeiro<\/td>\n<td data-start=\"1995\" data-end=\"2013\" data-col-size=\"sm\">Zona da Mata<\/td>\n<td data-start=\"2013\" data-end=\"2031\" data-col-size=\"sm\">Juiz de Fora<\/td>\n<\/tr>\n<tr data-start=\"2032\" data-end=\"2113\">\n<td data-start=\"2032\" data-end=\"2077\" data-col-size=\"md\">Cl\u00ednica Visi\u00f3n Ltda<\/td>\n<td data-start=\"2077\" data-end=\"2095\" data-col-size=\"sm\">Zona da Mata<\/td>\n<td data-start=\"2095\" data-end=\"2113\" data-col-size=\"sm\">Juiz de Fora<\/td>\n<\/tr>\n<tr data-start=\"2114\" data-end=\"2194\">\n<td data-start=\"2114\" data-end=\"2158\" data-col-size=\"md\">CEEO<\/td>\n<td data-start=\"2158\" data-end=\"2176\" data-col-size=\"sm\">Zona da Mata<\/td>\n<td data-start=\"2176\" data-end=\"2194\" data-col-size=\"sm\">Juiz de Fora<\/td>\n<\/tr>\n<tr data-start=\"2195\" data-end=\"2275\">\n<td data-start=\"2195\" data-end=\"2239\" data-col-size=\"md\">Cl\u00ednica de Olhos Dr. Antonio Gabriel<\/td>\n<td data-start=\"2239\" data-end=\"2257\" data-col-size=\"sm\">Zona da Mata<\/td>\n<td data-start=\"2257\" data-end=\"2275\" data-col-size=\"sm\">Juiz de Fora<\/td>\n<\/tr>\n<\/tbody>\n<\/table>\n<\/div>\n<\/div>\n<h2 data-start=\"2282\" data-end=\"2328\"><\/h2>\n<p><img loading=\"lazy\" decoding=\"async\" class=\"alignnone wp-image-34023 size-full\" title=\"Planos dispon\u00edveis para pessoas f\u00edsicas\" src=\"https:\/\/www.rotaseguros.com.br\/planosdesaude\/wp-content\/uploads\/2025\/12\/Planos-disponiveis-para-pessoas-fisicas.png\" alt=\"Planos dispon\u00edveis para pessoas f\u00edsicas\" width=\"800\" height=\"200\" srcset=\"https:\/\/www.rotaseguros.com.br\/planosdesaude\/wp-content\/uploads\/2025\/12\/Planos-disponiveis-para-pessoas-fisicas.png 800w, https:\/\/www.rotaseguros.com.br\/planosdesaude\/wp-content\/uploads\/2025\/12\/Planos-disponiveis-para-pessoas-fisicas-300x75.png 300w, https:\/\/www.rotaseguros.com.br\/planosdesaude\/wp-content\/uploads\/2025\/12\/Planos-disponiveis-para-pessoas-fisicas-768x192.png 768w\" sizes=\"auto, (max-width: 800px) 100vw, 800px\" \/><\/p>\n<p>&nbsp;<\/p>\n<p>&nbsp;<\/p>\n<h2 data-start=\"2282\" data-end=\"2328\"><span class=\"ez-toc-section\" id=\"Planos_Amil_disponiveis_em_Juiz_de_Fora\"><\/span>Planos Amil dispon\u00edveis em Juiz de Fora<span class=\"ez-toc-section-end\"><\/span><\/h2>\n<p data-start=\"2330\" data-end=\"2457\">A Amil oferece diferentes linhas de produtos empresariais, inclusive MEI, com op\u00e7\u00f5es para todos os perfis e necessidades. Entre os principais planos est\u00e3o:<\/p>\n<h3 data-start=\"2459\" data-end=\"2484\"><span class=\"ez-toc-section\" id=\"Linha_Selecionada\"><\/span>Linha Selecionada<span class=\"ez-toc-section-end\"><\/span><\/h3>\n<ul data-start=\"2485\" data-end=\"3095\">\n<li data-start=\"2485\" data-end=\"2649\">\n<p data-start=\"2487\" data-end=\"2649\"><strong data-start=\"2487\" data-end=\"2500\">Amil S380<\/strong>: cobertura nacional, acomoda\u00e7\u00e3o coletiva ou privativa, reembolso espec\u00edfico, coparticipa\u00e7\u00e3o 30% a 40%, telemedicina e acesso ao Amil Espa\u00e7o Sa\u00fade.<\/p>\n<\/li>\n<li data-start=\"2650\" data-end=\"2786\">\n<p data-start=\"2652\" data-end=\"2786\"><strong data-start=\"2652\" data-end=\"2665\">Amil S450<\/strong>: inclui reembolso ampliado, cirurgia oftalmol\u00f3gica refrativa, retaguarda em hospitais Samaritanos e coleta domiciliar.<\/p>\n<\/li>\n<li data-start=\"2787\" data-end=\"2943\">\n<p data-start=\"2789\" data-end=\"2943\"><strong data-start=\"2789\" data-end=\"2802\">Amil S750<\/strong>: plano completo com acomoda\u00e7\u00e3o privativa, reembolso diferenciado, escleroterapia (12 sess\u00f5es\/ano) e retaguarda em hospitais de excel\u00eancia.<\/p>\n<\/li>\n<\/ul>\n<h3 data-start=\"3097\" data-end=\"3124\"><span class=\"ez-toc-section\" id=\"Linha_Amil_Nacional\"><\/span>Linha Amil Nacional<span class=\"ez-toc-section-end\"><\/span><\/h3>\n<ul data-start=\"3125\" data-end=\"3605\">\n<li data-start=\"3125\" data-end=\"3253\">\n<p data-start=\"3127\" data-end=\"3253\"><strong data-start=\"3127\" data-end=\"3136\">Prata<\/strong>: cobertura nacional, acomoda\u00e7\u00e3o coletiva ou privativa, coparticipa\u00e7\u00e3o 30% a 40%, Amil Espa\u00e7o Sa\u00fade e telemedicina.<\/p>\n<\/li>\n<li data-start=\"3254\" data-end=\"3330\">\n<p data-start=\"3256\" data-end=\"3330\"><strong data-start=\"3256\" data-end=\"3264\">Ouro<\/strong>: benef\u00edcios ampliados em rela\u00e7\u00e3o ao Prata, incluindo reembolso.<\/p>\n<\/li>\n<li data-start=\"3331\" data-end=\"3449\">\n<p data-start=\"3333\" data-end=\"3449\"><strong data-start=\"3333\" data-end=\"3345\">Platinum<\/strong>: acomoda\u00e7\u00e3o privativa, reembolso diferenciado, retaguarda completa S\u00edrio-Liban\u00eas e coleta domiciliar.<\/p>\n<\/li>\n<li data-start=\"3450\" data-end=\"3605\">\n<p data-start=\"3452\" data-end=\"3605\"><strong data-start=\"3452\" data-end=\"3461\">Black<\/strong>: todos os benef\u00edcios do Amil One S2500, rede completa em hospitais Einstein, S\u00edrio-Liban\u00eas e Samaritanos, vacinas inclusas e cobertura premium.<\/p>\n<\/li>\n<\/ul>\n<h2 data-start=\"3612\" data-end=\"3674\"><\/h2>\n<h2 data-start=\"3612\" data-end=\"3674\"><span class=\"ez-toc-section\" id=\"Contratos_PME_solucoes_para_pequenas_e_medias_empresas\"><\/span>Contratos PME: solu\u00e7\u00f5es para pequenas e m\u00e9dias empresas<span class=\"ez-toc-section-end\"><\/span><\/h2>\n<p data-start=\"3676\" data-end=\"4023\">A Amil oferece solu\u00e7\u00f5es flex\u00edveis para empresas de 2 a 99 vidas, com condi\u00e7\u00f5es especiais para Microempreendedores Individuais (MEI), pequenas e m\u00e9dias empresas (PME). Com a <strong data-start=\"3849\" data-end=\"3905\">libera\u00e7\u00e3o da \u00e1rea de comercializa\u00e7\u00e3o em Juiz de Fora<\/strong>, os corretores e empresas da regi\u00e3o t\u00eam acesso a oportunidades completas e alinhadas ao <strong data-start=\"3994\" data-end=\"4022\">Manual de Vendas 2025.11<\/strong>.<\/p>\n<p data-start=\"4025\" data-end=\"4366\">Dependendo da modalidade escolhida \u2014 livre ades\u00e3o, contrata\u00e7\u00e3o compuls\u00f3ria ou tabelas espec\u00edficas para MEI \u2014 \u00e9 poss\u00edvel garantir pre\u00e7os competitivos e car\u00eancia reduzida ou at\u00e9 isenta. Empresas com 30 vidas ou mais podem contratar planos com <strong data-start=\"4266\" data-end=\"4295\">isen\u00e7\u00e3o total de car\u00eancia<\/strong>, facilitando o acesso imediato dos colaboradores aos servi\u00e7os m\u00e9dicos.<\/p>\n<h3 data-start=\"4368\" data-end=\"4411\"><span class=\"ez-toc-section\" id=\"Modalidades_de_contratacao_para_PME\"><\/span>Modalidades de contrata\u00e7\u00e3o para PME<span class=\"ez-toc-section-end\"><\/span><\/h3>\n<div class=\"_tableContainer_1rjym_1\">\n<div class=\"group _tableWrapper_1rjym_13 flex w-fit flex-col-reverse\" tabindex=\"-1\">\n<table class=\"w-fit min-w-(--thread-content-width)\" data-start=\"4413\" data-end=\"5162\">\n<thead data-start=\"4413\" data-end=\"4485\">\n<tr data-start=\"4413\" data-end=\"4485\">\n<th data-start=\"4413\" data-end=\"4436\" data-col-size=\"sm\"><strong data-start=\"4415\" data-end=\"4424\">Porte<\/strong><\/th>\n<th data-start=\"4436\" data-end=\"4466\" data-col-size=\"sm\"><strong data-start=\"4438\" data-end=\"4465\">N\u00famero de benefici\u00e1rios<\/strong><\/th>\n<th data-start=\"4466\" data-end=\"4485\" data-col-size=\"lg\"><strong data-start=\"4468\" data-end=\"4483\">Observa\u00e7\u00f5es<\/strong><\/th>\n<\/tr>\n<\/thead>\n<tbody data-start=\"4557\" data-end=\"5162\">\n<tr data-start=\"4557\" data-end=\"4708\">\n<td data-start=\"4557\" data-end=\"4581\" data-col-size=\"sm\">Porte I \u2013 MEI<\/td>\n<td data-start=\"4581\" data-end=\"4610\" data-col-size=\"sm\">2 a 29<\/td>\n<td data-start=\"4610\" data-end=\"4708\" data-col-size=\"lg\">Exclusivo para Microempreendedores Individuais; m\u00ednimo 2 benefici\u00e1rios (1 titular obrigat\u00f3rio)<\/td>\n<\/tr>\n<tr data-start=\"4709\" data-end=\"4845\">\n<td data-start=\"4709\" data-end=\"4737\" data-col-size=\"sm\">Porte I \u2013 Demais empresas<\/td>\n<td data-start=\"4737\" data-end=\"4762\" data-col-size=\"sm\">2 a 29<\/td>\n<td data-start=\"4762\" data-end=\"4845\" data-col-size=\"lg\">Para ME, EPP, CAEPF, Produtor Rural com CNPJ, LTDA, S\/A; m\u00ednimo 2 benefici\u00e1rios<\/td>\n<\/tr>\n<tr data-start=\"4846\" data-end=\"4963\">\n<td data-start=\"4846\" data-end=\"4872\" data-col-size=\"sm\">Porte II \u2013 Livre Ades\u00e3o<\/td>\n<td data-start=\"4872\" data-end=\"4899\" data-col-size=\"sm\">30 a 99<\/td>\n<td data-start=\"4899\" data-end=\"4963\" data-col-size=\"lg\">Para empresas que n\u00e3o contratam 100% dos s\u00f3cios\/funcion\u00e1rios<\/td>\n<\/tr>\n<tr data-start=\"4964\" data-end=\"5162\">\n<td data-start=\"4964\" data-end=\"4990\" data-col-size=\"sm\">Porte II \u2013 Compuls\u00f3ria<\/td>\n<td data-start=\"4990\" data-end=\"5017\" data-col-size=\"sm\">30 a 99<\/td>\n<td data-start=\"5017\" data-end=\"5162\" data-col-size=\"lg\">Inclus\u00e3o de 100% dos s\u00f3cios\/funcion\u00e1rios ou pelo menos 80% (at\u00e9 9 titulares) ou 90% (10+ titulares); pre\u00e7os competitivos; isen\u00e7\u00e3o de car\u00eancia<\/td>\n<\/tr>\n<\/tbody>\n<\/table>\n<\/div>\n<\/div>\n<h2 data-start=\"5363\" data-end=\"5404\"><\/h2>\n<p>&nbsp;<\/p>\n<p><img loading=\"lazy\" decoding=\"async\" class=\"alignnone wp-image-34024 size-full\" title=\"Benef\u00edcios Amil\" src=\"https:\/\/www.rotaseguros.com.br\/planosdesaude\/wp-content\/uploads\/2025\/12\/Beneficios-Amil.png\" alt=\"Benef\u00edcios Amil\" width=\"800\" height=\"200\" srcset=\"https:\/\/www.rotaseguros.com.br\/planosdesaude\/wp-content\/uploads\/2025\/12\/Beneficios-Amil.png 800w, https:\/\/www.rotaseguros.com.br\/planosdesaude\/wp-content\/uploads\/2025\/12\/Beneficios-Amil-300x75.png 300w, https:\/\/www.rotaseguros.com.br\/planosdesaude\/wp-content\/uploads\/2025\/12\/Beneficios-Amil-768x192.png 768w\" sizes=\"auto, (max-width: 800px) 100vw, 800px\" \/><\/p>\n<p>&nbsp;<\/p>\n<p>&nbsp;<\/p>\n<h2 data-start=\"5363\" data-end=\"5404\"><span class=\"ez-toc-section\" id=\"Beneficios_Amil\"><\/span>Benef\u00edcios Amil<span class=\"ez-toc-section-end\"><\/span><\/h2>\n<p data-start=\"5406\" data-end=\"5496\">Os clientes Amil contam com vantagens que tornam o cuidado cont\u00ednuo mais f\u00e1cil e seguro:<\/p>\n<ul data-start=\"5498\" data-end=\"5969\">\n<li data-start=\"5498\" data-end=\"5639\">\n<p data-start=\"5500\" data-end=\"5639\"><strong data-start=\"5500\" data-end=\"5521\">Amil Espa\u00e7o Sa\u00fade<\/strong>: acompanhamento com equipe multidisciplinar, foco em aten\u00e7\u00e3o prim\u00e1ria e isen\u00e7\u00e3o de coparticipa\u00e7\u00e3o conforme o plano.<\/p>\n<\/li>\n<li data-start=\"5640\" data-end=\"5729\">\n<p data-start=\"5642\" data-end=\"5729\"><strong data-start=\"5642\" data-end=\"5662\">Telemedicina 24h<\/strong>: consultas por v\u00eddeo, atendimentos de urg\u00eancia e especialidades.<\/p>\n<\/li>\n<li data-start=\"5730\" data-end=\"5834\">\n<p data-start=\"5732\" data-end=\"5834\"><strong data-start=\"5732\" data-end=\"5763\">Programa Primeiros Cuidados<\/strong>: suporte a gestantes e respons\u00e1veis at\u00e9 a crian\u00e7a completar 12 anos.<\/p>\n<\/li>\n<li data-start=\"5835\" data-end=\"5969\">\n<p data-start=\"5837\" data-end=\"5969\"><strong data-start=\"5837\" data-end=\"5862\">Desconto em farm\u00e1cias<\/strong>: at\u00e9 60% em redes como Drogarias S\u00e3o Paulo, Pacheco, Raia, Drogasil, Pague Menos, Extrafarma e Ven\u00e2ncio.<\/p>\n<\/li>\n<\/ul>\n<p data-start=\"5971\" data-end=\"6246\">Alguns planos ainda oferecem <strong data-start=\"6000\" data-end=\"6024\">coberturas avan\u00e7adas<\/strong>, como transplantes extra rol, cirurgia oftalmol\u00f3gica refrativa, escleroterapia anual e retaguarda com hospitais de excel\u00eancia, al\u00e9m de servi\u00e7os opcionais como <strong data-start=\"6184\" data-end=\"6206\">Amil Resgate Sa\u00fade<\/strong> e <strong data-start=\"6209\" data-end=\"6245\">Assist\u00eancia Viagem Internacional<\/strong>.<\/p>\n<h2 data-start=\"6253\" data-end=\"6286\"><\/h2>\n<h2 data-start=\"6253\" data-end=\"6286\"><span class=\"ez-toc-section\" id=\"Coparticipacao_e_carencias\"><\/span>Coparticipa\u00e7\u00e3o e car\u00eancias<span class=\"ez-toc-section-end\"><\/span><\/h2>\n<p data-start=\"6288\" data-end=\"6552\">A coparticipa\u00e7\u00e3o varia entre 30% e 40% por procedimento, com limites aplic\u00e1veis e isen\u00e7\u00e3o para terapias espec\u00edficas, conforme a categoria. Tamb\u00e9m existem modalidades parciais aplicadas em sess\u00f5es terap\u00eauticas, e benef\u00edcios tempor\u00e1rios de isen\u00e7\u00e3o em algumas linhas.<\/p>\n<p data-start=\"6554\" data-end=\"6896\">As car\u00eancias seguem os prazos tradicionais: consultas eletivas (30 dias), exames b\u00e1sicos e especiais (30 a 180 dias), interna\u00e7\u00f5es (180 dias) e obstetr\u00edcia (300 dias). Redu\u00e7\u00f5es s\u00e3o poss\u00edveis mediante apresenta\u00e7\u00e3o de carta de perman\u00eancia ou migra\u00e7\u00e3o entre planos da Amil, e empresas com 30 vidas ou mais podem ter <strong data-start=\"6866\" data-end=\"6895\">isen\u00e7\u00e3o total de car\u00eancia<\/strong>.<\/p>\n<h2 data-start=\"6903\" data-end=\"6930\"><\/h2>\n<h2 data-start=\"6903\" data-end=\"6930\"><span class=\"ez-toc-section\" id=\"Planos_odontologicos\"><\/span>Planos odontol\u00f3gicos<span class=\"ez-toc-section-end\"><\/span><\/h2>\n<p data-start=\"6932\" data-end=\"7175\">O <strong data-start=\"6934\" data-end=\"6959\">Amil Dental 100 Promo<\/strong> pode ser inclu\u00eddo gratuitamente por 12 meses na contrata\u00e7\u00e3o do plano m\u00e9dico. Com cobertura nacional, sem coparticipa\u00e7\u00e3o e todas as coberturas previstas pela ANS, o plano oferece prote\u00e7\u00e3o completa para a sa\u00fade bucal.<\/p>\n<p>&nbsp;<\/p>\n<h2><span class=\"ez-toc-section\" id=\"Sua_operadora_ideal\"><\/span>Sua operadora ideal<span class=\"ez-toc-section-end\"><\/span><\/h2>\n<p>&nbsp;<\/p>\n<p>Em Juiz de Fora e regi\u00e3o, al\u00e9m da Amil, voc\u00ea tamb\u00e9m encontra planos de sa\u00fade de operadoras como Bradesco Sa\u00fade, SulAm\u00e9rica e outras, oferecendo solu\u00e7\u00f5es variadas para diferentes perfis e necessidades. Com op\u00e7\u00f5es que v\u00e3o desde coberturas essenciais at\u00e9 planos completos, a Rota Seguros acompanha voc\u00ea em cada etapa, garantindo seguran\u00e7a, cuidado e tranquilidade na escolha do plano certo.<\/p>\n<p>&nbsp;<\/p>\n<p>&nbsp;<\/p>\n<p><img loading=\"lazy\" decoding=\"async\" class=\"alignnone wp-image-34025 size-full\" title=\"Como contratar a Amil em Juiz de Fora\" src=\"https:\/\/www.rotaseguros.com.br\/planosdesaude\/wp-content\/uploads\/2025\/12\/Como-contratar-a-Amil-em-Juiz-de-Fora.png\" alt=\"Como contratar a Amil em Juiz de Fora\" width=\"800\" height=\"200\" srcset=\"https:\/\/www.rotaseguros.com.br\/planosdesaude\/wp-content\/uploads\/2025\/12\/Como-contratar-a-Amil-em-Juiz-de-Fora.png 800w, https:\/\/www.rotaseguros.com.br\/planosdesaude\/wp-content\/uploads\/2025\/12\/Como-contratar-a-Amil-em-Juiz-de-Fora-300x75.png 300w, https:\/\/www.rotaseguros.com.br\/planosdesaude\/wp-content\/uploads\/2025\/12\/Como-contratar-a-Amil-em-Juiz-de-Fora-768x192.png 768w\" sizes=\"auto, (max-width: 800px) 100vw, 800px\" \/><\/p>\n<p>&nbsp;<\/p>\n<p>&nbsp;<\/p>\n<h2 data-start=\"7182\" data-end=\"7226\"><span class=\"ez-toc-section\" id=\"Como_contratar_seu_plano_em_Juiz_de_Fora\"><\/span>Como contratar seu plano em Juiz de Fora<span class=\"ez-toc-section-end\"><\/span><\/h2>\n<p data-start=\"119\" data-end=\"491\">A Rota Seguros \u00e9 a escolha ideal para voc\u00ea que deseja contratar um plano de sa\u00fade, independentemente da operadora que preferir. Conosco, voc\u00ea conta com seguran\u00e7a e tranquilidade, sabendo que est\u00e1 bem amparado em todas as etapas. Na Rota Seguros, o processo \u00e9 simplificado, com atendimento especializado, cota\u00e7\u00f5es personalizadas e suporte completo do in\u00edcio ao p\u00f3s-venda.<\/p>\n<p data-start=\"493\" data-end=\"872\">Operadoras como <strong>Amil, Bradesco Sa\u00fade e SulAm\u00e9rica se destacam em Juiz de Fora<\/strong> por sua tradi\u00e7\u00e3o, ampla rede credenciada e diversidade de planos e benef\u00edcios, atendendo desde quem busca op\u00e7\u00f5es acess\u00edveis at\u00e9 servi\u00e7os premium com cobertura nacional. Para escolher o plano ideal, conte com a Rota Seguros!<\/p>\n<p data-start=\"5365\" data-end=\"5663\">Entre em contato e solicite sua cota\u00e7\u00e3o personalizada!<\/p>\n<p>Belo Horizonte \u2013 MG:\u00a0<a href=\"https:\/\/www.rotaseguros.com.br\/index.html\">0800 024 24 24<\/a><\/p>\n","protected":false},"excerpt":{"rendered":"<p><span class=\"span-reading-time rt-reading-time\" style=\"display: block;\"><span class=\"rt-label rt-prefix\">Reading Time: <\/span> <span class=\"rt-time\"> 5<\/span> <span class=\"rt-label rt-postfix\">minutes<\/span><\/span>A Amil est\u00e1 de volta a Juiz de Fora e regi\u00e3o! Uma das maiores e mais tradicionais operadoras de sa\u00fade do Brasil retorna trazendo toda a qualidade, seguran\u00e7a e atendimento &#8230;<\/p>\n","protected":false},"author":36,"featured_media":34021,"comment_status":"open","ping_status":"open","sticky":false,"template":"","format":"standard","meta":{"_monsterinsights_skip_tracking":false,"_monsterinsights_sitenote_active":false,"_monsterinsights_sitenote_note":"","_monsterinsights_sitenote_category":0,"footnotes":"","_links_to":"","_links_to_target":""},"categories":[3,12,27,33,1005],"tags":[102,4183,4185,41,4184,4186],"class_list":["post-34014","post","type-post","status-publish","format-standard","has-post-thumbnail","hentry","category-amil","category-noticias","category-plano-de-saude","category-rota-seguros","category-saude","tag-amil-dental","tag-amil-juiz-de-fora","tag-amil-pme","tag-planos-de-saude","tag-planos-de-saude-amil","tag-rede-credenciada-amil"],"_links":{"self":[{"href":"https:\/\/www.rotaseguros.com.br\/planosdesaude\/wp-json\/wp\/v2\/posts\/34014","targetHints":{"allow":["GET"]}}],"collection":[{"href":"https:\/\/www.rotaseguros.com.br\/planosdesaude\/wp-json\/wp\/v2\/posts"}],"about":[{"href":"https:\/\/www.rotaseguros.com.br\/planosdesaude\/wp-json\/wp\/v2\/types\/post"}],"author":[{"embeddable":true,"href":"https:\/\/www.rotaseguros.com.br\/planosdesaude\/wp-json\/wp\/v2\/users\/36"}],"replies":[{"embeddable":true,"href":"https:\/\/www.rotaseguros.com.br\/planosdesaude\/wp-json\/wp\/v2\/comments?post=34014"}],"version-history":[{"count":6,"href":"https:\/\/www.rotaseguros.com.br\/planosdesaude\/wp-json\/wp\/v2\/posts\/34014\/revisions"}],"predecessor-version":[{"id":34030,"href":"https:\/\/www.rotaseguros.com.br\/planosdesaude\/wp-json\/wp\/v2\/posts\/34014\/revisions\/34030"}],"wp:featuredmedia":[{"embeddable":true,"href":"https:\/\/www.rotaseguros.com.br\/planosdesaude\/wp-json\/wp\/v2\/media\/34021"}],"wp:attachment":[{"href":"https:\/\/www.rotaseguros.com.br\/planosdesaude\/wp-json\/wp\/v2\/media?parent=34014"}],"wp:term":[{"taxonomy":"category","embeddable":true,"href":"https:\/\/www.rotaseguros.com.br\/planosdesaude\/wp-json\/wp\/v2\/categories?post=34014"},{"taxonomy":"post_tag","embeddable":true,"href":"https:\/\/www.rotaseguros.com.br\/planosdesaude\/wp-json\/wp\/v2\/tags?post=34014"}],"curies":[{"name":"wp","href":"https:\/\/api.w.org\/{rel}","templated":true}]}}