{"id":34040,"date":"2025-12-15T08:29:32","date_gmt":"2025-12-15T11:29:32","guid":{"rendered":"https:\/\/www.rotaseguros.com.br\/planosdesaude\/?p=34040"},"modified":"2025-12-15T08:29:32","modified_gmt":"2025-12-15T11:29:32","slug":"alimentacao-fit-natalina","status":"publish","type":"post","link":"https:\/\/www.rotaseguros.com.br\/planosdesaude\/alimentacao-fit-natalina\/","title":{"rendered":"Alimenta\u00e7\u00e3o saud\u00e1vel no fim de ano: dicas e receita fit"},"content":{"rendered":"<span class=\"span-reading-time rt-reading-time\" style=\"display: block;\"><span class=\"rt-label rt-prefix\">Reading Time: <\/span> <span class=\"rt-time\"> 4<\/span> <span class=\"rt-label rt-postfix\">minutes<\/span><\/span><p data-start=\"543\" data-end=\"831\">O fim de ano \u00e9 um per\u00edodo marcado por celebra\u00e7\u00f5es, encontros, viagens e, claro, mesas fartas. \u00c9 comum que a alimenta\u00e7\u00e3o fique mais cal\u00f3rica, mais gordurosa e menos equilibrada \u2014 e isso pode refletir no corpo com incha\u00e7o, desconforto gastrointestinal, cansa\u00e7o e at\u00e9 desregula\u00e7\u00e3o do sono.<\/p><div id=\"ez-toc-container\" class=\"ez-toc-v2_0_82_2 counter-flat ez-toc-counter ez-toc-grey ez-toc-container-direction\">\n<div class=\"ez-toc-title-container\">\n<p class=\"ez-toc-title\" style=\"cursor:inherit\">Aqui voc\u00ea encontra:<\/p>\n<span class=\"ez-toc-title-toggle\"><a href=\"#\" class=\"ez-toc-pull-right ez-toc-btn ez-toc-btn-xs ez-toc-btn-default ez-toc-toggle\" aria-label=\"Alternar tabela de conte\u00fado\"><span class=\"ez-toc-js-icon-con\"><span class=\"\"><span class=\"eztoc-hide\" style=\"display:none;\">Toggle<\/span><span class=\"ez-toc-icon-toggle-span\"><svg style=\"fill: #999;color:#999\" xmlns=\"http:\/\/www.w3.org\/2000\/svg\" class=\"list-377408\" width=\"20px\" height=\"20px\" viewBox=\"0 0 24 24\" fill=\"none\"><path d=\"M6 6H4v2h2V6zm14 0H8v2h12V6zM4 11h2v2H4v-2zm16 0H8v2h12v-2zM4 16h2v2H4v-2zm16 0H8v2h12v-2z\" fill=\"currentColor\"><\/path><\/svg><svg style=\"fill: #999;color:#999\" class=\"arrow-unsorted-368013\" xmlns=\"http:\/\/www.w3.org\/2000\/svg\" width=\"10px\" height=\"10px\" viewBox=\"0 0 24 24\" version=\"1.2\" baseProfile=\"tiny\"><path d=\"M18.2 9.3l-6.2-6.3-6.2 6.3c-.2.2-.3.4-.3.7s.1.5.3.7c.2.2.4.3.7.3h11c.3 0 .5-.1.7-.3.2-.2.3-.5.3-.7s-.1-.5-.3-.7zM5.8 14.7l6.2 6.3 6.2-6.3c.2-.2.3-.5.3-.7s-.1-.5-.3-.7c-.2-.2-.4-.3-.7-.3h-11c-.3 0-.5.1-.7.3-.2.2-.3.5-.3.7s.1.5.3.7z\"\/><\/svg><\/span><\/span><\/span><\/a><\/span><\/div>\n<nav><ul class='ez-toc-list ez-toc-list-level-1 ' ><li class='ez-toc-page-1'><a class=\"ez-toc-link ez-toc-heading-1\" href=\"https:\/\/www.rotaseguros.com.br\/planosdesaude\/alimentacao-fit-natalina\/#Por_que_o_fim_de_ano_exige_atencao_extra_com_a_alimentacao\" >Por que o fim de ano exige aten\u00e7\u00e3o extra com a alimenta\u00e7\u00e3o?<\/a><\/li><li class='ez-toc-page-1'><a class=\"ez-toc-link ez-toc-heading-2\" href=\"https:\/\/www.rotaseguros.com.br\/planosdesaude\/alimentacao-fit-natalina\/#Como_manter_uma_alimentacao_equilibrada_nas_festas\" >Como manter uma alimenta\u00e7\u00e3o equilibrada nas festas?<\/a><\/li><li class='ez-toc-page-1'><a class=\"ez-toc-link ez-toc-heading-3\" href=\"https:\/\/www.rotaseguros.com.br\/planosdesaude\/alimentacao-fit-natalina\/#Receita_fit_natalina_rabanada_assada_com_canela_e_mel\" >Receita fit natalina: rabanada assada com canela e mel<\/a><\/li><li class='ez-toc-page-1'><a class=\"ez-toc-link ez-toc-heading-4\" href=\"https:\/\/www.rotaseguros.com.br\/planosdesaude\/alimentacao-fit-natalina\/#Dicas_praticas_para_aproveitar_as_festas_sem_culpa\" >Dicas pr\u00e1ticas para aproveitar as festas sem culpa<\/a><\/li><li class='ez-toc-page-1'><a class=\"ez-toc-link ez-toc-heading-5\" href=\"https:\/\/www.rotaseguros.com.br\/planosdesaude\/alimentacao-fit-natalina\/#Como_a_saude_pode_ser_impactada_pelos_excessos\" >Como a sa\u00fade pode ser impactada pelos excessos?<\/a><\/li><li class='ez-toc-page-1'><a class=\"ez-toc-link ez-toc-heading-6\" href=\"https:\/\/www.rotaseguros.com.br\/planosdesaude\/alimentacao-fit-natalina\/#Comer_bem_e_uma_forma_de_autocuidado\" >Comer bem \u00e9 uma forma de autocuidado!<\/a><\/li><\/ul><\/nav><\/div>\n\n<p data-start=\"833\" data-end=\"1095\">Entretanto, manter uma <strong data-start=\"856\" data-end=\"880\">alimenta\u00e7\u00e3o saud\u00e1vel<\/strong> durante as festas n\u00e3o significa abrir m\u00e3o do sabor ou das tradi\u00e7\u00f5es. O segredo est\u00e1 no equil\u00edbrio: pequenas escolhas inteligentes ajudam a manter o bem-estar sem transformar o per\u00edodo festivo em um motivo de culpa.<\/p>\n<p data-start=\"1097\" data-end=\"1314\">Com algumas estrat\u00e9gias simples e uma boa organiza\u00e7\u00e3o, \u00e9 poss\u00edvel aproveitar o fim de ano com leveza e sa\u00fade \u2014 e ainda incluir prepara\u00e7\u00f5es deliciosas, como uma <strong data-start=\"1257\" data-end=\"1281\">receita fit natalina<\/strong> para compartilhar com a fam\u00edlia.<\/p>\n<p data-start=\"1097\" data-end=\"1314\"><img loading=\"lazy\" decoding=\"async\" class=\"alignnone wp-image-34044 size-full\" title=\"Por que o fim de ano exige aten\u00e7\u00e3o extra com a alimenta\u00e7\u00e3o?\" src=\"https:\/\/www.rotaseguros.com.br\/planosdesaude\/wp-content\/uploads\/2025\/12\/Por-que-o-fim-de-ano-exige-atencao-extra-com-a-alimentacao.png\" alt=\"Por que o fim de ano exige aten\u00e7\u00e3o extra com a alimenta\u00e7\u00e3o?\" width=\"800\" height=\"200\" srcset=\"https:\/\/www.rotaseguros.com.br\/planosdesaude\/wp-content\/uploads\/2025\/12\/Por-que-o-fim-de-ano-exige-atencao-extra-com-a-alimentacao.png 800w, https:\/\/www.rotaseguros.com.br\/planosdesaude\/wp-content\/uploads\/2025\/12\/Por-que-o-fim-de-ano-exige-atencao-extra-com-a-alimentacao-300x75.png 300w, https:\/\/www.rotaseguros.com.br\/planosdesaude\/wp-content\/uploads\/2025\/12\/Por-que-o-fim-de-ano-exige-atencao-extra-com-a-alimentacao-768x192.png 768w\" sizes=\"auto, (max-width: 800px) 100vw, 800px\" \/><\/p>\n<h2 data-start=\"1321\" data-end=\"1387\"><span class=\"ez-toc-section\" id=\"Por_que_o_fim_de_ano_exige_atencao_extra_com_a_alimentacao\"><\/span>Por que o fim de ano exige aten\u00e7\u00e3o extra com a alimenta\u00e7\u00e3o?<span class=\"ez-toc-section-end\"><\/span><\/h2>\n<p data-start=\"1389\" data-end=\"1628\">As celebra\u00e7\u00f5es multiplicam a oferta de alimentos ricos em<strong> a\u00e7\u00facar, gordura e <a href=\"https:\/\/pt.wikipedia.org\/wiki\/S%C3%B3dio\" target=\"_blank\" rel=\"noopener\">s\u00f3dio<\/a>.<\/strong> Al\u00e9m disso, longos per\u00edodos sentado, estresse acumulado e redu\u00e7\u00e3o da rotina de exerc\u00edcios contribuem para a sensa\u00e7\u00e3o de cansa\u00e7o e desregula\u00e7\u00e3o intestinal.<\/p>\n<p data-start=\"1630\" data-end=\"1895\">Outro fator importante \u00e9 o aumento do consumo de bebidas alco\u00f3licas, que desidrata o corpo e <strong>afeta diretamente o f\u00edgado, o sono e a qualidade da digest\u00e3o.<\/strong> Somado a isso, noites mais curtas e agendas cheias levam muitas pessoas a negligenciar refei\u00e7\u00f5es equilibradas.<\/p>\n<p data-start=\"1897\" data-end=\"2006\">Por isso, adotar h\u00e1bitos saud\u00e1veis durante o per\u00edodo n\u00e3o deve ser visto como restri\u00e7\u00e3o, mas como autocuidado.<\/p>\n<h2 data-start=\"2013\" data-end=\"2071\"><span class=\"ez-toc-section\" id=\"Como_manter_uma_alimentacao_equilibrada_nas_festas\"><\/span>Como manter uma alimenta\u00e7\u00e3o equilibrada nas festas?<span class=\"ez-toc-section-end\"><\/span><\/h2>\n<p data-start=\"2073\" data-end=\"2398\">Mesmo com pratos tradicionais e sobremesas tentadoras, \u00e9 poss\u00edvel manter o equil\u00edbrio alimentar por meio de escolhas inteligentes. Priorizar prote\u00ednas magras, incluir frutas nas sobremesas, aumentar o consumo de \u00e1gua e apostar em prepara\u00e7\u00f5es mais leves s\u00e3o atitudes que preservam a sa\u00fade sem diminuir o prazer gastron\u00f4mico.<\/p>\n<p data-start=\"2400\" data-end=\"2572\">Al\u00e9m disso, fazer<strong> pequenas pausas entre refei\u00e7\u00f5es<\/strong>, alternar bebidas alco\u00f3licas com \u00e1gua e evitar longos per\u00edodos de jejum podem evitar picos de fome e exageros alimentares.<\/p>\n<p data-start=\"2574\" data-end=\"2685\">Essas estrat\u00e9gias melhoram a digest\u00e3o, reduzem desconfortos e ainda contribuem para um in\u00edcio de ano mais leve.<\/p>\n<p data-start=\"2574\" data-end=\"2685\"><img loading=\"lazy\" decoding=\"async\" class=\"alignnone wp-image-34045 size-full\" title=\"Receita fit natalina: rabanada assada com canela e mel\" src=\"https:\/\/www.rotaseguros.com.br\/planosdesaude\/wp-content\/uploads\/2025\/12\/Receita-fit-natalina_-rabanada-assada-com-canela-e-mel.png\" alt=\"Receita fit natalina: rabanada assada com canela e mel\" width=\"800\" height=\"200\" srcset=\"https:\/\/www.rotaseguros.com.br\/planosdesaude\/wp-content\/uploads\/2025\/12\/Receita-fit-natalina_-rabanada-assada-com-canela-e-mel.png 800w, https:\/\/www.rotaseguros.com.br\/planosdesaude\/wp-content\/uploads\/2025\/12\/Receita-fit-natalina_-rabanada-assada-com-canela-e-mel-300x75.png 300w, https:\/\/www.rotaseguros.com.br\/planosdesaude\/wp-content\/uploads\/2025\/12\/Receita-fit-natalina_-rabanada-assada-com-canela-e-mel-768x192.png 768w\" sizes=\"auto, (max-width: 800px) 100vw, 800px\" \/><\/p>\n<h2 data-start=\"2692\" data-end=\"2755\"><span class=\"ez-toc-section\" id=\"Receita_fit_natalina_rabanada_assada_com_canela_e_mel\"><\/span>Receita fit natalina: rabanada assada com canela e mel<span class=\"ez-toc-section-end\"><\/span><\/h2>\n<p data-start=\"2787\" data-end=\"2806\"><strong data-start=\"2787\" data-end=\"2804\">Ingredientes:<\/strong><\/p>\n<ol>\n<li data-start=\"2810\" data-end=\"2862\">4 fatias grossas de p\u00e3o integral ou p\u00e3o amanhecido<\/li>\n<li data-start=\"2866\" data-end=\"2874\">2 ovos<\/li>\n<li data-start=\"2878\" data-end=\"2914\">120 ml de leite (pode ser vegetal)<\/li>\n<li data-start=\"2918\" data-end=\"2959\">1 colher de ch\u00e1 de ess\u00eancia de baunilha<\/li>\n<li data-start=\"2963\" data-end=\"2985\">Canela em p\u00f3 a gosto<\/li>\n<li data-start=\"2989\" data-end=\"3029\">1 colher de sopa de mel para finalizar<\/li>\n<\/ol>\n<p data-start=\"3031\" data-end=\"3053\"><strong data-start=\"3031\" data-end=\"3051\">Modo de preparo:<\/strong><\/p>\n<ul>\n<li data-start=\"3057\" data-end=\"3097\">Misture os ovos, o leite e a baunilha.<\/li>\n<li data-start=\"3101\" data-end=\"3149\">Passe rapidamente as fatias de p\u00e3o na mistura.<\/li>\n<li data-start=\"3153\" data-end=\"3206\">Disponha em uma assadeira untada e polvilhe canela.<\/li>\n<li data-start=\"3210\" data-end=\"3306\">Leve ao forno preaquecido a 200 \u00b0C por aproximadamente 15 minutos, virando na metade do tempo.<\/li>\n<li data-start=\"3310\" data-end=\"3355\">Finalize com um fio de mel antes de servir.<\/li>\n<\/ul>\n<p data-start=\"3357\" data-end=\"3571\">Essa vers\u00e3o \u00e9 muito mais leve do que a rabanada tradicional, pois n\u00e3o \u00e9 frita e utiliza ingredientes de melhor qualidade nutricional \u2014 perfeita para manter o sabor caracter\u00edstico do Natal sem exagerar nas calorias.<\/p>\n<p data-start=\"3357\" data-end=\"3571\"><img loading=\"lazy\" decoding=\"async\" class=\"alignnone wp-image-34042 size-full\" title=\"Comer bem \u00e9 uma forma de autocuidado!\" src=\"https:\/\/www.rotaseguros.com.br\/planosdesaude\/wp-content\/uploads\/2025\/12\/Comer-bem-e-uma-forma-de-autocuidado.png\" alt=\"Comer bem \u00e9 uma forma de autocuidado!\" width=\"800\" height=\"200\" srcset=\"https:\/\/www.rotaseguros.com.br\/planosdesaude\/wp-content\/uploads\/2025\/12\/Comer-bem-e-uma-forma-de-autocuidado.png 800w, https:\/\/www.rotaseguros.com.br\/planosdesaude\/wp-content\/uploads\/2025\/12\/Comer-bem-e-uma-forma-de-autocuidado-300x75.png 300w, https:\/\/www.rotaseguros.com.br\/planosdesaude\/wp-content\/uploads\/2025\/12\/Comer-bem-e-uma-forma-de-autocuidado-768x192.png 768w\" sizes=\"auto, (max-width: 800px) 100vw, 800px\" \/><\/p>\n<h2 data-start=\"3578\" data-end=\"3635\"><span class=\"ez-toc-section\" id=\"Dicas_praticas_para_aproveitar_as_festas_sem_culpa\"><\/span>Dicas pr\u00e1ticas para aproveitar as festas sem culpa<span class=\"ez-toc-section-end\"><\/span><\/h2>\n<p data-start=\"3637\" data-end=\"3886\">Uma forma eficaz de equilibrar o consumo <strong>\u00e9 alternar pratos mais cal\u00f3ricos com op\u00e7\u00f5es leves.<\/strong> Por exemplo: saladas coloridas ao lado do peru ou do peixe, frutas frescas como sobremesa alternativa e bebidas a\u00e7ucaradas substitu\u00eddas por \u00e1gua aromatizada.<\/p>\n<p data-start=\"3888\" data-end=\"4152\">Outra estrat\u00e9gia \u00e9<strong> preparar-se antes da ceia<\/strong>: realizar refei\u00e7\u00f5es leves ao longo do dia evita chegar faminto \u00e0 mesa e exagerar nas quantidades. Pequenas caminhadas entre os eventos tamb\u00e9m ajudam a digest\u00e3o e reduzem o incha\u00e7o \u2014 um cuidado simples, mas muito eficaz. O importante \u00e9 evitar dietas extremamente restritivas, que costumam gerar efeito rebote e prejudicar a rela\u00e7\u00e3o com a comida.<\/p>\n<h2 data-start=\"4285\" data-end=\"4339\"><span class=\"ez-toc-section\" id=\"Como_a_saude_pode_ser_impactada_pelos_excessos\"><\/span>Como a sa\u00fade pode ser impactada pelos excessos?<span class=\"ez-toc-section-end\"><\/span><\/h2>\n<p data-start=\"4341\" data-end=\"4585\">Exageros na alimenta\u00e7\u00e3o ocasionais fazem parte da vida, mas quando se tornam frequentes durante as festas, podem desencadear desconfortos como <strong>refluxo, azia, reten\u00e7\u00e3o de l\u00edquidos, cansa\u00e7o p\u00f3s-prandial e eleva\u00e7\u00e3o de glicemia em pessoas sens\u00edveis.<\/strong><\/p>\n<p data-start=\"4587\" data-end=\"4782\">Para quem possui condi\u00e7\u00f5es cr\u00f4nicas, como diabetes, hipertens\u00e3o ou colesterol alto, a aten\u00e7\u00e3o deve ser redobrada. O equil\u00edbrio \u00e9 fundamental para evitar picos metab\u00f3licos e preservar o bem-estar.<\/p>\n<p data-start=\"4784\" data-end=\"4911\">A hidrata\u00e7\u00e3o tamb\u00e9m desempenha papel importante: \u00e1gua insuficiente pode potencializar incha\u00e7o, dor de cabe\u00e7a e mal-estar geral.<\/p>\n<p data-start=\"4784\" data-end=\"4911\"><img loading=\"lazy\" decoding=\"async\" class=\"alignnone wp-image-34043 size-full\" title=\"Dicas pr\u00e1ticas para aproveitar as festas sem culpa\" src=\"https:\/\/www.rotaseguros.com.br\/planosdesaude\/wp-content\/uploads\/2025\/12\/Dicas-praticas-para-aproveitar-as-festas-sem-culpa.png\" alt=\"Dicas pr\u00e1ticas para aproveitar as festas sem culpa\" width=\"800\" height=\"200\" srcset=\"https:\/\/www.rotaseguros.com.br\/planosdesaude\/wp-content\/uploads\/2025\/12\/Dicas-praticas-para-aproveitar-as-festas-sem-culpa.png 800w, https:\/\/www.rotaseguros.com.br\/planosdesaude\/wp-content\/uploads\/2025\/12\/Dicas-praticas-para-aproveitar-as-festas-sem-culpa-300x75.png 300w, https:\/\/www.rotaseguros.com.br\/planosdesaude\/wp-content\/uploads\/2025\/12\/Dicas-praticas-para-aproveitar-as-festas-sem-culpa-768x192.png 768w\" sizes=\"auto, (max-width: 800px) 100vw, 800px\" \/><\/p>\n<h2 data-start=\"4918\" data-end=\"4997\"><span class=\"ez-toc-section\" id=\"Comer_bem_e_uma_forma_de_autocuidado\"><\/span>Comer bem \u00e9 uma forma de autocuidado!<span class=\"ez-toc-section-end\"><\/span><\/h2>\n<p data-start=\"4999\" data-end=\"5246\">Manter uma alimenta\u00e7\u00e3o equilibrada no fim de ano contribui para uma transi\u00e7\u00e3o mais saud\u00e1vel para o novo ciclo. Consultas, exames, orienta\u00e7\u00f5es nutricionais e acompanhamento m\u00e9dico s\u00e3o fundamentais para quem deseja cuidar do corpo de maneira constante.<\/p>\n<p data-start=\"5248\" data-end=\"5457\">Com um <strong data-start=\"5255\" data-end=\"5273\">plano de sa\u00fade<\/strong>, esse cuidado se torna muito mais acess\u00edvel. A <strong data-start=\"5321\" data-end=\"5337\">Rota Seguros<\/strong> ajuda voc\u00ea a encontrar a op\u00e7\u00e3o ideal para acompanhar seu bem-estar durante todo o ano \u2014 inclusive no per\u00edodo de festas.<\/p>\n<p data-start=\"5248\" data-end=\"5457\">Leia tamb\u00e9m o blog sobre <strong><a href=\"https:\/\/www.rotaseguros.com.br\/planosdesaude\/bebidas-alcoolicas-fim-do-ano\/\">como reduzir os danos das bebidas alco\u00f3licas no final do ano!<\/a><\/strong><\/p>\n<p data-start=\"5248\" data-end=\"5457\"><strong>Fa\u00e7a sua cota\u00e7\u00e3o com a Rota e comece 2026 com mais sa\u00fade:<\/strong><\/p>\n<p>Belo Horizonte \u2013 MG: 0800 024 24 24<\/p>\n<p>Colatina \u2013 ES: (27) 3121-9393<\/p>\n<p>Londrina \u2013 PR: (43) 3233-2096<\/p>\n<p>Uberl\u00e2ndia \u2013 MG: (34) 3291-9300<\/p>\n<p>Cascavel \u2013 PR: (45) 2101-9406<\/p>\n<p>Curitiba \u2013 PR: (41) 3596-0365<\/p>\n<p>Maring\u00e1 \u2013 PR: (44) 2103-6720<\/p>\n<p>Vit\u00f3ria \u2013 ES: (27) 2233-3020<\/p>\n<p>Caxias do Sul \u2013 RS: (54) 2991-8270<\/p>\n<p>Divin\u00f3polis \u2013 MG: (37) 3511-3030<\/p>\n<p>Po\u00e7os de Caldas \u2013 MG:\u00a0(35)\u00a03713-2531<\/p>\n","protected":false},"excerpt":{"rendered":"<p><span class=\"span-reading-time rt-reading-time\" style=\"display: block;\"><span class=\"rt-label rt-prefix\">Reading Time: <\/span> <span class=\"rt-time\"> 4<\/span> <span class=\"rt-label rt-postfix\">minutes<\/span><\/span>O fim de ano \u00e9 um per\u00edodo marcado por celebra\u00e7\u00f5es, encontros, viagens e, claro, mesas fartas. \u00c9 comum que a alimenta\u00e7\u00e3o fique mais cal\u00f3rica, mais gordurosa e menos equilibrada \u2014 &#8230;<\/p>\n","protected":false},"author":37,"featured_media":34041,"comment_status":"open","ping_status":"open","sticky":false,"template":"","format":"standard","meta":{"_monsterinsights_skip_tracking":false,"_monsterinsights_sitenote_active":false,"_monsterinsights_sitenote_note":"","_monsterinsights_sitenote_category":0,"footnotes":"","_links_to":"","_links_to_target":""},"categories":[33,1005],"tags":[1344,2373,686,1228,4133,2747,4191,132,1343,1235,4190,48,1127],"class_list":["post-34040","post","type-post","status-publish","format-standard","has-post-thumbnail","hentry","category-rota-seguros","category-saude","tag-alimentacao-saudavel","tag-ano-novo","tag-bem-estar","tag-emagrecimento","tag-fim-de-ano","tag-habitos-saudaveis","tag-natal","tag-plano-de-saude","tag-prevencao","tag-qualidade-de-vida","tag-receita-fit-natalina","tag-rota-seguros-2","tag-saude"],"_links":{"self":[{"href":"https:\/\/www.rotaseguros.com.br\/planosdesaude\/wp-json\/wp\/v2\/posts\/34040","targetHints":{"allow":["GET"]}}],"collection":[{"href":"https:\/\/www.rotaseguros.com.br\/planosdesaude\/wp-json\/wp\/v2\/posts"}],"about":[{"href":"https:\/\/www.rotaseguros.com.br\/planosdesaude\/wp-json\/wp\/v2\/types\/post"}],"author":[{"embeddable":true,"href":"https:\/\/www.rotaseguros.com.br\/planosdesaude\/wp-json\/wp\/v2\/users\/37"}],"replies":[{"embeddable":true,"href":"https:\/\/www.rotaseguros.com.br\/planosdesaude\/wp-json\/wp\/v2\/comments?post=34040"}],"version-history":[{"count":2,"href":"https:\/\/www.rotaseguros.com.br\/planosdesaude\/wp-json\/wp\/v2\/posts\/34040\/revisions"}],"predecessor-version":[{"id":34047,"href":"https:\/\/www.rotaseguros.com.br\/planosdesaude\/wp-json\/wp\/v2\/posts\/34040\/revisions\/34047"}],"wp:featuredmedia":[{"embeddable":true,"href":"https:\/\/www.rotaseguros.com.br\/planosdesaude\/wp-json\/wp\/v2\/media\/34041"}],"wp:attachment":[{"href":"https:\/\/www.rotaseguros.com.br\/planosdesaude\/wp-json\/wp\/v2\/media?parent=34040"}],"wp:term":[{"taxonomy":"category","embeddable":true,"href":"https:\/\/www.rotaseguros.com.br\/planosdesaude\/wp-json\/wp\/v2\/categories?post=34040"},{"taxonomy":"post_tag","embeddable":true,"href":"https:\/\/www.rotaseguros.com.br\/planosdesaude\/wp-json\/wp\/v2\/tags?post=34040"}],"curies":[{"name":"wp","href":"https:\/\/api.w.org\/{rel}","templated":true}]}}