{"id":34065,"date":"2026-01-26T09:52:25","date_gmt":"2026-01-26T12:52:25","guid":{"rendered":"https:\/\/www.rotaseguros.com.br\/planosdesaude\/?p=34065"},"modified":"2026-01-26T09:52:25","modified_gmt":"2026-01-26T12:52:25","slug":"hanseniase-combate","status":"publish","type":"post","link":"https:\/\/www.rotaseguros.com.br\/planosdesaude\/hanseniase-combate\/","title":{"rendered":"Hansen\u00edase: Dia Nacional de Combate e Preven\u00e7\u00e3o"},"content":{"rendered":"<span class=\"span-reading-time rt-reading-time\" style=\"display: block;\"><span class=\"rt-label rt-prefix\">Reading Time: <\/span> <span class=\"rt-time\"> 3<\/span> <span class=\"rt-label rt-postfix\">minutes<\/span><\/span><p data-start=\"97\" data-end=\"575\">O dia <strong data-start=\"103\" data-end=\"120\">26 de janeiro<\/strong> marca o <strong data-start=\"129\" data-end=\"182\">Dia Nacional de Combate e Preven\u00e7\u00e3o da Hansen\u00edase<\/strong>, uma data criada para refor\u00e7ar a import\u00e2ncia do diagn\u00f3stico precoce, combater o estigma e incentivar o tratamento adequado. Embora muitas pessoas acreditem que a hansen\u00edase seja uma doen\u00e7a antiga e praticamente erradicada, ela segue sendo uma quest\u00e3o de sa\u00fade p\u00fablica no Brasil, com milhares de novos casos registrados anualmente. Conhecimento \u00e9 uma ferramenta poderosa \u2014 e pode salvar vidas.<\/p><div id=\"ez-toc-container\" class=\"ez-toc-v2_0_82_2 counter-flat ez-toc-counter ez-toc-grey ez-toc-container-direction\">\n<div class=\"ez-toc-title-container\">\n<p class=\"ez-toc-title\" style=\"cursor:inherit\">Aqui voc\u00ea encontra:<\/p>\n<span class=\"ez-toc-title-toggle\"><a href=\"#\" class=\"ez-toc-pull-right ez-toc-btn ez-toc-btn-xs ez-toc-btn-default ez-toc-toggle\" aria-label=\"Alternar tabela de conte\u00fado\"><span class=\"ez-toc-js-icon-con\"><span class=\"\"><span class=\"eztoc-hide\" style=\"display:none;\">Toggle<\/span><span class=\"ez-toc-icon-toggle-span\"><svg style=\"fill: #999;color:#999\" xmlns=\"http:\/\/www.w3.org\/2000\/svg\" class=\"list-377408\" width=\"20px\" height=\"20px\" viewBox=\"0 0 24 24\" fill=\"none\"><path d=\"M6 6H4v2h2V6zm14 0H8v2h12V6zM4 11h2v2H4v-2zm16 0H8v2h12v-2zM4 16h2v2H4v-2zm16 0H8v2h12v-2z\" fill=\"currentColor\"><\/path><\/svg><svg style=\"fill: #999;color:#999\" class=\"arrow-unsorted-368013\" xmlns=\"http:\/\/www.w3.org\/2000\/svg\" width=\"10px\" height=\"10px\" viewBox=\"0 0 24 24\" version=\"1.2\" baseProfile=\"tiny\"><path d=\"M18.2 9.3l-6.2-6.3-6.2 6.3c-.2.2-.3.4-.3.7s.1.5.3.7c.2.2.4.3.7.3h11c.3 0 .5-.1.7-.3.2-.2.3-.5.3-.7s-.1-.5-.3-.7zM5.8 14.7l6.2 6.3 6.2-6.3c.2-.2.3-.5.3-.7s-.1-.5-.3-.7c-.2-.2-.4-.3-.7-.3h-11c-.3 0-.5.1-.7.3-.2.2-.3.5-.3.7s.1.5.3.7z\"\/><\/svg><\/span><\/span><\/span><\/a><\/span><\/div>\n<nav><ul class='ez-toc-list ez-toc-list-level-1 ' ><li class='ez-toc-page-1'><a class=\"ez-toc-link ez-toc-heading-1\" href=\"https:\/\/www.rotaseguros.com.br\/planosdesaude\/hanseniase-combate\/#O_que_e_a_hanseniase_e_como_ela_se_espalha\" >O que \u00e9 a hansen\u00edase e como ela se espalha?<\/a><\/li><li class='ez-toc-page-1'><a class=\"ez-toc-link ez-toc-heading-2\" href=\"https:\/\/www.rotaseguros.com.br\/planosdesaude\/hanseniase-combate\/#Por_que_o_diagnostico_precoce_e_tao_importante\" >Por que o diagn\u00f3stico precoce \u00e9 t\u00e3o importante?<\/a><\/li><li class='ez-toc-page-1'><a class=\"ez-toc-link ez-toc-heading-3\" href=\"https:\/\/www.rotaseguros.com.br\/planosdesaude\/hanseniase-combate\/#Sintomas_e_diagnostico_fique_atento\" >Sintomas e diagn\u00f3stico: fique atento<\/a><\/li><li class='ez-toc-page-1'><a class=\"ez-toc-link ez-toc-heading-4\" href=\"https:\/\/www.rotaseguros.com.br\/planosdesaude\/hanseniase-combate\/#Como_e_feito_o_tratamento\" >Como \u00e9 feito o tratamento?<\/a><\/li><li class='ez-toc-page-1'><a class=\"ez-toc-link ez-toc-heading-5\" href=\"https:\/\/www.rotaseguros.com.br\/planosdesaude\/hanseniase-combate\/#Prevencao_e_cuidados_necessarios\" >Preven\u00e7\u00e3o e cuidados necess\u00e1rios<\/a><\/li><li class='ez-toc-page-1'><a class=\"ez-toc-link ez-toc-heading-6\" href=\"https:\/\/www.rotaseguros.com.br\/planosdesaude\/hanseniase-combate\/#Um_cuidado_que_envolve_toda_a_sociedade\" >Um cuidado que envolve toda a sociedade<\/a><\/li><\/ul><\/nav><\/div>\n\n<h2 data-start=\"582\" data-end=\"632\"><span class=\"ez-toc-section\" id=\"O_que_e_a_hanseniase_e_como_ela_se_espalha\"><\/span><strong data-start=\"585\" data-end=\"632\">O que \u00e9 a hansen\u00edase e como ela se espalha?<\/strong><span class=\"ez-toc-section-end\"><\/span><\/h2>\n<p data-start=\"634\" data-end=\"992\">A hansen\u00edase \u00e9 uma doen\u00e7a infecciosa causada pela bact\u00e9ria <strong data-start=\"693\" data-end=\"717\">Mycobacterium leprae<\/strong>, que atinge principalmente pele e nervos perif\u00e9ricos. A transmiss\u00e3o ocorre por vias respirat\u00f3rias, por meio de got\u00edculas eliminadas ao falar, tossir ou espirrar \u2014 por\u00e9m, ela s\u00f3 acontece quando h\u00e1 contato pr\u00f3ximo e prolongado com uma pessoa doente que n\u00e3o est\u00e1 em tratamento.<\/p>\n<p data-start=\"994\" data-end=\"1085\">\u00c9 importante refor\u00e7ar: ao iniciar o tratamento, o paciente <strong data-start=\"1053\" data-end=\"1084\">n\u00e3o transmite mais a doen\u00e7a<\/strong>.<\/p>\n<p data-start=\"994\" data-end=\"1085\"><img loading=\"lazy\" decoding=\"async\" class=\"alignnone wp-image-34339 size-full\" title=\"O que \u00e9 a hansen\u00edase e como ela se espalha\" src=\"https:\/\/www.rotaseguros.com.br\/planosdesaude\/wp-content\/uploads\/2026\/01\/O-que-e-a-hanseniase-e-como-ela-se-espalha.png\" alt=\"O que \u00e9 a hansen\u00edase e como ela se espalha\" width=\"800\" height=\"200\" srcset=\"https:\/\/www.rotaseguros.com.br\/planosdesaude\/wp-content\/uploads\/2026\/01\/O-que-e-a-hanseniase-e-como-ela-se-espalha.png 800w, https:\/\/www.rotaseguros.com.br\/planosdesaude\/wp-content\/uploads\/2026\/01\/O-que-e-a-hanseniase-e-como-ela-se-espalha-300x75.png 300w, https:\/\/www.rotaseguros.com.br\/planosdesaude\/wp-content\/uploads\/2026\/01\/O-que-e-a-hanseniase-e-como-ela-se-espalha-768x192.png 768w\" sizes=\"auto, (max-width: 800px) 100vw, 800px\" \/><\/p>\n<h2 data-start=\"1092\" data-end=\"1142\"><span class=\"ez-toc-section\" id=\"Por_que_o_diagnostico_precoce_e_tao_importante\"><\/span><strong>Por que o diagn\u00f3stico precoce \u00e9 t\u00e3o importante?<\/strong><span class=\"ez-toc-section-end\"><\/span><\/h2>\n<p data-start=\"1144\" data-end=\"1322\">A hansen\u00edase pode evoluir lentamente e causar danos irrevers\u00edveis. Detectar cedo significa evitar comprometimentos f\u00edsicos que se tornam permanentes quando o tratamento \u00e9 tardio.<\/p>\n<p data-start=\"1324\" data-end=\"1584\">Quando a doen\u00e7a n\u00e3o \u00e9 tratada de forma r\u00e1pida, pode ocorrer perda de sensibilidade, deformidades f\u00edsicas, dificuldade de movimenta\u00e7\u00e3o e dores intensas. Portanto, reconhecer sinais iniciais \u00e9 fundamental para reduzir complica\u00e7\u00f5es e melhorar a qualidade de vida.<\/p>\n<h2 data-start=\"1591\" data-end=\"1630\"><span class=\"ez-toc-section\" id=\"Sintomas_e_diagnostico_fique_atento\"><\/span><strong>Sintomas e diagn\u00f3stico: fique atento<\/strong><span class=\"ez-toc-section-end\"><\/span><\/h2>\n<p data-start=\"1632\" data-end=\"1866\">A hansen\u00edase costuma se manifestar de maneira silenciosa, com sintomas progressivos e muitas vezes ignorados no in\u00edcio. Al\u00e9m disso, eles s\u00e3o facilmente confundidos com alergias de pele, dorm\u00eancia passageira ou problemas circulat\u00f3rios.<\/p>\n<p data-start=\"1868\" data-end=\"2025\">Entre os sinais comuns est\u00e3o manchas na pele com altera\u00e7\u00e3o da sensibilidade, sensa\u00e7\u00e3o de formigamento persistente e dores neurais que afetam bra\u00e7os e pernas.<\/p>\n<p data-start=\"2027\" data-end=\"2259\">O diagn\u00f3stico \u00e9 cl\u00ednico, realizado por avalia\u00e7\u00e3o dermatoneurol\u00f3gica, que envolve an\u00e1lise das les\u00f5es, testes de sensibilidade e observa\u00e7\u00e3o de danos nos nervos perif\u00e9ricos. Quando necess\u00e1rio, exames complementares podem ser aplicados.<\/p>\n<p data-start=\"2027\" data-end=\"2259\"><img loading=\"lazy\" decoding=\"async\" class=\"alignnone wp-image-34338 size-full\" title=\"Como \u00e9 feito o tratamento\" src=\"https:\/\/www.rotaseguros.com.br\/planosdesaude\/wp-content\/uploads\/2026\/01\/Como-e-feito-o-tratamento.png\" alt=\"Como \u00e9 feito o tratamento\" width=\"800\" height=\"200\" srcset=\"https:\/\/www.rotaseguros.com.br\/planosdesaude\/wp-content\/uploads\/2026\/01\/Como-e-feito-o-tratamento.png 800w, https:\/\/www.rotaseguros.com.br\/planosdesaude\/wp-content\/uploads\/2026\/01\/Como-e-feito-o-tratamento-300x75.png 300w, https:\/\/www.rotaseguros.com.br\/planosdesaude\/wp-content\/uploads\/2026\/01\/Como-e-feito-o-tratamento-768x192.png 768w\" sizes=\"auto, (max-width: 800px) 100vw, 800px\" \/><\/p>\n<h2 data-start=\"2266\" data-end=\"2295\"><span class=\"ez-toc-section\" id=\"Como_e_feito_o_tratamento\"><\/span><strong>Como \u00e9 feito o tratamento?<\/strong><span class=\"ez-toc-section-end\"><\/span><\/h2>\n<p data-start=\"2297\" data-end=\"2578\">O tratamento da hansen\u00edase \u00e9 ofertado gratuitamente pelo Sistema \u00danico de Sa\u00fade (SUS). Ele consiste em um esquema terap\u00eautico chamado <a href=\"https:\/\/www.gov.br\/saude\/pt-br\/assuntos\/saude-de-a-a-z\/h\/hanseniase\/tratamento\" target=\"_blank\" rel=\"noopener\">poliquimioterapia<\/a>, formado por diferentes medicamentos administrados por um per\u00edodo que varia de 6 a 12 meses, dependendo da classifica\u00e7\u00e3o do caso.<\/p>\n<p data-start=\"2580\" data-end=\"2882\">Assim que o paciente inicia a medica\u00e7\u00e3o, a transmiss\u00e3o \u00e9 interrompida \u2014 uma informa\u00e7\u00e3o essencial para ajudar a reduzir o medo e o preconceito. O cuidado, no entanto, deve ser cont\u00ednuo, com acompanhamento m\u00e9dico e orienta\u00e7\u00f5es sobre higiene, cuidados com a pele e est\u00edmulos musculares para evitar les\u00f5es.<\/p>\n<h2 data-start=\"2889\" data-end=\"2924\"><span class=\"ez-toc-section\" id=\"Prevencao_e_cuidados_necessarios\"><\/span><strong>Preven\u00e7\u00e3o e cuidados necess\u00e1rios<\/strong><span class=\"ez-toc-section-end\"><\/span><\/h2>\n<p data-start=\"2926\" data-end=\"3032\">Embora n\u00e3o exista uma forma de preven\u00e7\u00e3o absoluta, alguns fatores ajudam a reduzir o risco de adoecimento:<\/p>\n<ul>\n<li data-start=\"3036\" data-end=\"3079\">Identifica\u00e7\u00e3o precoce de casos na fam\u00edlia<\/li>\n<li data-start=\"3082\" data-end=\"3122\">Tratamento completo e sem interrup\u00e7\u00f5es<\/li>\n<li data-start=\"3125\" data-end=\"3179\">Realiza\u00e7\u00e3o de exames peri\u00f3dicos em contatos pr\u00f3ximos<\/li>\n<\/ul>\n<p data-start=\"3181\" data-end=\"3291\">O autoexame da pele e buscar atendimento diante de les\u00f5es suspeitas tamb\u00e9m fazem parte das a\u00e7\u00f5es recomendadas.<\/p>\n<p data-start=\"3293\" data-end=\"3467\">Al\u00e9m disso, combater o preconceito \u00e9 parte essencial da preven\u00e7\u00e3o. O estigma associado \u00e0 hansen\u00edase afasta pessoas do diagn\u00f3stico, gerando atrasos que favorecem complica\u00e7\u00f5es.<\/p>\n<p data-start=\"3293\" data-end=\"3467\"><img loading=\"lazy\" decoding=\"async\" class=\"alignnone wp-image-34337 size-full\" title=\"Um cuidado que envolve toda a sociedade\" src=\"https:\/\/www.rotaseguros.com.br\/planosdesaude\/wp-content\/uploads\/2026\/01\/Um-cuidado-que-envolve-toda-a-sociedade.png\" alt=\"Um cuidado que envolve toda a sociedade\" width=\"800\" height=\"200\" srcset=\"https:\/\/www.rotaseguros.com.br\/planosdesaude\/wp-content\/uploads\/2026\/01\/Um-cuidado-que-envolve-toda-a-sociedade.png 800w, https:\/\/www.rotaseguros.com.br\/planosdesaude\/wp-content\/uploads\/2026\/01\/Um-cuidado-que-envolve-toda-a-sociedade-300x75.png 300w, https:\/\/www.rotaseguros.com.br\/planosdesaude\/wp-content\/uploads\/2026\/01\/Um-cuidado-que-envolve-toda-a-sociedade-768x192.png 768w\" sizes=\"auto, (max-width: 800px) 100vw, 800px\" \/><\/p>\n<h2 data-start=\"3474\" data-end=\"3516\"><span class=\"ez-toc-section\" id=\"Um_cuidado_que_envolve_toda_a_sociedade\"><\/span><strong>Um cuidado que envolve toda a sociedade<\/strong><span class=\"ez-toc-section-end\"><\/span><\/h2>\n<p data-start=\"3518\" data-end=\"3764\">A hansen\u00edase n\u00e3o \u00e9 apenas uma quest\u00e3o biol\u00f3gica: envolve aspectos sociais, educacionais e psicol\u00f3gicos. O combate \u00e0 desinforma\u00e7\u00e3o ainda \u00e9 imprescind\u00edvel no Brasil e requer pol\u00edticas p\u00fablicas, campanhas educativas e aten\u00e7\u00e3o constante da popula\u00e7\u00e3o.<\/p>\n<p data-start=\"3766\" data-end=\"3949\">Nessa jornada de informa\u00e7\u00e3o e cuidados, ter acesso a acompanhamento m\u00e9dico regular e recursos que permitam detectar sintomas precocemente pode fazer toda a diferen\u00e7a ao longo da vida.<\/p>\n<p data-start=\"3951\" data-end=\"4215\">Se voc\u00ea busca seguran\u00e7a para cuidar da sua sa\u00fade e da sua fam\u00edlia, conte com a <a href=\"http:\/\/www.rotaseguros.com.br\/unidades\"><strong data-start=\"4030\" data-end=\"4046\">Rota Seguros<\/strong><\/a> para encontrar um <strong data-start=\"4065\" data-end=\"4112\">plano de sa\u00fade com atendimento de qualidade<\/strong>, rede estruturada e suporte preventivo.<\/p>\n<p data-start=\"3951\" data-end=\"4215\">Leia tamb\u00e9m: <a href=\"https:\/\/www.rotaseguros.com.br\/planosdesaude\/imunidade-volta-as-aulas\/\"><strong>como fortalecer a imunidade das crian\u00e7as nas voltas das aulas!<\/strong><\/a><\/p>\n","protected":false},"excerpt":{"rendered":"<p><span class=\"span-reading-time rt-reading-time\" style=\"display: block;\"><span class=\"rt-label rt-prefix\">Reading Time: <\/span> <span class=\"rt-time\"> 3<\/span> <span class=\"rt-label rt-postfix\">minutes<\/span><\/span>O dia 26 de janeiro marca o Dia Nacional de Combate e Preven\u00e7\u00e3o da Hansen\u00edase, uma data criada para refor\u00e7ar a import\u00e2ncia do diagn\u00f3stico precoce, combater o estigma e incentivar &#8230;<\/p>\n","protected":false},"author":37,"featured_media":34336,"comment_status":"open","ping_status":"open","sticky":false,"template":"","format":"standard","meta":{"_monsterinsights_skip_tracking":false,"_monsterinsights_sitenote_active":false,"_monsterinsights_sitenote_note":"","_monsterinsights_sitenote_category":0,"footnotes":"","_links_to":"","_links_to_target":""},"categories":[1,33,1005],"tags":[4295,1051,3257,48,1127,4296,4297],"class_list":["post-34065","post","type-post","status-publish","format-standard","has-post-thumbnail","hentry","category-sem-categoria","category-rota-seguros","category-saude","tag-dia-nacional-de-combate-a-hanseniase","tag-hanseniase","tag-prevencao-da-hanseniase","tag-rota-seguros-2","tag-saude","tag-sintomas-de-hanseniase","tag-tratamento-da-hanseniase"],"_links":{"self":[{"href":"https:\/\/www.rotaseguros.com.br\/planosdesaude\/wp-json\/wp\/v2\/posts\/34065","targetHints":{"allow":["GET"]}}],"collection":[{"href":"https:\/\/www.rotaseguros.com.br\/planosdesaude\/wp-json\/wp\/v2\/posts"}],"about":[{"href":"https:\/\/www.rotaseguros.com.br\/planosdesaude\/wp-json\/wp\/v2\/types\/post"}],"author":[{"embeddable":true,"href":"https:\/\/www.rotaseguros.com.br\/planosdesaude\/wp-json\/wp\/v2\/users\/37"}],"replies":[{"embeddable":true,"href":"https:\/\/www.rotaseguros.com.br\/planosdesaude\/wp-json\/wp\/v2\/comments?post=34065"}],"version-history":[{"count":3,"href":"https:\/\/www.rotaseguros.com.br\/planosdesaude\/wp-json\/wp\/v2\/posts\/34065\/revisions"}],"predecessor-version":[{"id":34340,"href":"https:\/\/www.rotaseguros.com.br\/planosdesaude\/wp-json\/wp\/v2\/posts\/34065\/revisions\/34340"}],"wp:featuredmedia":[{"embeddable":true,"href":"https:\/\/www.rotaseguros.com.br\/planosdesaude\/wp-json\/wp\/v2\/media\/34336"}],"wp:attachment":[{"href":"https:\/\/www.rotaseguros.com.br\/planosdesaude\/wp-json\/wp\/v2\/media?parent=34065"}],"wp:term":[{"taxonomy":"category","embeddable":true,"href":"https:\/\/www.rotaseguros.com.br\/planosdesaude\/wp-json\/wp\/v2\/categories?post=34065"},{"taxonomy":"post_tag","embeddable":true,"href":"https:\/\/www.rotaseguros.com.br\/planosdesaude\/wp-json\/wp\/v2\/tags?post=34065"}],"curies":[{"name":"wp","href":"https:\/\/api.w.org\/{rel}","templated":true}]}}