{"id":34124,"date":"2026-01-06T08:00:11","date_gmt":"2026-01-06T11:00:11","guid":{"rendered":"https:\/\/www.rotaseguros.com.br\/planosdesaude\/?p=34124"},"modified":"2026-01-05T08:29:43","modified_gmt":"2026-01-05T11:29:43","slug":"janeiro-branco-saude-mental","status":"publish","type":"post","link":"https:\/\/www.rotaseguros.com.br\/planosdesaude\/janeiro-branco-saude-mental\/","title":{"rendered":"Janeiro Branco: cuidar da sa\u00fade mental \u00e9 mais que essencial"},"content":{"rendered":"<span class=\"span-reading-time rt-reading-time\" style=\"display: block;\"><span class=\"rt-label rt-prefix\">Reading Time: <\/span> <span class=\"rt-time\"> 4<\/span> <span class=\"rt-label rt-postfix\">minutes<\/span><\/span><p data-start=\"388\" data-end=\"779\">O in\u00edcio de um novo ano costuma ser marcado por expectativas, planos e desejos de mudan\u00e7a. \u00c9 nesse contexto que o <a href=\"https:\/\/janeirobranco.org.br\/\" target=\"_blank\" rel=\"noopener\"><strong data-start=\"502\" data-end=\"520\">Janeiro Branco<\/strong> <\/a>ganha relev\u00e2ncia, convidando a sociedade a refletir sobre um tema que ainda enfrenta estigmas: a <strong data-start=\"618\" data-end=\"634\">sa\u00fade mental<\/strong>. Assim como cuidamos do corpo, da alimenta\u00e7\u00e3o e da sa\u00fade f\u00edsica, a mente tamb\u00e9m precisa de aten\u00e7\u00e3o cont\u00ednua, acolhimento e cuidado profissional.<\/p><div id=\"ez-toc-container\" class=\"ez-toc-v2_0_82_2 counter-flat ez-toc-counter ez-toc-grey ez-toc-container-direction\">\n<div class=\"ez-toc-title-container\">\n<p class=\"ez-toc-title\" style=\"cursor:inherit\">Aqui voc\u00ea encontra:<\/p>\n<span class=\"ez-toc-title-toggle\"><a href=\"#\" class=\"ez-toc-pull-right ez-toc-btn ez-toc-btn-xs ez-toc-btn-default ez-toc-toggle\" aria-label=\"Alternar tabela de conte\u00fado\"><span class=\"ez-toc-js-icon-con\"><span class=\"\"><span class=\"eztoc-hide\" style=\"display:none;\">Toggle<\/span><span class=\"ez-toc-icon-toggle-span\"><svg style=\"fill: #999;color:#999\" xmlns=\"http:\/\/www.w3.org\/2000\/svg\" class=\"list-377408\" width=\"20px\" height=\"20px\" viewBox=\"0 0 24 24\" fill=\"none\"><path d=\"M6 6H4v2h2V6zm14 0H8v2h12V6zM4 11h2v2H4v-2zm16 0H8v2h12v-2zM4 16h2v2H4v-2zm16 0H8v2h12v-2z\" fill=\"currentColor\"><\/path><\/svg><svg style=\"fill: #999;color:#999\" class=\"arrow-unsorted-368013\" xmlns=\"http:\/\/www.w3.org\/2000\/svg\" width=\"10px\" height=\"10px\" viewBox=\"0 0 24 24\" version=\"1.2\" baseProfile=\"tiny\"><path d=\"M18.2 9.3l-6.2-6.3-6.2 6.3c-.2.2-.3.4-.3.7s.1.5.3.7c.2.2.4.3.7.3h11c.3 0 .5-.1.7-.3.2-.2.3-.5.3-.7s-.1-.5-.3-.7zM5.8 14.7l6.2 6.3 6.2-6.3c.2-.2.3-.5.3-.7s-.1-.5-.3-.7c-.2-.2-.4-.3-.7-.3h-11c-.3 0-.5.1-.7.3-.2.2-.3.5-.3.7s.1.5.3.7z\"\/><\/svg><\/span><\/span><\/span><\/a><\/span><\/div>\n<nav><ul class='ez-toc-list ez-toc-list-level-1 ' ><li class='ez-toc-page-1'><a class=\"ez-toc-link ez-toc-heading-1\" href=\"https:\/\/www.rotaseguros.com.br\/planosdesaude\/janeiro-branco-saude-mental\/#O_que_e_o_Janeiro_Branco_e_por_que_ele_e_importante\" >O que \u00e9 o Janeiro Branco e por que ele \u00e9 importante?<\/a><\/li><li class='ez-toc-page-1'><a class=\"ez-toc-link ez-toc-heading-2\" href=\"https:\/\/www.rotaseguros.com.br\/planosdesaude\/janeiro-branco-saude-mental\/#A_relacao_entre_saude_mental_e_saude_fisica\" >A rela\u00e7\u00e3o entre sa\u00fade mental e sa\u00fade f\u00edsica<\/a><\/li><li class='ez-toc-page-1'><a class=\"ez-toc-link ez-toc-heading-3\" href=\"https:\/\/www.rotaseguros.com.br\/planosdesaude\/janeiro-branco-saude-mental\/#Principais_sinais_de_alerta_para_a_saude_mental\" >Principais sinais de alerta para a sa\u00fade mental<\/a><\/li><li class='ez-toc-page-1'><a class=\"ez-toc-link ez-toc-heading-4\" href=\"https:\/\/www.rotaseguros.com.br\/planosdesaude\/janeiro-branco-saude-mental\/#Como_cuidar_da_saude_mental_no_dia_a_dia\" >Como cuidar da sa\u00fade mental no dia a dia<\/a><\/li><li class='ez-toc-page-1'><a class=\"ez-toc-link ez-toc-heading-5\" href=\"https:\/\/www.rotaseguros.com.br\/planosdesaude\/janeiro-branco-saude-mental\/#A_importancia_do_acompanhamento_profissional\" >A import\u00e2ncia do acompanhamento profissional<\/a><\/li><li class='ez-toc-page-1'><a class=\"ez-toc-link ez-toc-heading-6\" href=\"https:\/\/www.rotaseguros.com.br\/planosdesaude\/janeiro-branco-saude-mental\/#Janeiro_Branco_um_convite_ao_cuidado_continuo\" >Janeiro Branco: um convite ao cuidado cont\u00ednuo<\/a><\/li><\/ul><\/nav><\/div>\n\n<p data-start=\"781\" data-end=\"1071\">O Janeiro Branco surge como um movimento de conscientiza\u00e7\u00e3o para lembrar que emo\u00e7\u00f5es, pensamentos e sentimentos impactam diretamente a qualidade de vida, as rela\u00e7\u00f5es e at\u00e9 o funcionamento do organismo. Falar sobre sa\u00fade mental n\u00e3o \u00e9 sinal de fraqueza, mas de responsabilidade consigo mesmo.<\/p>\n<h2 data-start=\"1078\" data-end=\"1137\"><span class=\"ez-toc-section\" id=\"O_que_e_o_Janeiro_Branco_e_por_que_ele_e_importante\"><\/span>O que \u00e9 o Janeiro Branco e por que ele \u00e9 importante?<span class=\"ez-toc-section-end\"><\/span><\/h2>\n<p data-start=\"1139\" data-end=\"1411\">O <strong data-start=\"1141\" data-end=\"1159\">Janeiro Branco<\/strong> \u00e9 uma campanha dedicada \u00e0 promo\u00e7\u00e3o da sa\u00fade mental e emocional. O m\u00eas foi escolhido simbolicamente por representar um \u201crecome\u00e7o\u201d, um per\u00edodo em que muitas pessoas se sentem mais propensas a refletir sobre a pr\u00f3pria vida, suas escolhas e seu bem-estar.<\/p>\n<p data-start=\"1413\" data-end=\"1723\">A campanha busca<strong> estimular o di\u00e1logo aberto sobre transtornos mentais<\/strong>, sofrimento emocional, autocuidado e preven\u00e7\u00e3o. Ansiedade, depress\u00e3o, estresse cr\u00f4nico, burnout e outros quadros ps\u00edquicos afetam milh\u00f5es de pessoas e, muitas vezes, s\u00e3o negligenciados ou tratados apenas quando os sintomas se tornam graves.<\/p>\n<p data-start=\"1725\" data-end=\"1919\">Dar visibilidade ao tema ajuda a reduzir preconceitos, incentiva a busca por ajuda profissional e refor\u00e7a a import\u00e2ncia de cuidar da mente de forma preventiva, e n\u00e3o apenas em momentos de crise.<\/p>\n<p data-start=\"1725\" data-end=\"1919\"><img loading=\"lazy\" decoding=\"async\" class=\"alignnone wp-image-34126 size-full\" title=\"A rela\u00e7\u00e3o entre sa\u00fade mental e sa\u00fade f\u00edsica\" src=\"https:\/\/www.rotaseguros.com.br\/planosdesaude\/wp-content\/uploads\/2025\/12\/O-que-e-o-Janeiro-Branco-e-por-que-ele-e-importante.png\" alt=\"A rela\u00e7\u00e3o entre sa\u00fade mental e sa\u00fade f\u00edsica\" width=\"800\" height=\"200\" srcset=\"https:\/\/www.rotaseguros.com.br\/planosdesaude\/wp-content\/uploads\/2025\/12\/O-que-e-o-Janeiro-Branco-e-por-que-ele-e-importante.png 800w, https:\/\/www.rotaseguros.com.br\/planosdesaude\/wp-content\/uploads\/2025\/12\/O-que-e-o-Janeiro-Branco-e-por-que-ele-e-importante-300x75.png 300w, https:\/\/www.rotaseguros.com.br\/planosdesaude\/wp-content\/uploads\/2025\/12\/O-que-e-o-Janeiro-Branco-e-por-que-ele-e-importante-768x192.png 768w\" sizes=\"auto, (max-width: 800px) 100vw, 800px\" \/><\/p>\n<h2 data-start=\"1926\" data-end=\"1976\"><span class=\"ez-toc-section\" id=\"A_relacao_entre_saude_mental_e_saude_fisica\"><\/span>A rela\u00e7\u00e3o entre sa\u00fade mental e sa\u00fade f\u00edsica<span class=\"ez-toc-section-end\"><\/span><\/h2>\n<p data-start=\"1978\" data-end=\"2275\"><strong>A sa\u00fade mental e a sa\u00fade f\u00edsica est\u00e3o profundamente conectadas.<\/strong> Emo\u00e7\u00f5es mal elaboradas, estresse constante e sofrimento psicol\u00f3gico prolongado podem desencadear sintomas f\u00edsicos, como dores musculares, problemas gastrointestinais, altera\u00e7\u00f5es no sono, queda da imunidade e doen\u00e7as cardiovasculares.<\/p>\n<p data-start=\"2277\" data-end=\"2523\">Da mesma forma, doen\u00e7as f\u00edsicas cr\u00f4nicas podem impactar negativamente o emocional, aumentando o risco de ansiedade e depress\u00e3o. Por isso, o cuidado com a mente deve ser integrado ao cuidado com o corpo, considerando o indiv\u00edduo de forma completa.<\/p>\n<p data-start=\"2277\" data-end=\"2523\">Ignorar sinais emocionais pode levar a um agravamento progressivo do quadro, dificultando o tratamento e afetando a rotina, o trabalho e os relacionamentos.<\/p>\n<h2 data-start=\"2688\" data-end=\"2742\"><span class=\"ez-toc-section\" id=\"Principais_sinais_de_alerta_para_a_saude_mental\"><\/span>Principais sinais de alerta para a sa\u00fade mental<span class=\"ez-toc-section-end\"><\/span><\/h2>\n<p data-start=\"2744\" data-end=\"2906\">Embora cada pessoa vivencie suas emo\u00e7\u00f5es de forma \u00fanica, alguns sinais merecem aten\u00e7\u00e3o especial e n\u00e3o devem ser normalizados quando persistem por longos per\u00edodos:<\/p>\n<ul>\n<li data-start=\"2910\" data-end=\"2966\"><strong data-start=\"2910\" data-end=\"2932\">Altera\u00e7\u00f5es no sono<\/strong>, como ins\u00f4nia ou sono excessivo<\/li>\n<li data-start=\"2969\" data-end=\"3013\"><strong data-start=\"2969\" data-end=\"2990\">Cansa\u00e7o constante<\/strong>, mesmo ap\u00f3s descanso<\/li>\n<li data-start=\"3016\" data-end=\"3075\"><strong data-start=\"3016\" data-end=\"3044\">Irritabilidade frequente<\/strong> ou mudan\u00e7as bruscas de humor<\/li>\n<li data-start=\"3078\" data-end=\"3121\"><strong data-start=\"3078\" data-end=\"3119\">Dificuldade de concentra\u00e7\u00e3o e mem\u00f3ria<\/strong><\/li>\n<li data-start=\"3124\" data-end=\"3181\"><strong data-start=\"3124\" data-end=\"3179\">Sensa\u00e7\u00e3o de vazio, tristeza ou des\u00e2nimo persistente<\/strong><\/li>\n<li data-start=\"3184\" data-end=\"3260\"><strong data-start=\"3184\" data-end=\"3205\">Isolamento social<\/strong> e perda de interesse por atividades antes prazerosas<\/li>\n<\/ul>\n<p data-start=\"3262\" data-end=\"3370\">Reconhecer esses sinais \u00e9 o primeiro passo para buscar ajuda e evitar o agravamento do sofrimento emocional.<\/p>\n<p data-start=\"3262\" data-end=\"3370\"><img loading=\"lazy\" decoding=\"async\" class=\"alignnone wp-image-34127 size-full\" title=\"Como cuidar da sa\u00fade mental no dia a dia\" src=\"https:\/\/www.rotaseguros.com.br\/planosdesaude\/wp-content\/uploads\/2025\/12\/Como-cuidar-da-saude-mental-no-dia-a-dia.png\" alt=\"Como cuidar da sa\u00fade mental no dia a dia\" width=\"800\" height=\"200\" srcset=\"https:\/\/www.rotaseguros.com.br\/planosdesaude\/wp-content\/uploads\/2025\/12\/Como-cuidar-da-saude-mental-no-dia-a-dia.png 800w, https:\/\/www.rotaseguros.com.br\/planosdesaude\/wp-content\/uploads\/2025\/12\/Como-cuidar-da-saude-mental-no-dia-a-dia-300x75.png 300w, https:\/\/www.rotaseguros.com.br\/planosdesaude\/wp-content\/uploads\/2025\/12\/Como-cuidar-da-saude-mental-no-dia-a-dia-768x192.png 768w\" sizes=\"auto, (max-width: 800px) 100vw, 800px\" \/><\/p>\n<h2 data-start=\"3377\" data-end=\"3424\"><span class=\"ez-toc-section\" id=\"Como_cuidar_da_saude_mental_no_dia_a_dia\"><\/span>Como cuidar da sa\u00fade mental no dia a dia<span class=\"ez-toc-section-end\"><\/span><\/h2>\n<p data-start=\"3426\" data-end=\"3660\">Cuidar da sa\u00fade mental<strong> n\u00e3o significa estar feliz o tempo todo<\/strong>, mas aprender a lidar com as emo\u00e7\u00f5es de forma saud\u00e1vel. Pequenas atitudes di\u00e1rias podem contribuir significativamente para o equil\u00edbrio emocional e o bem-estar psicol\u00f3gico.<\/p>\n<p data-start=\"3662\" data-end=\"3948\">Manter uma <strong>rotina organizada, respeitar limites, priorizar o descanso e cultivar rela\u00e7\u00f5es saud\u00e1veis<\/strong> s\u00e3o atitudes que fortalecem a sa\u00fade mental. Al\u00e9m disso, a pr\u00e1tica de atividades f\u00edsicas regulares, o contato com a natureza e momentos de lazer ajudam a reduzir o estresse e a ansiedade.<\/p>\n<p data-start=\"3950\" data-end=\"4176\">Outro ponto essencial \u00e9 compreender que <strong>pedir ajuda faz parte do cuidado<\/strong>. O acompanhamento com psic\u00f3logos e psiquiatras n\u00e3o deve ser visto apenas como resposta a crises, mas como uma ferramenta de preven\u00e7\u00e3o e autoconhecimento.<\/p>\n<h2 data-start=\"4183\" data-end=\"4234\"><span class=\"ez-toc-section\" id=\"A_importancia_do_acompanhamento_profissional\"><\/span>A import\u00e2ncia do acompanhamento profissional<span class=\"ez-toc-section-end\"><\/span><\/h2>\n<p data-start=\"4236\" data-end=\"4548\">O cuidado com a sa\u00fade mental vai al\u00e9m do autocuidado. Profissionais especializados s\u00e3o fundamentais para<strong> orientar, diagnosticar e tratar transtornos emocionais<\/strong> de forma adequada. A psicoterapia oferece um espa\u00e7o seguro para acolhimento, escuta e desenvolvimento de estrat\u00e9gias para lidar com desafios emocionais.<\/p>\n<p data-start=\"4550\" data-end=\"4820\">Em alguns casos, o uso de medica\u00e7\u00e3o pode ser indicado, sempre com acompanhamento m\u00e9dico respons\u00e1vel. O tratamento adequado contribui para melhorar a qualidade de vida, a produtividade e os relacionamentos, al\u00e9m de reduzir o risco de agravamento dos quadros psicol\u00f3gicos.<\/p>\n<p data-start=\"4550\" data-end=\"4820\"><img loading=\"lazy\" decoding=\"async\" class=\"alignnone wp-image-34128 size-full\" title=\"Janeiro Branco: um convite ao cuidado cont\u00ednuo\" src=\"https:\/\/www.rotaseguros.com.br\/planosdesaude\/wp-content\/uploads\/2025\/12\/Janeiro-Branco_-um-convite-ao-cuidado-continuo.png\" alt=\"Janeiro Branco: um convite ao cuidado cont\u00ednuo\" width=\"800\" height=\"200\" srcset=\"https:\/\/www.rotaseguros.com.br\/planosdesaude\/wp-content\/uploads\/2025\/12\/Janeiro-Branco_-um-convite-ao-cuidado-continuo.png 800w, https:\/\/www.rotaseguros.com.br\/planosdesaude\/wp-content\/uploads\/2025\/12\/Janeiro-Branco_-um-convite-ao-cuidado-continuo-300x75.png 300w, https:\/\/www.rotaseguros.com.br\/planosdesaude\/wp-content\/uploads\/2025\/12\/Janeiro-Branco_-um-convite-ao-cuidado-continuo-768x192.png 768w\" sizes=\"auto, (max-width: 800px) 100vw, 800px\" \/><\/p>\n<h2 data-start=\"4900\" data-end=\"4953\"><span class=\"ez-toc-section\" id=\"Janeiro_Branco_um_convite_ao_cuidado_continuo\"><\/span>Janeiro Branco: um convite ao cuidado cont\u00ednuo<span class=\"ez-toc-section-end\"><\/span><\/h2>\n<p data-start=\"4955\" data-end=\"5211\">O Janeiro Branco n\u00e3o deve ser visto como uma campanha restrita a um \u00fanico m\u00eas, mas como<strong> um lembrete de que a sa\u00fade mental precisa de aten\u00e7\u00e3o durante todo o ano.<\/strong> Criar uma cultura de cuidado, di\u00e1logo e empatia \u00e9 fundamental para uma sociedade mais saud\u00e1vel.<\/p>\n<p data-start=\"5213\" data-end=\"5370\">Falar sobre emo\u00e7\u00f5es, acolher o sofrimento do outro e buscar ajuda profissional quando necess\u00e1rio s\u00e3o atitudes que salvam vidas e promovem bem-estar coletivo.<\/p>\n<p data-start=\"5372\" data-end=\"5440\"><strong>Cuidar da mente \u00e9 um ato de coragem, consci\u00eancia e responsabilidade!<\/strong><\/p>\n<p data-start=\"5372\" data-end=\"5440\">Leia tamb\u00e9m o nosso blog sobre <strong><a href=\"https:\/\/www.rotaseguros.com.br\/planosdesaude\/superdotacao\/\">superdota\u00e7\u00e3o<\/a><\/strong>, o que isso realmente significa na pr\u00e1tica?<\/p>\n","protected":false},"excerpt":{"rendered":"<p><span class=\"span-reading-time rt-reading-time\" style=\"display: block;\"><span class=\"rt-label rt-prefix\">Reading Time: <\/span> <span class=\"rt-time\"> 4<\/span> <span class=\"rt-label rt-postfix\">minutes<\/span><\/span>O in\u00edcio de um novo ano costuma ser marcado por expectativas, planos e desejos de mudan\u00e7a. \u00c9 nesse contexto que o Janeiro Branco ganha relev\u00e2ncia, convidando a sociedade a refletir &#8230;<\/p>\n","protected":false},"author":37,"featured_media":34130,"comment_status":"open","ping_status":"open","sticky":false,"template":"","format":"standard","meta":{"_monsterinsights_skip_tracking":false,"_monsterinsights_sitenote_active":false,"_monsterinsights_sitenote_note":"","_monsterinsights_sitenote_category":0,"footnotes":"","_links_to":"","_links_to_target":""},"categories":[1,1005],"tags":[692,686,1268,4202,1343,2256,1267,1235,48,1313,693,1201],"class_list":["post-34124","post","type-post","status-publish","format-standard","has-post-thumbnail","hentry","category-sem-categoria","category-saude","tag-ansiedade","tag-bem-estar","tag-depressao","tag-janeiro-branco","tag-prevencao","tag-psicologo","tag-psiquiatra","tag-qualidade-de-vida","tag-rota-seguros-2","tag-saude-e-bem-estar","tag-saude-mental","tag-vida-saudavel"],"_links":{"self":[{"href":"https:\/\/www.rotaseguros.com.br\/planosdesaude\/wp-json\/wp\/v2\/posts\/34124","targetHints":{"allow":["GET"]}}],"collection":[{"href":"https:\/\/www.rotaseguros.com.br\/planosdesaude\/wp-json\/wp\/v2\/posts"}],"about":[{"href":"https:\/\/www.rotaseguros.com.br\/planosdesaude\/wp-json\/wp\/v2\/types\/post"}],"author":[{"embeddable":true,"href":"https:\/\/www.rotaseguros.com.br\/planosdesaude\/wp-json\/wp\/v2\/users\/37"}],"replies":[{"embeddable":true,"href":"https:\/\/www.rotaseguros.com.br\/planosdesaude\/wp-json\/wp\/v2\/comments?post=34124"}],"version-history":[{"count":3,"href":"https:\/\/www.rotaseguros.com.br\/planosdesaude\/wp-json\/wp\/v2\/posts\/34124\/revisions"}],"predecessor-version":[{"id":34141,"href":"https:\/\/www.rotaseguros.com.br\/planosdesaude\/wp-json\/wp\/v2\/posts\/34124\/revisions\/34141"}],"wp:featuredmedia":[{"embeddable":true,"href":"https:\/\/www.rotaseguros.com.br\/planosdesaude\/wp-json\/wp\/v2\/media\/34130"}],"wp:attachment":[{"href":"https:\/\/www.rotaseguros.com.br\/planosdesaude\/wp-json\/wp\/v2\/media?parent=34124"}],"wp:term":[{"taxonomy":"category","embeddable":true,"href":"https:\/\/www.rotaseguros.com.br\/planosdesaude\/wp-json\/wp\/v2\/categories?post=34124"},{"taxonomy":"post_tag","embeddable":true,"href":"https:\/\/www.rotaseguros.com.br\/planosdesaude\/wp-json\/wp\/v2\/tags?post=34124"}],"curies":[{"name":"wp","href":"https:\/\/api.w.org\/{rel}","templated":true}]}}