{"id":34175,"date":"2026-01-20T12:06:09","date_gmt":"2026-01-20T15:06:09","guid":{"rendered":"https:\/\/www.rotaseguros.com.br\/planosdesaude\/?p=34175"},"modified":"2026-01-20T12:06:09","modified_gmt":"2026-01-20T15:06:09","slug":"imunidade-volta-as-aulas","status":"publish","type":"post","link":"https:\/\/www.rotaseguros.com.br\/planosdesaude\/imunidade-volta-as-aulas\/","title":{"rendered":"Imunidade das crian\u00e7as: fortalecer a sa\u00fade na volta \u00e0s aulas"},"content":{"rendered":"<span class=\"span-reading-time rt-reading-time\" style=\"display: block;\"><span class=\"rt-label rt-prefix\">Reading Time: <\/span> <span class=\"rt-time\"> 4<\/span> <span class=\"rt-label rt-postfix\">minutes<\/span><\/span><p data-start=\"523\" data-end=\"864\">A volta \u00e0s aulas \u00e9 um per\u00edodo de adapta\u00e7\u00e3o importante para as crian\u00e7as e tamb\u00e9m um momento que exige aten\u00e7\u00e3o redobrada com a <strong data-start=\"648\" data-end=\"670\">imunidade infantil<\/strong>. Ap\u00f3s f\u00e9rias, mudan\u00e7as na rotina e maior conviv\u00eancia em ambientes fechados, \u00e9 comum observar o aumento de gripes, resfriados e outras infec\u00e7\u00f5es, especialmente nos primeiros meses do ano letivo.<\/p><div id=\"ez-toc-container\" class=\"ez-toc-v2_0_82_2 counter-flat ez-toc-counter ez-toc-grey ez-toc-container-direction\">\n<div class=\"ez-toc-title-container\">\n<p class=\"ez-toc-title\" style=\"cursor:inherit\">Aqui voc\u00ea encontra:<\/p>\n<span class=\"ez-toc-title-toggle\"><a href=\"#\" class=\"ez-toc-pull-right ez-toc-btn ez-toc-btn-xs ez-toc-btn-default ez-toc-toggle\" aria-label=\"Alternar tabela de conte\u00fado\"><span class=\"ez-toc-js-icon-con\"><span class=\"\"><span class=\"eztoc-hide\" style=\"display:none;\">Toggle<\/span><span class=\"ez-toc-icon-toggle-span\"><svg style=\"fill: #999;color:#999\" xmlns=\"http:\/\/www.w3.org\/2000\/svg\" class=\"list-377408\" width=\"20px\" height=\"20px\" viewBox=\"0 0 24 24\" fill=\"none\"><path d=\"M6 6H4v2h2V6zm14 0H8v2h12V6zM4 11h2v2H4v-2zm16 0H8v2h12v-2zM4 16h2v2H4v-2zm16 0H8v2h12v-2z\" fill=\"currentColor\"><\/path><\/svg><svg style=\"fill: #999;color:#999\" class=\"arrow-unsorted-368013\" xmlns=\"http:\/\/www.w3.org\/2000\/svg\" width=\"10px\" height=\"10px\" viewBox=\"0 0 24 24\" version=\"1.2\" baseProfile=\"tiny\"><path d=\"M18.2 9.3l-6.2-6.3-6.2 6.3c-.2.2-.3.4-.3.7s.1.5.3.7c.2.2.4.3.7.3h11c.3 0 .5-.1.7-.3.2-.2.3-.5.3-.7s-.1-.5-.3-.7zM5.8 14.7l6.2 6.3 6.2-6.3c.2-.2.3-.5.3-.7s-.1-.5-.3-.7c-.2-.2-.4-.3-.7-.3h-11c-.3 0-.5.1-.7.3-.2.2-.3.5-.3.7s.1.5.3.7z\"\/><\/svg><\/span><\/span><\/span><\/a><\/span><\/div>\n<nav><ul class='ez-toc-list ez-toc-list-level-1 ' ><li class='ez-toc-page-1'><a class=\"ez-toc-link ez-toc-heading-1\" href=\"https:\/\/www.rotaseguros.com.br\/planosdesaude\/imunidade-volta-as-aulas\/#Por_que_as_criancas_adoecem_mais_na_volta_as_aulas\" >Por que as crian\u00e7as adoecem mais na volta \u00e0s aulas?<\/a><\/li><li class='ez-toc-page-1'><a class=\"ez-toc-link ez-toc-heading-2\" href=\"https:\/\/www.rotaseguros.com.br\/planosdesaude\/imunidade-volta-as-aulas\/#O_papel_da_alimentacao_na_imunidade_infantil\" >O papel da alimenta\u00e7\u00e3o na imunidade infantil<\/a><\/li><li class='ez-toc-page-1'><a class=\"ez-toc-link ez-toc-heading-3\" href=\"https:\/\/www.rotaseguros.com.br\/planosdesaude\/imunidade-volta-as-aulas\/#Sono_e_rotina_aliados_da_imunidade\" >Sono e rotina: aliados da imunidade<\/a><\/li><li class='ez-toc-page-1'><a class=\"ez-toc-link ez-toc-heading-4\" href=\"https:\/\/www.rotaseguros.com.br\/planosdesaude\/imunidade-volta-as-aulas\/#Vacinacao_em_dia_faz_diferenca\" >Vacina\u00e7\u00e3o em dia faz diferen\u00e7a<\/a><\/li><li class='ez-toc-page-1'><a class=\"ez-toc-link ez-toc-heading-5\" href=\"https:\/\/www.rotaseguros.com.br\/planosdesaude\/imunidade-volta-as-aulas\/#Habitos_de_higiene_que_ajudam_a_prevenir_doencas\" >H\u00e1bitos de higiene que ajudam a prevenir doen\u00e7as<\/a><\/li><li class='ez-toc-page-1'><a class=\"ez-toc-link ez-toc-heading-6\" href=\"https:\/\/www.rotaseguros.com.br\/planosdesaude\/imunidade-volta-as-aulas\/#Atividade_fisica_e_brincadeiras_ao_ar_livre\" >Atividade f\u00edsica e brincadeiras ao ar livre<\/a><\/li><li class='ez-toc-page-1'><a class=\"ez-toc-link ez-toc-heading-7\" href=\"https:\/\/www.rotaseguros.com.br\/planosdesaude\/imunidade-volta-as-aulas\/#Quando_procurar_um_medico\" >Quando procurar um m\u00e9dico?<\/a><\/li><li class='ez-toc-page-1'><a class=\"ez-toc-link ez-toc-heading-8\" href=\"https:\/\/www.rotaseguros.com.br\/planosdesaude\/imunidade-volta-as-aulas\/#Cuidar_da_imunidade_e_cuidar_do_desenvolvimento\" >Cuidar da imunidade \u00e9 cuidar do desenvolvimento<\/a><\/li><\/ul><\/nav><\/div>\n\n<p data-start=\"866\" data-end=\"1231\">O ambiente escolar<strong> favorece a circula\u00e7\u00e3o de v\u00edrus e bact\u00e9rias<\/strong> devido ao contato pr\u00f3ximo entre as crian\u00e7as, ao compartilhamento de objetos e \u00e0 exposi\u00e7\u00e3o a diferentes agentes infecciosos. Por isso, fortalecer o sistema imunol\u00f3gico antes e durante esse per\u00edodo \u00e9 fundamental para reduzir afastamentos, complica\u00e7\u00f5es de sa\u00fade e garantir um desenvolvimento mais saud\u00e1vel.<\/p>\n<p data-start=\"866\" data-end=\"1231\"><img loading=\"lazy\" decoding=\"async\" class=\"alignnone wp-image-34180 size-full\" title=\"Por que as crian\u00e7as adoecem mais na volta \u00e0s aulas?\" src=\"https:\/\/www.rotaseguros.com.br\/planosdesaude\/wp-content\/uploads\/2025\/12\/Por-que-as-criancas-adoecem-mais-na-volta-as-aulas.png\" alt=\"Por que as crian\u00e7as adoecem mais na volta \u00e0s aulas?\" width=\"800\" height=\"200\" srcset=\"https:\/\/www.rotaseguros.com.br\/planosdesaude\/wp-content\/uploads\/2025\/12\/Por-que-as-criancas-adoecem-mais-na-volta-as-aulas.png 800w, https:\/\/www.rotaseguros.com.br\/planosdesaude\/wp-content\/uploads\/2025\/12\/Por-que-as-criancas-adoecem-mais-na-volta-as-aulas-300x75.png 300w, https:\/\/www.rotaseguros.com.br\/planosdesaude\/wp-content\/uploads\/2025\/12\/Por-que-as-criancas-adoecem-mais-na-volta-as-aulas-768x192.png 768w\" sizes=\"auto, (max-width: 800px) 100vw, 800px\" \/><\/p>\n<h2 data-start=\"1238\" data-end=\"1296\"><span class=\"ez-toc-section\" id=\"Por_que_as_criancas_adoecem_mais_na_volta_as_aulas\"><\/span>Por que as crian\u00e7as adoecem mais na volta \u00e0s aulas?<span class=\"ez-toc-section-end\"><\/span><\/h2>\n<p data-start=\"1298\" data-end=\"1548\">O sistema imunol\u00f3gico das crian\u00e7as ainda est\u00e1 em desenvolvimento, especialmente nos primeiros anos de vida. Isso significa que<strong> o organismo est\u00e1 aprendendo a reconhecer e combater microrganismos<\/strong>, o que torna as infec\u00e7\u00f5es respirat\u00f3rias mais frequentes.<\/p>\n<p data-start=\"1550\" data-end=\"1789\">Al\u00e9m disso, a volta \u00e0s aulas costuma coincidir com per\u00edodos de maior circula\u00e7\u00e3o de v\u00edrus respirat\u00f3rios. Mudan\u00e7as no sono, alimenta\u00e7\u00e3o irregular durante as f\u00e9rias e a readapta\u00e7\u00e3o \u00e0 rotina tamb\u00e9m impactam diretamente as defesas do organismo.<\/p>\n<p data-start=\"1791\" data-end=\"1953\">Outro fator relevante \u00e9 o tempo prolongado em ambientes fechados, como salas de aula pouco ventiladas, o que facilita a transmiss\u00e3o de doen\u00e7as comuns na inf\u00e2ncia.<\/p>\n<h2 data-start=\"1960\" data-end=\"2011\"><span class=\"ez-toc-section\" id=\"O_papel_da_alimentacao_na_imunidade_infantil\"><\/span>O papel da alimenta\u00e7\u00e3o na imunidade infantil<span class=\"ez-toc-section-end\"><\/span><\/h2>\n<p data-start=\"2013\" data-end=\"2205\">Uma alimenta\u00e7\u00e3o equilibrada \u00e9 um dos pilares da <strong data-start=\"2061\" data-end=\"2087\">imunidade das crian\u00e7as<\/strong>. Nutrientes como vitaminas, minerais e prote\u00ednas s\u00e3o essenciais para o funcionamento adequado do sistema imunol\u00f3gico.<\/p>\n<p data-start=\"2207\" data-end=\"2446\">Frutas, verduras e legumes fornecem vitaminas antioxidantes, como <strong data-start=\"2273\" data-end=\"2287\">vitamina C<\/strong> e <strong data-start=\"2290\" data-end=\"2304\">vitamina A<\/strong>, que ajudam na defesa do organismo. Alimentos ricos em zinco, ferro e sel\u00eanio tamb\u00e9m contribuem para uma resposta imunol\u00f3gica mais eficiente.<\/p>\n<p data-start=\"2207\" data-end=\"2446\">Durante a volta \u00e0s aulas, \u00e9 importante manter refei\u00e7\u00f5es regulares e lanches saud\u00e1veis, evitando o excesso de ultraprocessados, a\u00e7\u00facares e bebidas artificiais, que podem comprometer a imunidade quando consumidos em excesso.<\/p>\n<p data-start=\"2207\" data-end=\"2446\"><img loading=\"lazy\" decoding=\"async\" class=\"alignnone wp-image-34179 size-full\" title=\"Sono e rotina: aliados da imunidade\" src=\"https:\/\/www.rotaseguros.com.br\/planosdesaude\/wp-content\/uploads\/2025\/12\/O-papel-da-alimentacao-na-imunidade-infantil.png\" alt=\"Sono e rotina: aliados da imunidade\" width=\"800\" height=\"200\" srcset=\"https:\/\/www.rotaseguros.com.br\/planosdesaude\/wp-content\/uploads\/2025\/12\/O-papel-da-alimentacao-na-imunidade-infantil.png 800w, https:\/\/www.rotaseguros.com.br\/planosdesaude\/wp-content\/uploads\/2025\/12\/O-papel-da-alimentacao-na-imunidade-infantil-300x75.png 300w, https:\/\/www.rotaseguros.com.br\/planosdesaude\/wp-content\/uploads\/2025\/12\/O-papel-da-alimentacao-na-imunidade-infantil-768x192.png 768w\" sizes=\"auto, (max-width: 800px) 100vw, 800px\" \/><\/p>\n<h2 data-start=\"2677\" data-end=\"2719\"><span class=\"ez-toc-section\" id=\"Sono_e_rotina_aliados_da_imunidade\"><\/span>Sono e rotina: aliados da imunidade<span class=\"ez-toc-section-end\"><\/span><\/h2>\n<p data-start=\"2721\" data-end=\"2977\">O sono tem papel fundamental na sa\u00fade das crian\u00e7a<strong>s. \u00c9 durante o descanso que o organismo se recupera e fortalece suas defesas.<\/strong> Crian\u00e7as que dormem menos do que o recomendado apresentam maior risco de infec\u00e7\u00f5es, irritabilidade e dificuldade de concentra\u00e7\u00e3o.<\/p>\n<p data-start=\"2979\" data-end=\"3254\">Com o retorno \u00e0s aulas, ajustar os hor\u00e1rios de dormir e acordar gradualmente ajuda o corpo a se adaptar sem impacto negativo na sa\u00fade. Manter uma rotina previs\u00edvel, com hor\u00e1rios definidos para refei\u00e7\u00f5es, estudos e lazer, tamb\u00e9m contribui para o equil\u00edbrio f\u00edsico e emocional.<\/p>\n<h2 data-start=\"3261\" data-end=\"3298\"><span class=\"ez-toc-section\" id=\"Vacinacao_em_dia_faz_diferenca\"><\/span>Vacina\u00e7\u00e3o em dia faz diferen\u00e7a<span class=\"ez-toc-section-end\"><\/span><\/h2>\n<p data-start=\"3300\" data-end=\"3543\">Manter o calend\u00e1rio vacinal atualizado \u00e9 uma das formas mais eficazes de proteger as crian\u00e7as contra doen\u00e7as preven\u00edveis. <strong>Vacinas estimulam o sistema imunol\u00f3gico<\/strong> a reconhecer e combater agentes infecciosos antes que eles causem quadros graves.<\/p>\n<p data-start=\"3545\" data-end=\"3824\">Na volta \u00e0s aulas, revisar a carteira de vacina\u00e7\u00e3o \u00e9 essencial, especialmente em rela\u00e7\u00e3o a vacinas contra gripe, sarampo, caxumba, rub\u00e9ola e outras doen\u00e7as comuns no ambiente escolar. A vacina\u00e7\u00e3o n\u00e3o protege apenas a crian\u00e7a, mas tamb\u00e9m reduz a circula\u00e7\u00e3o de v\u00edrus na comunidade.<\/p>\n<p data-start=\"3545\" data-end=\"3824\"><img loading=\"lazy\" decoding=\"async\" class=\"alignnone wp-image-34178 size-full\" title=\"H\u00e1bitos de higiene que ajudam a prevenir doen\u00e7as\" src=\"https:\/\/www.rotaseguros.com.br\/planosdesaude\/wp-content\/uploads\/2025\/12\/Habitos-de-higiene-que-ajudam-a-prevenir-doencas.png\" alt=\"H\u00e1bitos de higiene que ajudam a prevenir doen\u00e7as\" width=\"800\" height=\"200\" srcset=\"https:\/\/www.rotaseguros.com.br\/planosdesaude\/wp-content\/uploads\/2025\/12\/Habitos-de-higiene-que-ajudam-a-prevenir-doencas.png 800w, https:\/\/www.rotaseguros.com.br\/planosdesaude\/wp-content\/uploads\/2025\/12\/Habitos-de-higiene-que-ajudam-a-prevenir-doencas-300x75.png 300w, https:\/\/www.rotaseguros.com.br\/planosdesaude\/wp-content\/uploads\/2025\/12\/Habitos-de-higiene-que-ajudam-a-prevenir-doencas-768x192.png 768w\" sizes=\"auto, (max-width: 800px) 100vw, 800px\" \/><\/p>\n<h2 data-start=\"3831\" data-end=\"3886\"><span class=\"ez-toc-section\" id=\"Habitos_de_higiene_que_ajudam_a_prevenir_doencas\"><\/span>H\u00e1bitos de higiene que ajudam a prevenir doen\u00e7as<span class=\"ez-toc-section-end\"><\/span><\/h2>\n<p data-start=\"3888\" data-end=\"4020\">Ensinar e refor\u00e7ar h\u00e1bitos de higiene desde cedo \u00e9 uma estrat\u00e9gia simples e muito eficaz para reduzir infec\u00e7\u00f5es na escola e em casa.<\/p>\n<ul>\n<li data-start=\"4024\" data-end=\"4115\"><strong data-start=\"4024\" data-end=\"4054\">Lavar as m\u00e3os corretamente<\/strong>, principalmente antes das refei\u00e7\u00f5es e ap\u00f3s usar o banheiro<\/li>\n<li data-start=\"4118\" data-end=\"4168\"><strong data-start=\"4118\" data-end=\"4166\">Evitar levar as m\u00e3os aos olhos, boca e nariz<\/strong><\/li>\n<li data-start=\"4171\" data-end=\"4228\"><strong data-start=\"4171\" data-end=\"4226\">Ensinar a cobrir boca e nariz ao tossir ou espirrar<\/strong><\/li>\n<li data-start=\"4231\" data-end=\"4307\"><strong data-start=\"4231\" data-end=\"4305\">Manter garrafinhas, talheres e objetos de uso pessoal individualizados<\/strong><\/li>\n<li data-start=\"4310\" data-end=\"4354\"><strong data-start=\"4310\" data-end=\"4352\">Estimular o uso de len\u00e7os descart\u00e1veis<\/strong><\/li>\n<\/ul>\n<p data-start=\"4356\" data-end=\"4453\">Essas atitudes reduzem significativamente a transmiss\u00e3o de v\u00edrus e bact\u00e9rias no ambiente escolar.<\/p>\n<h2 data-start=\"4460\" data-end=\"4510\"><span class=\"ez-toc-section\" id=\"Atividade_fisica_e_brincadeiras_ao_ar_livre\"><\/span>Atividade f\u00edsica e brincadeiras ao ar livre<span class=\"ez-toc-section-end\"><\/span><\/h2>\n<p data-start=\"4512\" data-end=\"4825\">A pr\u00e1tica regular de atividade f\u00edsica contribui par<span style=\"color: #808080;\">a o fortalecimento do sistema imunol\u00f3gico, melhora a circula\u00e7\u00e3o e favorece o desenvolvimento saud\u00e1vel das crian\u00e7as. Brincar ao ar livre tamb\u00e9m ajuda na exposi\u00e7\u00e3o moderada ao sol, importante para a produ\u00e7\u00e3o de<a style=\"color: #808080;\" href=\"https:\/\/www.einstein.br\/n\/vida-saudavel\/vitamina-d\" target=\"_blank\" rel=\"noopener\"> <strong data-start=\"4772\" data-end=\"4786\">vitamina D<\/strong><\/a>,<\/span> nutriente essencial para a imunidade.<\/p>\n<p data-start=\"4827\" data-end=\"4995\">Al\u00e9m dos benef\u00edcios f\u00edsicos, o movimento e o lazer reduzem o estresse e melhoram o bem-estar emocional, fatores que tamb\u00e9m influenciam diretamente a sa\u00fade do organismo.<\/p>\n<h2 data-start=\"5002\" data-end=\"5035\"><span class=\"ez-toc-section\" id=\"Quando_procurar_um_medico\"><\/span>Quando procurar um m\u00e9dico?<span class=\"ez-toc-section-end\"><\/span><\/h2>\n<p data-start=\"5037\" data-end=\"5276\">Apesar de infec\u00e7\u00f5es leves serem comuns na inf\u00e2ncia, alguns sinais merecem aten\u00e7\u00e3o. Febre persistente, dificuldade respirat\u00f3ria, prostra\u00e7\u00e3o intensa, recusa alimentar ou infec\u00e7\u00f5es recorrentes devem ser avaliadas por um profissional de sa\u00fade.<\/p>\n<p data-start=\"5278\" data-end=\"5464\">O acompanhamento pedi\u00e1trico regular permite identificar precocemente poss\u00edveis defici\u00eancias nutricionais, problemas respirat\u00f3rios ou condi\u00e7\u00f5es que possam impactar a imunidade da crian\u00e7a.<\/p>\n<p data-start=\"5278\" data-end=\"5464\"><img loading=\"lazy\" decoding=\"async\" class=\"alignnone wp-image-34177 size-full\" title=\"Cuidar da imunidade \u00e9 cuidar do desenvolvimento\" src=\"https:\/\/www.rotaseguros.com.br\/planosdesaude\/wp-content\/uploads\/2025\/12\/Cuidar-da-imunidade-e-cuidar-do-desenvolvimento.png\" alt=\"Cuidar da imunidade \u00e9 cuidar do desenvolvimento\" width=\"800\" height=\"200\" srcset=\"https:\/\/www.rotaseguros.com.br\/planosdesaude\/wp-content\/uploads\/2025\/12\/Cuidar-da-imunidade-e-cuidar-do-desenvolvimento.png 800w, https:\/\/www.rotaseguros.com.br\/planosdesaude\/wp-content\/uploads\/2025\/12\/Cuidar-da-imunidade-e-cuidar-do-desenvolvimento-300x75.png 300w, https:\/\/www.rotaseguros.com.br\/planosdesaude\/wp-content\/uploads\/2025\/12\/Cuidar-da-imunidade-e-cuidar-do-desenvolvimento-768x192.png 768w\" sizes=\"auto, (max-width: 800px) 100vw, 800px\" \/><\/p>\n<h2 data-start=\"5471\" data-end=\"5525\"><span class=\"ez-toc-section\" id=\"Cuidar_da_imunidade_e_cuidar_do_desenvolvimento\"><\/span>Cuidar da imunidade \u00e9 cuidar do desenvolvimento<span class=\"ez-toc-section-end\"><\/span><\/h2>\n<p data-start=\"5527\" data-end=\"5795\">Fortalecer a <strong data-start=\"5540\" data-end=\"5566\">imunidade das crian\u00e7as<\/strong> na volta \u00e0s aulas \u00e9 um investimento no bem-estar, no aprendizado e na qualidade de vida ao longo do ano. Alimenta\u00e7\u00e3o adequada, sono de qualidade, vacina\u00e7\u00e3o em dia e h\u00e1bitos de higiene formam a base de uma inf\u00e2ncia mais saud\u00e1vel.<\/p>\n<p data-start=\"5797\" data-end=\"6102\">Contar com um <strong data-start=\"5811\" data-end=\"5829\">plano de sa\u00fade<\/strong> facilita o acesso a acompanhamento pedi\u00e1trico, exames preventivos e orienta\u00e7\u00f5es especializadas sempre que necess\u00e1rio. A <a href=\"http:\/\/www.rotaseguros.com.br\/unidades\"><strong data-start=\"5950\" data-end=\"5966\">Rota Seguros<\/strong> <\/a>apoia o cuidado cont\u00ednuo com a <strong data-start=\"5998\" data-end=\"6007\">sa\u00fade<\/strong> das crian\u00e7as, oferecendo seguran\u00e7a e tranquilidade para as fam\u00edlias em todas as fases da vida.<\/p>\n<p data-start=\"5797\" data-end=\"6102\">Leia tamb\u00e9m nosso blog sobre<\/p>\n","protected":false},"excerpt":{"rendered":"<p><span class=\"span-reading-time rt-reading-time\" style=\"display: block;\"><span class=\"rt-label rt-prefix\">Reading Time: <\/span> <span class=\"rt-time\"> 4<\/span> <span class=\"rt-label rt-postfix\">minutes<\/span><\/span>A volta \u00e0s aulas \u00e9 um per\u00edodo de adapta\u00e7\u00e3o importante para as crian\u00e7as e tamb\u00e9m um momento que exige aten\u00e7\u00e3o redobrada com a imunidade infantil. Ap\u00f3s f\u00e9rias, mudan\u00e7as na rotina &#8230;<\/p>\n","protected":false},"author":37,"featured_media":34176,"comment_status":"open","ping_status":"open","sticky":false,"template":"","format":"standard","meta":{"_monsterinsights_skip_tracking":false,"_monsterinsights_sitenote_active":false,"_monsterinsights_sitenote_note":"","_monsterinsights_sitenote_category":0,"footnotes":"","_links_to":"","_links_to_target":""},"categories":[1,33,1005],"tags":[2020,4219,1029,2868,2078,132,1126,1127,2869,1378,4218],"class_list":["post-34175","post","type-post","status-publish","format-standard","has-post-thumbnail","hentry","category-sem-categoria","category-rota-seguros","category-saude","tag-cuidados","tag-cuidados-na-infancia","tag-imunidade","tag-imunidade-infantil","tag-infancia","tag-plano-de-saude","tag-prevencao-de-doencas","tag-saude","tag-saude-das-criancas","tag-saude-infantil","tag-volta-as-aulas"],"_links":{"self":[{"href":"https:\/\/www.rotaseguros.com.br\/planosdesaude\/wp-json\/wp\/v2\/posts\/34175","targetHints":{"allow":["GET"]}}],"collection":[{"href":"https:\/\/www.rotaseguros.com.br\/planosdesaude\/wp-json\/wp\/v2\/posts"}],"about":[{"href":"https:\/\/www.rotaseguros.com.br\/planosdesaude\/wp-json\/wp\/v2\/types\/post"}],"author":[{"embeddable":true,"href":"https:\/\/www.rotaseguros.com.br\/planosdesaude\/wp-json\/wp\/v2\/users\/37"}],"replies":[{"embeddable":true,"href":"https:\/\/www.rotaseguros.com.br\/planosdesaude\/wp-json\/wp\/v2\/comments?post=34175"}],"version-history":[{"count":3,"href":"https:\/\/www.rotaseguros.com.br\/planosdesaude\/wp-json\/wp\/v2\/posts\/34175\/revisions"}],"predecessor-version":[{"id":34186,"href":"https:\/\/www.rotaseguros.com.br\/planosdesaude\/wp-json\/wp\/v2\/posts\/34175\/revisions\/34186"}],"wp:featuredmedia":[{"embeddable":true,"href":"https:\/\/www.rotaseguros.com.br\/planosdesaude\/wp-json\/wp\/v2\/media\/34176"}],"wp:attachment":[{"href":"https:\/\/www.rotaseguros.com.br\/planosdesaude\/wp-json\/wp\/v2\/media?parent=34175"}],"wp:term":[{"taxonomy":"category","embeddable":true,"href":"https:\/\/www.rotaseguros.com.br\/planosdesaude\/wp-json\/wp\/v2\/categories?post=34175"},{"taxonomy":"post_tag","embeddable":true,"href":"https:\/\/www.rotaseguros.com.br\/planosdesaude\/wp-json\/wp\/v2\/tags?post=34175"}],"curies":[{"name":"wp","href":"https:\/\/api.w.org\/{rel}","templated":true}]}}