{"id":34196,"date":"2026-02-04T09:00:57","date_gmt":"2026-02-04T12:00:57","guid":{"rendered":"https:\/\/www.rotaseguros.com.br\/planosdesaude\/?p=34196"},"modified":"2026-01-22T09:38:35","modified_gmt":"2026-01-22T12:38:35","slug":"pacientes-oncologicos","status":"publish","type":"post","link":"https:\/\/www.rotaseguros.com.br\/planosdesaude\/pacientes-oncologicos\/","title":{"rendered":"Pacientes oncol\u00f3gicos e a car\u00eancia em Planos de Sa\u00fade"},"content":{"rendered":"<span class=\"span-reading-time rt-reading-time\" style=\"display: block;\"><span class=\"rt-label rt-prefix\">Reading Time: <\/span> <span class=\"rt-time\"> 3<\/span> <span class=\"rt-label rt-postfix\">minutes<\/span><\/span><p>Entender como funciona a <strong data-start=\"319\" data-end=\"377\">car\u00eancia em planos de sa\u00fade para pacientes oncol\u00f3gicos<\/strong> \u00e9 essencial para quem enfrenta um diagn\u00f3stico de c\u00e2ncer e busca seguran\u00e7a no acesso a tratamentos complexos. Neste artigo, vamos explicar de forma clara o que diz a lei, quais s\u00e3o os prazos m\u00e1ximos de car\u00eancia, quais direitos esses pacientes t\u00eam e como agir para garantir cobertura adequada.<\/p><div id=\"ez-toc-container\" class=\"ez-toc-v2_0_82_2 counter-flat ez-toc-counter ez-toc-grey ez-toc-container-direction\">\n<div class=\"ez-toc-title-container\">\n<p class=\"ez-toc-title\" style=\"cursor:inherit\">Aqui voc\u00ea encontra:<\/p>\n<span class=\"ez-toc-title-toggle\"><a href=\"#\" class=\"ez-toc-pull-right ez-toc-btn ez-toc-btn-xs ez-toc-btn-default ez-toc-toggle\" aria-label=\"Alternar tabela de conte\u00fado\"><span class=\"ez-toc-js-icon-con\"><span class=\"\"><span class=\"eztoc-hide\" style=\"display:none;\">Toggle<\/span><span class=\"ez-toc-icon-toggle-span\"><svg style=\"fill: #999;color:#999\" xmlns=\"http:\/\/www.w3.org\/2000\/svg\" class=\"list-377408\" width=\"20px\" height=\"20px\" viewBox=\"0 0 24 24\" fill=\"none\"><path d=\"M6 6H4v2h2V6zm14 0H8v2h12V6zM4 11h2v2H4v-2zm16 0H8v2h12v-2zM4 16h2v2H4v-2zm16 0H8v2h12v-2z\" fill=\"currentColor\"><\/path><\/svg><svg style=\"fill: #999;color:#999\" class=\"arrow-unsorted-368013\" xmlns=\"http:\/\/www.w3.org\/2000\/svg\" width=\"10px\" height=\"10px\" viewBox=\"0 0 24 24\" version=\"1.2\" baseProfile=\"tiny\"><path d=\"M18.2 9.3l-6.2-6.3-6.2 6.3c-.2.2-.3.4-.3.7s.1.5.3.7c.2.2.4.3.7.3h11c.3 0 .5-.1.7-.3.2-.2.3-.5.3-.7s-.1-.5-.3-.7zM5.8 14.7l6.2 6.3 6.2-6.3c.2-.2.3-.5.3-.7s-.1-.5-.3-.7c-.2-.2-.4-.3-.7-.3h-11c-.3 0-.5.1-.7.3-.2.2-.3.5-.3.7s.1.5.3.7z\"\/><\/svg><\/span><\/span><\/span><\/a><\/span><\/div>\n<nav><ul class='ez-toc-list ez-toc-list-level-1 ' ><li class='ez-toc-page-1'><a class=\"ez-toc-link ez-toc-heading-1\" href=\"https:\/\/www.rotaseguros.com.br\/planosdesaude\/pacientes-oncologicos\/#O_que_e_carencia_em_planos_de_saude\" >O que \u00e9 car\u00eancia em planos de sa\u00fade?<\/a><\/li><li class='ez-toc-page-1'><a class=\"ez-toc-link ez-toc-heading-2\" href=\"https:\/\/www.rotaseguros.com.br\/planosdesaude\/pacientes-oncologicos\/#Pacientes_oncologicos_e_carencia_o_que_muda\" >Pacientes oncol\u00f3gicos e car\u00eancia: o que muda?<\/a><\/li><li class='ez-toc-page-1'><a class=\"ez-toc-link ez-toc-heading-3\" href=\"https:\/\/www.rotaseguros.com.br\/planosdesaude\/pacientes-oncologicos\/#Quando_o_cancer_surge_apos_a_contratacao\" >Quando o c\u00e2ncer surge ap\u00f3s a contrata\u00e7\u00e3o?<\/a><\/li><li class='ez-toc-page-1'><a class=\"ez-toc-link ez-toc-heading-4\" href=\"https:\/\/www.rotaseguros.com.br\/planosdesaude\/pacientes-oncologicos\/#Direitos_dos_pacientes_oncologicos\" >Direitos dos pacientes oncol\u00f3gicos<\/a><\/li><li class='ez-toc-page-1'><a class=\"ez-toc-link ez-toc-heading-5\" href=\"https:\/\/www.rotaseguros.com.br\/planosdesaude\/pacientes-oncologicos\/#Dicas_para_pacientes_oncologicos_ao_contratar_um_plano\" >Dicas para pacientes oncol\u00f3gicos ao contratar um plano<\/a><\/li><li class='ez-toc-page-1'><a class=\"ez-toc-link ez-toc-heading-6\" href=\"https:\/\/www.rotaseguros.com.br\/planosdesaude\/pacientes-oncologicos\/#Informe_seu_historico_medico\" >Informe seu hist\u00f3rico m\u00e9dico<\/a><\/li><li class='ez-toc-page-1'><a class=\"ez-toc-link ez-toc-heading-7\" href=\"https:\/\/www.rotaseguros.com.br\/planosdesaude\/pacientes-oncologicos\/#Avalie_planos_que_permitem_portabilidade\" >Avalie planos que permitem portabilidade<\/a><\/li><li class='ez-toc-page-1'><a class=\"ez-toc-link ez-toc-heading-8\" href=\"https:\/\/www.rotaseguros.com.br\/planosdesaude\/pacientes-oncologicos\/#Consulte_a_ANS_em_caso_de_negativa\" >Consulte a ANS em caso de negativa<\/a><\/li><li class='ez-toc-page-1'><a class=\"ez-toc-link ez-toc-heading-9\" href=\"https:\/\/www.rotaseguros.com.br\/planosdesaude\/pacientes-oncologicos\/#Garantindo_o_cuidado_que_voce_merece\" >Garantindo o cuidado que voc\u00ea merece<\/a><\/li><\/ul><\/nav><\/div>\n\n<p>&nbsp;<\/p>\n<p><img loading=\"lazy\" decoding=\"async\" class=\"alignnone wp-image-34200 size-full\" title=\"O que \u00e9 car\u00eancia em planos de sa\u00fade\" src=\"https:\/\/www.rotaseguros.com.br\/planosdesaude\/wp-content\/uploads\/2026\/01\/O-que-e-carencia-em-planos-de-saude.png\" alt=\"O que \u00e9 car\u00eancia em planos de sa\u00fade\" width=\"800\" height=\"200\" srcset=\"https:\/\/www.rotaseguros.com.br\/planosdesaude\/wp-content\/uploads\/2026\/01\/O-que-e-carencia-em-planos-de-saude.png 800w, https:\/\/www.rotaseguros.com.br\/planosdesaude\/wp-content\/uploads\/2026\/01\/O-que-e-carencia-em-planos-de-saude-300x75.png 300w, https:\/\/www.rotaseguros.com.br\/planosdesaude\/wp-content\/uploads\/2026\/01\/O-que-e-carencia-em-planos-de-saude-768x192.png 768w\" sizes=\"auto, (max-width: 800px) 100vw, 800px\" \/><\/p>\n<p>&nbsp;<\/p>\n<h2><span class=\"ez-toc-section\" id=\"O_que_e_carencia_em_planos_de_saude\"><\/span>O que \u00e9 car\u00eancia em planos de sa\u00fade?<span class=\"ez-toc-section-end\"><\/span><\/h2>\n<p>A car\u00eancia \u00e9 o per\u00edodo que o benefici\u00e1rio precisa aguardar para ter direito a determinados procedimentos, mesmo com o pagamento em dia. Ela existe para garantir a sustentabilidade do sistema de sa\u00fade suplementar e varia conforme o tipo de atendimento, respeitando limites legais. A <a href=\"https:\/\/www.planalto.gov.br\/ccivil_03\/leis\/l9656compilado.htm\" target=\"_blank\" rel=\"noopener\"><strong data-start=\"735\" data-end=\"782\">Lei dos Planos de Sa\u00fade (Lei n\u00ba 9.656\/1998)<\/strong><\/a> define que\u00a0 atendimentos de urg\u00eancia e emerg\u00eancia devem ser cobertos em at\u00e9 24 horas, procedimentos como interna\u00e7\u00f5es e exames complexos podem ter car\u00eancia de at\u00e9 180 dias, parto a termo at\u00e9 300 dias, e doen\u00e7as ou les\u00f5es preexistentes, como o c\u00e2ncer, podem ter car\u00eancia de at\u00e9 24 meses.<\/p>\n<h2 data-start=\"1179\" data-end=\"1227\"><span class=\"ez-toc-section\" id=\"Pacientes_oncologicos_e_carencia_o_que_muda\"><\/span>Pacientes oncol\u00f3gicos e car\u00eancia: o que muda?<span class=\"ez-toc-section-end\"><\/span><\/h2>\n<p data-start=\"1229\" data-end=\"2129\">Para <strong data-start=\"1234\" data-end=\"1259\">pacientes oncol\u00f3gicos<\/strong>, o c\u00e2ncer \u00e9 considerado uma doen\u00e7a preexistente quando o diagn\u00f3stico j\u00e1 foi confirmado antes da contrata\u00e7\u00e3o do plano. Nesses casos, a operadora pode aplicar a Cobertura Parcial Tempor\u00e1ria (CPT), restringindo procedimentos complexos como quimioterapia, radioterapia, cirurgias e interna\u00e7\u00f5es por at\u00e9 24 meses, enquanto consultas e exames simples podem ser cobertos. Quando o c\u00e2ncer surge ap\u00f3s a contrata\u00e7\u00e3o do plano, o tratamento deve seguir os prazos gerais de cobertura sem aumento de car\u00eancia por doen\u00e7a preexistente.<\/p>\n<h3 data-start=\"2048\" data-end=\"2092\"><span class=\"ez-toc-section\" id=\"Quando_o_cancer_surge_apos_a_contratacao\"><\/span>Quando o c\u00e2ncer surge ap\u00f3s a contrata\u00e7\u00e3o?<span class=\"ez-toc-section-end\"><\/span><\/h3>\n<p data-start=\"2094\" data-end=\"2538\">Se o diagn\u00f3stico de c\u00e2ncer ocorre <strong data-start=\"2128\" data-end=\"2138\">depois<\/strong> da contrata\u00e7\u00e3o do plano de sa\u00fade e o paciente n\u00e3o tinha conhecimento da doen\u00e7a ao assinar o contrato, <strong data-start=\"2241\" data-end=\"2317\">n\u00e3o deve haver car\u00eancia adicional espec\u00edfica para o tratamento do c\u00e2ncer<\/strong> al\u00e9m dos prazos gerais de cobertura garantidos em lei. Isso significa que os atendimentos devem respeitar os limites m\u00e1ximos da ANS sem amplia\u00e7\u00e3o da car\u00eancia por doen\u00e7a preexistente.<\/p>\n<p data-start=\"2170\" data-end=\"2608\">Mesmo com car\u00eancia em vigor, <strong data-start=\"2199\" data-end=\"2247\">urg\u00eancia e emerg\u00eancia t\u00eam cobertura imediata<\/strong>, garantindo atendimento hospitalar r\u00e1pido a pacientes oncol\u00f3gicos em situa\u00e7\u00f5es cr\u00edticas \u00a0Isso \u00e9 fundamental para situa\u00e7\u00f5es que colocam a vida do paciente em risco ou podem agravar significativamente sua condi\u00e7\u00e3o de sa\u00fade.<\/p>\n<h2 data-start=\"2610\" data-end=\"2647\"><span class=\"ez-toc-section\" id=\"Direitos_dos_pacientes_oncologicos\"><\/span>Direitos dos pacientes oncol\u00f3gicos<span class=\"ez-toc-section-end\"><\/span><\/h2>\n<p data-start=\"2649\" data-end=\"3138\">Al\u00e9m das regras de car\u00eancia, os <strong>pacientes oncol\u00f3gicos t\u00eam direitos assegurados tanto pela lei quanto pela ANS<\/strong>, que garantem um tratamento completo e sem discrimina\u00e7\u00e3o. Nenhuma operadora pode recusar a venda de um plano de sa\u00fade ao paciente com c\u00e2ncer ou por causa de sua condi\u00e7\u00e3o de sa\u00fade, pois isso configuraria discrimina\u00e7\u00e3o.<\/p>\n<p data-start=\"2649\" data-end=\"3138\">O plano deve cobrir todos os procedimentos listados no <strong>Rol de Procedimentos e Eventos em Sa\u00fade da ANS,<\/strong> incluindo quimioterapia oral e endovenosa, radioterapia, cirurgias oncol\u00f3gicas, exames de imagem e laboratoriais, al\u00e9m do acompanhamento multidisciplinar, como nutri\u00e7\u00e3o, psicologia e fisioterapia. O paciente tamb\u00e9m tem direito \u00e0 continuidade do tratamento, devendo permanecer no plano de sa\u00fade enquanto durar a doen\u00e7a, sem que o contrato seja cancelado por motivo de condi\u00e7\u00e3o oncol\u00f3gica.<\/p>\n<h2 data-start=\"4179\" data-end=\"4236\"><\/h2>\n<h2 data-start=\"4179\" data-end=\"4236\"><img loading=\"lazy\" decoding=\"async\" class=\"alignnone wp-image-34199 size-full\" title=\"Dicas para pacientes oncol\u00f3gicos ao contratar um plano\" src=\"https:\/\/www.rotaseguros.com.br\/planosdesaude\/wp-content\/uploads\/2026\/01\/Dicas-para-pacientes-oncologicos-ao-contratar-um-plano.png\" alt=\"Dicas para pacientes oncol\u00f3gicos ao contratar um plano\" width=\"800\" height=\"440\" srcset=\"https:\/\/www.rotaseguros.com.br\/planosdesaude\/wp-content\/uploads\/2026\/01\/Dicas-para-pacientes-oncologicos-ao-contratar-um-plano.png 800w, https:\/\/www.rotaseguros.com.br\/planosdesaude\/wp-content\/uploads\/2026\/01\/Dicas-para-pacientes-oncologicos-ao-contratar-um-plano-300x165.png 300w, https:\/\/www.rotaseguros.com.br\/planosdesaude\/wp-content\/uploads\/2026\/01\/Dicas-para-pacientes-oncologicos-ao-contratar-um-plano-768x422.png 768w\" sizes=\"auto, (max-width: 800px) 100vw, 800px\" \/><\/h2>\n<h2 data-start=\"4179\" data-end=\"4236\"><\/h2>\n<h2 data-start=\"4179\" data-end=\"4236\"><span class=\"ez-toc-section\" id=\"Dicas_para_pacientes_oncologicos_ao_contratar_um_plano\"><\/span>Dicas para pacientes oncol\u00f3gicos ao contratar um plano<span class=\"ez-toc-section-end\"><\/span><\/h2>\n<h3 data-start=\"4238\" data-end=\"4273\"><span class=\"ez-toc-section\" id=\"Informe_seu_historico_medico\"><\/span>Informe seu hist\u00f3rico m\u00e9dico<span class=\"ez-toc-section-end\"><\/span><\/h3>\n<p data-start=\"4275\" data-end=\"4454\">Sempre declare com clareza o seu hist\u00f3rico de sa\u00fade no momento da contrata\u00e7\u00e3o. A omiss\u00e3o de informa\u00e7\u00f5es pode gerar problemas futuros com cobertura ou at\u00e9 cancelamento do contrato.<\/p>\n<h3 data-start=\"4456\" data-end=\"4503\"><span class=\"ez-toc-section\" id=\"Avalie_planos_que_permitem_portabilidade\"><\/span>Avalie planos que permitem portabilidade<span class=\"ez-toc-section-end\"><\/span><\/h3>\n<p data-start=\"4505\" data-end=\"4745\">Pacientes que j\u00e1 possuem outro plano com car\u00eancias cumpridas podem solicitar <strong data-start=\"4582\" data-end=\"4621\">portabilidade especial de car\u00eancias<\/strong>, transferindo os prazos j\u00e1 cumpridos para um novo plano sem precisar come\u00e7ar do zero<\/p>\n<h3 data-start=\"4747\" data-end=\"4788\"><span class=\"ez-toc-section\" id=\"Consulte_a_ANS_em_caso_de_negativa\"><\/span>Consulte a ANS em caso de negativa<span class=\"ez-toc-section-end\"><\/span><\/h3>\n<p data-start=\"4790\" data-end=\"5004\">Se a operadora negar cobertura ou aplicar car\u00eancia de forma indevida, o paciente pode recorrer aos canais de atendimento da ANS para registrar reclama\u00e7\u00f5es e buscar resolu\u00e7\u00e3o.<\/p>\n<h2 data-start=\"4790\" data-end=\"5004\"><\/h2>\n<h2 data-start=\"4790\" data-end=\"5004\"><img loading=\"lazy\" decoding=\"async\" class=\"alignnone wp-image-34201 size-full\" title=\"Garantindo o cuidado que voc\u00ea merece\" src=\"https:\/\/www.rotaseguros.com.br\/planosdesaude\/wp-content\/uploads\/2026\/01\/Garantindo-o-cuidado-que-voce-merece.png\" alt=\"Garantindo o cuidado que voc\u00ea merece\" width=\"800\" height=\"200\" srcset=\"https:\/\/www.rotaseguros.com.br\/planosdesaude\/wp-content\/uploads\/2026\/01\/Garantindo-o-cuidado-que-voce-merece.png 800w, https:\/\/www.rotaseguros.com.br\/planosdesaude\/wp-content\/uploads\/2026\/01\/Garantindo-o-cuidado-que-voce-merece-300x75.png 300w, https:\/\/www.rotaseguros.com.br\/planosdesaude\/wp-content\/uploads\/2026\/01\/Garantindo-o-cuidado-que-voce-merece-768x192.png 768w\" sizes=\"auto, (max-width: 800px) 100vw, 800px\" \/><\/h2>\n<p>&nbsp;<\/p>\n<h2 data-start=\"4790\" data-end=\"5004\"><span class=\"ez-toc-section\" id=\"Garantindo_o_cuidado_que_voce_merece\"><\/span>Garantindo o cuidado que voc\u00ea merece<span class=\"ez-toc-section-end\"><\/span><\/h2>\n<p data-start=\"5036\" data-end=\"5458\">A car\u00eancia em planos de sa\u00fade para pacientes oncol\u00f3gicos no Brasil \u00e9 um tema que envolve <strong data-start=\"5125\" data-end=\"5203\">direitos legais, detalhes contratuais e situa\u00e7\u00f5es espec\u00edficas de cada caso<\/strong>. Embora a legisla\u00e7\u00e3o permita que doen\u00e7as preexistentes tenham prazos diferenciados, existem garantias claras para que o paciente n\u00e3o seja discriminado e tenha acesso r\u00e1pido a tratamentos essenciais, especialmente em situa\u00e7\u00f5es de urg\u00eancia ou emerg\u00eancia.<\/p>\n<p data-start=\"5460\" data-end=\"5692\">Com informa\u00e7\u00e3o adequada, transpar\u00eancia na contrata\u00e7\u00e3o e apoio de profissionais especializados, pacientes oncol\u00f3gicos podem encontrar op\u00e7\u00f5es de planos de sa\u00fade que ofere\u00e7am <strong data-start=\"5632\" data-end=\"5691\">seguran\u00e7a, cobertura ampla e respeito aos seus direitos<\/strong>.<\/p>\n<p data-start=\"5460\" data-end=\"5692\">Leia tamb\u00e9m este artigo: <a href=\"https:\/\/www.rotaseguros.com.br\/planosdesaude\/saude-em-2026-prevencao\/\">Sa\u00fade em 2026: Planejamento e preven\u00e7\u00e3o para todo o ano!<\/a><\/p>\n","protected":false},"excerpt":{"rendered":"<p><span class=\"span-reading-time rt-reading-time\" style=\"display: block;\"><span class=\"rt-label rt-prefix\">Reading Time: <\/span> <span class=\"rt-time\"> 3<\/span> <span class=\"rt-label rt-postfix\">minutes<\/span><\/span>Entender como funciona a car\u00eancia em planos de sa\u00fade para pacientes oncol\u00f3gicos \u00e9 essencial para quem enfrenta um diagn\u00f3stico de c\u00e2ncer e busca seguran\u00e7a no acesso a tratamentos complexos. Neste &#8230;<\/p>\n","protected":false},"author":36,"featured_media":34198,"comment_status":"open","ping_status":"open","sticky":false,"template":"","format":"standard","meta":{"_monsterinsights_skip_tracking":false,"_monsterinsights_sitenote_active":false,"_monsterinsights_sitenote_note":"","_monsterinsights_sitenote_category":0,"footnotes":"","_links_to":"","_links_to_target":""},"categories":[6,27,33,1005],"tags":[4221,3713,4222,4220,2482,2233],"class_list":["post-34196","post","type-post","status-publish","format-standard","has-post-thumbnail","hentry","category-dicas","category-plano-de-saude","category-rota-seguros","category-saude","tag-carencia-em-planos-de-saude","tag-cobertura-de-plano-de-saude","tag-direitos-do-paciente-oncologico","tag-pacientes-oncologicos","tag-quimioterapia","tag-tratamento-do-cancer"],"_links":{"self":[{"href":"https:\/\/www.rotaseguros.com.br\/planosdesaude\/wp-json\/wp\/v2\/posts\/34196","targetHints":{"allow":["GET"]}}],"collection":[{"href":"https:\/\/www.rotaseguros.com.br\/planosdesaude\/wp-json\/wp\/v2\/posts"}],"about":[{"href":"https:\/\/www.rotaseguros.com.br\/planosdesaude\/wp-json\/wp\/v2\/types\/post"}],"author":[{"embeddable":true,"href":"https:\/\/www.rotaseguros.com.br\/planosdesaude\/wp-json\/wp\/v2\/users\/36"}],"replies":[{"embeddable":true,"href":"https:\/\/www.rotaseguros.com.br\/planosdesaude\/wp-json\/wp\/v2\/comments?post=34196"}],"version-history":[{"count":2,"href":"https:\/\/www.rotaseguros.com.br\/planosdesaude\/wp-json\/wp\/v2\/posts\/34196\/revisions"}],"predecessor-version":[{"id":34202,"href":"https:\/\/www.rotaseguros.com.br\/planosdesaude\/wp-json\/wp\/v2\/posts\/34196\/revisions\/34202"}],"wp:featuredmedia":[{"embeddable":true,"href":"https:\/\/www.rotaseguros.com.br\/planosdesaude\/wp-json\/wp\/v2\/media\/34198"}],"wp:attachment":[{"href":"https:\/\/www.rotaseguros.com.br\/planosdesaude\/wp-json\/wp\/v2\/media?parent=34196"}],"wp:term":[{"taxonomy":"category","embeddable":true,"href":"https:\/\/www.rotaseguros.com.br\/planosdesaude\/wp-json\/wp\/v2\/categories?post=34196"},{"taxonomy":"post_tag","embeddable":true,"href":"https:\/\/www.rotaseguros.com.br\/planosdesaude\/wp-json\/wp\/v2\/tags?post=34196"}],"curies":[{"name":"wp","href":"https:\/\/api.w.org\/{rel}","templated":true}]}}