{"id":34212,"date":"2026-02-09T09:00:02","date_gmt":"2026-02-09T12:00:02","guid":{"rendered":"https:\/\/www.rotaseguros.com.br\/planosdesaude\/?p=34212"},"modified":"2026-01-22T09:41:17","modified_gmt":"2026-01-22T12:41:17","slug":"internacao-psiquiatrica","status":"publish","type":"post","link":"https:\/\/www.rotaseguros.com.br\/planosdesaude\/internacao-psiquiatrica\/","title":{"rendered":"Interna\u00e7\u00e3o psiqui\u00e1trica no plano de sa\u00fade: entenda mais"},"content":{"rendered":"<span class=\"span-reading-time rt-reading-time\" style=\"display: block;\"><span class=\"rt-label rt-prefix\">Reading Time: <\/span> <span class=\"rt-time\"> 4<\/span> <span class=\"rt-label rt-postfix\">minutes<\/span><\/span><p>A <strong>interna\u00e7\u00e3o psiqui\u00e1trica<\/strong> ainda \u00e9 cercada por d\u00favidas, receios e muita <a href=\"https:\/\/pt.wikipedia.org\/wiki\/Desinforma%C3%A7%C3%A3o\" target=\"_blank\" rel=\"noopener\">desinforma\u00e7\u00e3o<\/a>. No entanto, em muitos casos, ela \u00e9 um recurso fundamental para preservar a vida, promover estabilidade emocional e garantir um tratamento adequado em momentos de crise.<\/p><div id=\"ez-toc-container\" class=\"ez-toc-v2_0_82_2 counter-flat ez-toc-counter ez-toc-grey ez-toc-container-direction\">\n<div class=\"ez-toc-title-container\">\n<p class=\"ez-toc-title\" style=\"cursor:inherit\">Aqui voc\u00ea encontra:<\/p>\n<span class=\"ez-toc-title-toggle\"><a href=\"#\" class=\"ez-toc-pull-right ez-toc-btn ez-toc-btn-xs ez-toc-btn-default ez-toc-toggle\" aria-label=\"Alternar tabela de conte\u00fado\"><span class=\"ez-toc-js-icon-con\"><span class=\"\"><span class=\"eztoc-hide\" style=\"display:none;\">Toggle<\/span><span class=\"ez-toc-icon-toggle-span\"><svg style=\"fill: #999;color:#999\" xmlns=\"http:\/\/www.w3.org\/2000\/svg\" class=\"list-377408\" width=\"20px\" height=\"20px\" viewBox=\"0 0 24 24\" fill=\"none\"><path d=\"M6 6H4v2h2V6zm14 0H8v2h12V6zM4 11h2v2H4v-2zm16 0H8v2h12v-2zM4 16h2v2H4v-2zm16 0H8v2h12v-2z\" fill=\"currentColor\"><\/path><\/svg><svg style=\"fill: #999;color:#999\" class=\"arrow-unsorted-368013\" xmlns=\"http:\/\/www.w3.org\/2000\/svg\" width=\"10px\" height=\"10px\" viewBox=\"0 0 24 24\" version=\"1.2\" baseProfile=\"tiny\"><path d=\"M18.2 9.3l-6.2-6.3-6.2 6.3c-.2.2-.3.4-.3.7s.1.5.3.7c.2.2.4.3.7.3h11c.3 0 .5-.1.7-.3.2-.2.3-.5.3-.7s-.1-.5-.3-.7zM5.8 14.7l6.2 6.3 6.2-6.3c.2-.2.3-.5.3-.7s-.1-.5-.3-.7c-.2-.2-.4-.3-.7-.3h-11c-.3 0-.5.1-.7.3-.2.2-.3.5-.3.7s.1.5.3.7z\"\/><\/svg><\/span><\/span><\/span><\/a><\/span><\/div>\n<nav><ul class='ez-toc-list ez-toc-list-level-1 ' ><li class='ez-toc-page-1'><a class=\"ez-toc-link ez-toc-heading-1\" href=\"https:\/\/www.rotaseguros.com.br\/planosdesaude\/internacao-psiquiatrica\/#O_que_e_internacao_psiquiatrica\" >O que \u00e9 interna\u00e7\u00e3o psiqui\u00e1trica?<\/a><\/li><li class='ez-toc-page-1'><a class=\"ez-toc-link ez-toc-heading-2\" href=\"https:\/\/www.rotaseguros.com.br\/planosdesaude\/internacao-psiquiatrica\/#Tipos_de_internacao_psiquiatrica\" >Tipos de interna\u00e7\u00e3o psiqui\u00e1trica<\/a><\/li><li class='ez-toc-page-1'><a class=\"ez-toc-link ez-toc-heading-3\" href=\"https:\/\/www.rotaseguros.com.br\/planosdesaude\/internacao-psiquiatrica\/#Internacao_voluntaria\" >Interna\u00e7\u00e3o volunt\u00e1ria<\/a><\/li><li class='ez-toc-page-1'><a class=\"ez-toc-link ez-toc-heading-4\" href=\"https:\/\/www.rotaseguros.com.br\/planosdesaude\/internacao-psiquiatrica\/#Internacao_involuntaria\" >Interna\u00e7\u00e3o involunt\u00e1ria<\/a><\/li><li class='ez-toc-page-1'><a class=\"ez-toc-link ez-toc-heading-5\" href=\"https:\/\/www.rotaseguros.com.br\/planosdesaude\/internacao-psiquiatrica\/#Internacao_compulsoria\" >Interna\u00e7\u00e3o compuls\u00f3ria<\/a><\/li><li class='ez-toc-page-1'><a class=\"ez-toc-link ez-toc-heading-6\" href=\"https:\/\/www.rotaseguros.com.br\/planosdesaude\/internacao-psiquiatrica\/#Internacao_psiquiatrica_no_plano_de_saude_como_funciona_a_cobertura\" >Interna\u00e7\u00e3o psiqui\u00e1trica no plano de sa\u00fade: como funciona a cobertura?<\/a><\/li><li class='ez-toc-page-1'><a class=\"ez-toc-link ez-toc-heading-7\" href=\"https:\/\/www.rotaseguros.com.br\/planosdesaude\/internacao-psiquiatrica\/#A_importancia_da_informacao_e_do_cuidado_humanizado\" >A import\u00e2ncia da informa\u00e7\u00e3o e do cuidado humanizado<\/a><\/li><\/ul><\/nav><\/div>\n\n<p>Neste artigo, voc\u00ea vai entender de forma clara e completa o que \u00e9 a interna\u00e7\u00e3o psiqui\u00e1trica, quais s\u00e3o seus tipos\u00a0 <strong>volunt\u00e1ria, involunt\u00e1ria e compuls\u00f3ria<\/strong>, como funciona a cobertura pelos planos de sa\u00fade e quais s\u00e3o os direitos do paciente.<\/p>\n<p>&nbsp;<\/p>\n<p><img loading=\"lazy\" decoding=\"async\" class=\"alignnone wp-image-34224 size-full\" title=\"O que \u00e9 interna\u00e7\u00e3o psiqui\u00e1trica\" src=\"https:\/\/www.rotaseguros.com.br\/planosdesaude\/wp-content\/uploads\/2026\/01\/O-que-e-internacao-psiquiatrica.png\" alt=\"O que \u00e9 interna\u00e7\u00e3o psiqui\u00e1trica\" width=\"800\" height=\"200\" srcset=\"https:\/\/www.rotaseguros.com.br\/planosdesaude\/wp-content\/uploads\/2026\/01\/O-que-e-internacao-psiquiatrica.png 800w, https:\/\/www.rotaseguros.com.br\/planosdesaude\/wp-content\/uploads\/2026\/01\/O-que-e-internacao-psiquiatrica-300x75.png 300w, https:\/\/www.rotaseguros.com.br\/planosdesaude\/wp-content\/uploads\/2026\/01\/O-que-e-internacao-psiquiatrica-768x192.png 768w\" sizes=\"auto, (max-width: 800px) 100vw, 800px\" \/><\/p>\n<p>&nbsp;<\/p>\n<h2><span class=\"ez-toc-section\" id=\"O_que_e_internacao_psiquiatrica\"><\/span>O que \u00e9 interna\u00e7\u00e3o psiqui\u00e1trica?<span class=\"ez-toc-section-end\"><\/span><\/h2>\n<p>A interna\u00e7\u00e3o psiqui\u00e1trica \u00e9 um recurso terap\u00eautico indicado quando a pessoa enfrenta um transtorno mental em n\u00edvel grave, com risco para si mesma ou para terceiros, ou quando n\u00e3o h\u00e1 resposta eficaz ao tratamento ambulatorial.<\/p>\n<p>Ela pode ser indicada em situa\u00e7\u00f5es como:<\/p>\n<ul data-spread=\"false\">\n<li>Crises agudas de transtornos mentais<\/li>\n<li>Risco de suic\u00eddio ou automutila\u00e7\u00e3o<\/li>\n<li>Epis\u00f3dios psic\u00f3ticos<\/li>\n<li>Transtornos relacionados ao uso de \u00e1lcool e outras drogas<\/li>\n<li>Comprometimento severo do julgamento e da autonomia<\/li>\n<\/ul>\n<p>O objetivo principal da interna\u00e7\u00e3o psiqui\u00e1trica n\u00e3o \u00e9 puni\u00e7\u00e3o ou isolamento, mas <strong>cuidado, prote\u00e7\u00e3o e tratamento especializado<\/strong>.<\/p>\n<p>&nbsp;<\/p>\n<p><img loading=\"lazy\" decoding=\"async\" class=\"alignnone wp-image-34223 size-full\" title=\"Tipos de interna\u00e7\u00e3o psiqui\u00e1trica\" src=\"https:\/\/www.rotaseguros.com.br\/planosdesaude\/wp-content\/uploads\/2026\/01\/Quais-sao-as-causas-da-Doenca-de-Crohn.png\" alt=\"Tipos de interna\u00e7\u00e3o psiqui\u00e1trica\" width=\"800\" height=\"440\" srcset=\"https:\/\/www.rotaseguros.com.br\/planosdesaude\/wp-content\/uploads\/2026\/01\/Quais-sao-as-causas-da-Doenca-de-Crohn.png 800w, https:\/\/www.rotaseguros.com.br\/planosdesaude\/wp-content\/uploads\/2026\/01\/Quais-sao-as-causas-da-Doenca-de-Crohn-300x165.png 300w, https:\/\/www.rotaseguros.com.br\/planosdesaude\/wp-content\/uploads\/2026\/01\/Quais-sao-as-causas-da-Doenca-de-Crohn-768x422.png 768w\" sizes=\"auto, (max-width: 800px) 100vw, 800px\" \/><\/p>\n<p>&nbsp;<\/p>\n<p>&nbsp;<\/p>\n<h2><span class=\"ez-toc-section\" id=\"Tipos_de_internacao_psiquiatrica\"><\/span>Tipos de interna\u00e7\u00e3o psiqui\u00e1trica<span class=\"ez-toc-section-end\"><\/span><\/h2>\n<p>A legisla\u00e7\u00e3o brasileira prev\u00ea tr\u00eas modalidades de interna\u00e7\u00e3o psiqui\u00e1trica. Cada uma delas possui crit\u00e9rios espec\u00edficos e deve sempre respeitar os direitos humanos e a dignidade do paciente.<\/p>\n<h3><span class=\"ez-toc-section\" id=\"Internacao_voluntaria\"><\/span>Interna\u00e7\u00e3o volunt\u00e1ria<span class=\"ez-toc-section-end\"><\/span><\/h3>\n<p>A interna\u00e7\u00e3o psiqui\u00e1trica volunt\u00e1ria ocorre quando o pr\u00f3prio paciente reconhece a necessidade de tratamento e <strong>concorda com a interna\u00e7\u00e3o<\/strong>, assinando o termo de consentimento.<\/p>\n<p>Principais caracter\u00edsticas:<\/p>\n<ul data-spread=\"false\">\n<li>Consentimento expresso do paciente<\/li>\n<li>Indica\u00e7\u00e3o m\u00e9dica formal<\/li>\n<li>Possibilidade de alta a pedido do paciente, mediante avalia\u00e7\u00e3o profissional<\/li>\n<\/ul>\n<p>Essa \u00e9 a forma mais comum e, sempre que poss\u00edvel, a mais indicada, pois respeita a autonomia da pessoa em sofrimento ps\u00edquico.<\/p>\n<h3><span class=\"ez-toc-section\" id=\"Internacao_involuntaria\"><\/span>Interna\u00e7\u00e3o involunt\u00e1ria<span class=\"ez-toc-section-end\"><\/span><\/h3>\n<p>A interna\u00e7\u00e3o psiqui\u00e1trica involunt\u00e1ria acontece <strong>sem o consentimento do paciente<\/strong>, mas a pedido de um familiar ou respons\u00e1vel legal, sempre com indica\u00e7\u00e3o m\u00e9dica.<\/p>\n<p>Ela \u00e9 indicada quando:<\/p>\n<ul data-spread=\"false\">\n<li>O paciente n\u00e3o reconhece a pr\u00f3pria condi\u00e7\u00e3o<\/li>\n<li>H\u00e1 risco iminente \u00e0 vida ou \u00e0 integridade f\u00edsica<\/li>\n<li>O estado mental impede decis\u00f5es conscientes<\/li>\n<\/ul>\n<p>De acordo com a Lei n\u00ba 10.216\/2001, esse tipo de interna\u00e7\u00e3o deve ser comunicado ao Minist\u00e9rio P\u00fablico em at\u00e9 72 horas, garantindo fiscaliza\u00e7\u00e3o e prote\u00e7\u00e3o contra abusos.<\/p>\n<h3><span class=\"ez-toc-section\" id=\"Internacao_compulsoria\"><\/span>Interna\u00e7\u00e3o compuls\u00f3ria<span class=\"ez-toc-section-end\"><\/span><\/h3>\n<p>A interna\u00e7\u00e3o psiqui\u00e1trica compuls\u00f3ria \u00e9 determinada <strong>por ordem judicial<\/strong>, independentemente da vontade do paciente ou da fam\u00edlia.<\/p>\n<p>Ela ocorre, geralmente, em situa\u00e7\u00f5es extremas, quando:<\/p>\n<ul data-spread=\"false\">\n<li>H\u00e1 risco social relevante<\/li>\n<li>Outras tentativas de tratamento falharam<\/li>\n<li>Existe determina\u00e7\u00e3o legal baseada em laudos t\u00e9cnicos<\/li>\n<\/ul>\n<p>Nesse caso, o acompanhamento jur\u00eddico e m\u00e9dico \u00e9 essencial para assegurar que a interna\u00e7\u00e3o cumpra sua finalidade terap\u00eautica.<\/p>\n<p>&nbsp;<\/p>\n<h2><span class=\"ez-toc-section\" id=\"Internacao_psiquiatrica_no_plano_de_saude_como_funciona_a_cobertura\"><\/span>Interna\u00e7\u00e3o psiqui\u00e1trica no plano de sa\u00fade: como funciona a cobertura?<span class=\"ez-toc-section-end\"><\/span><\/h2>\n<div class=\"flex flex-col text-sm pb-25\">\n<article class=\"text-token-text-primary w-full focus:outline-none [--shadow-height:45px] has-data-writing-block:pointer-events-none has-data-writing-block:-mt-(--shadow-height) has-data-writing-block:pt-(--shadow-height) [&amp;:has([data-writing-block])&gt;*]:pointer-events-auto scroll-mt-[calc(var(--header-height)+min(200px,max(70px,20svh)))]\" dir=\"auto\" tabindex=\"-1\" data-turn-id=\"request-WEB:a0b9c4e9-fbd8-4e08-9c5c-351a23624793-7\" data-testid=\"conversation-turn-16\" data-scroll-anchor=\"true\" data-turn=\"assistant\">\n<div class=\"text-base my-auto mx-auto pb-10 [--thread-content-margin:--spacing(4)] @w-sm\/main:[--thread-content-margin:--spacing(6)] @w-lg\/main:[--thread-content-margin:--spacing(16)] px-(--thread-content-margin)\">\n<div class=\"[--thread-content-max-width:40rem] @w-lg\/main:[--thread-content-max-width:48rem] mx-auto max-w-(--thread-content-max-width) flex-1 group\/turn-messages focus-visible:outline-hidden relative flex w-full min-w-0 flex-col agent-turn\" tabindex=\"-1\">\n<div class=\"flex max-w-full flex-col grow\">\n<div class=\"min-h-8 text-message relative flex w-full flex-col items-end gap-2 text-start break-words whitespace-normal [.text-message+&amp;]:mt-1\" dir=\"auto\" data-message-author-role=\"assistant\" data-message-id=\"f3e3ce6a-21d5-44b9-b304-1af7baa2ffa8\" data-message-model-slug=\"gpt-5-2\">\n<div class=\"flex w-full flex-col gap-1 empty:hidden first:pt-[1px]\">\n<div class=\"markdown prose dark:prose-invert w-full break-words light markdown-new-styling\">\n<div class=\"flex flex-col text-sm pb-25\">\n<article class=\"text-token-text-primary w-full focus:outline-none [--shadow-height:45px] has-data-writing-block:pointer-events-none has-data-writing-block:-mt-(--shadow-height) has-data-writing-block:pt-(--shadow-height) [&amp;:has([data-writing-block])&gt;*]:pointer-events-auto scroll-mt-[calc(var(--header-height)+min(200px,max(70px,20svh)))]\" dir=\"auto\" tabindex=\"-1\" data-turn-id=\"request-WEB:a0b9c4e9-fbd8-4e08-9c5c-351a23624793-8\" data-testid=\"conversation-turn-18\" data-scroll-anchor=\"true\" data-turn=\"assistant\">\n<div class=\"text-base my-auto mx-auto pb-10 [--thread-content-margin:--spacing(4)] @w-sm\/main:[--thread-content-margin:--spacing(6)] @w-lg\/main:[--thread-content-margin:--spacing(16)] px-(--thread-content-margin)\">\n<div class=\"[--thread-content-max-width:40rem] @w-lg\/main:[--thread-content-max-width:48rem] mx-auto max-w-(--thread-content-max-width) flex-1 group\/turn-messages focus-visible:outline-hidden relative flex w-full min-w-0 flex-col agent-turn\" tabindex=\"-1\">\n<div class=\"flex max-w-full flex-col grow\">\n<div class=\"min-h-8 text-message relative flex w-full flex-col items-end gap-2 text-start break-words whitespace-normal [.text-message+&amp;]:mt-1\" dir=\"auto\" data-message-author-role=\"assistant\" data-message-id=\"70821925-5e1d-4e52-b36d-8f9139c19a5f\" data-message-model-slug=\"gpt-5-2\">\n<div class=\"flex w-full flex-col gap-1 empty:hidden first:pt-[1px]\">\n<div class=\"markdown prose dark:prose-invert w-full break-words light markdown-new-styling\">\n<p data-start=\"0\" data-end=\"513\">A <strong data-start=\"2\" data-end=\"47\">interna\u00e7\u00e3o psiqui\u00e1trica no plano de sa\u00fade<\/strong> \u00e9 um direito garantido pela Ag\u00eancia Nacional de Sa\u00fade Suplementar (ANS) para planos com cobertura hospitalar e inclui a interna\u00e7\u00e3o em hospital credenciado, atendimento por equipe multiprofissional, medicamentos, exames e procedimentos necess\u00e1rios. Essa cobertura se aplica \u00e0s interna\u00e7\u00f5es volunt\u00e1rias, involunt\u00e1rias e compuls\u00f3rias, desde que haja indica\u00e7\u00e3o m\u00e9dica ou determina\u00e7\u00e3o judicial, assegurando o acesso ao tratamento adequado em situa\u00e7\u00f5es de maior gravidade.<\/p>\n<p data-start=\"515\" data-end=\"1201\" data-is-last-node=\"\" data-is-only-node=\"\">Segundo as regras da ANS, a partir do 31\u00ba dia de interna\u00e7\u00e3o psiqui\u00e1trica no ano o plano pode aplicar coparticipa\u00e7\u00e3o, limitada a at\u00e9 50% do valor, sendo importante verificar o contrato, pois alguns planos oferecem condi\u00e7\u00f5es mais amplas ou isen\u00e7\u00e3o dessa cobran\u00e7a. Independentemente do tipo de interna\u00e7\u00e3o, o paciente possui direitos garantidos por lei, como tratamento digno e humanizado, preserva\u00e7\u00e3o da integridade f\u00edsica e moral, informa\u00e7\u00e3o clara sobre diagn\u00f3stico e tratamento, sigilo das informa\u00e7\u00f5es, comunica\u00e7\u00e3o com familiares ou respons\u00e1veis e avalia\u00e7\u00f5es m\u00e9dicas peri\u00f3dicas, sendo a interna\u00e7\u00e3o sempre indicada como \u00faltimo recurso, quando outras formas de cuidado n\u00e3o s\u00e3o suficientes.<\/p>\n<\/div>\n<p data-start=\"515\" data-end=\"1201\" data-is-last-node=\"\" data-is-only-node=\"\">\n<\/div>\n<\/div>\n<\/div>\n<\/div>\n<\/div>\n<\/article>\n<\/div>\n<div class=\"z-0 flex min-h-[46px] justify-start\"><img loading=\"lazy\" decoding=\"async\" class=\"alignnone wp-image-34225 size-full\" title=\"A import\u00e2ncia da informa\u00e7\u00e3o e do cuidado humanizado\" src=\"https:\/\/www.rotaseguros.com.br\/planosdesaude\/wp-content\/uploads\/2026\/01\/A-importancia-da-informacao-e-do-cuidado-humanizado.png\" alt=\"A import\u00e2ncia da informa\u00e7\u00e3o e do cuidado humanizado\" width=\"800\" height=\"200\" srcset=\"https:\/\/www.rotaseguros.com.br\/planosdesaude\/wp-content\/uploads\/2026\/01\/A-importancia-da-informacao-e-do-cuidado-humanizado.png 800w, https:\/\/www.rotaseguros.com.br\/planosdesaude\/wp-content\/uploads\/2026\/01\/A-importancia-da-informacao-e-do-cuidado-humanizado-300x75.png 300w, https:\/\/www.rotaseguros.com.br\/planosdesaude\/wp-content\/uploads\/2026\/01\/A-importancia-da-informacao-e-do-cuidado-humanizado-768x192.png 768w\" sizes=\"auto, (max-width: 800px) 100vw, 800px\" \/><\/div>\n<\/div>\n<div class=\"text-center\"><\/div>\n<div class=\"markdown prose dark:prose-invert w-full break-words light markdown-new-styling\">\n<div class=\"pointer-events-none h-px w-px absolute bottom-0\" aria-hidden=\"true\" data-edge=\"true\">\n<h2><\/h2>\n<h2><span class=\"ez-toc-section\" id=\"A_importancia_da_informacao_e_do_cuidado_humanizado\"><\/span>A import\u00e2ncia da informa\u00e7\u00e3o e do cuidado humanizado<span class=\"ez-toc-section-end\"><\/span><\/h2>\n<p>Falar sobre interna\u00e7\u00e3o psiqui\u00e1trica \u00e9 falar sobre sa\u00fade mental, empatia e responsabilidade social. O preconceito e a desinforma\u00e7\u00e3o ainda afastam muitas pessoas do tratamento adequado. Com informa\u00e7\u00e3o correta, apoio familiar e orienta\u00e7\u00e3o profissional, a interna\u00e7\u00e3o psiqui\u00e1trica pode ser um passo decisivo para a recupera\u00e7\u00e3o e para a retomada da qualidade de vida.<\/p>\n<p>A <strong>interna\u00e7\u00e3o psiqui\u00e1trica<\/strong> \u00e9 um direito, um recurso terap\u00eautico leg\u00edtimo e, em muitos casos, essencial. Conhecer seus tipos, entender a cobertura dos planos de sa\u00fade e saber quais s\u00e3o os direitos do paciente \u00e9 fundamental para tomar decis\u00f5es conscientes e respons\u00e1veis.<\/p>\n<p>Cuidar da sa\u00fade mental \u00e9 cuidar da vida. Informa\u00e7\u00e3o salva, orienta e acolhe.<\/p>\n<\/div>\n<\/div>\n<\/div>\n<\/div>\n<\/div>\n<div class=\"z-0 flex min-h-[46px] justify-start\">\n<p data-start=\"5365\" data-end=\"5663\">Entre em contato e solicite sua cota\u00e7\u00e3o personalizada!<\/p>\n<p>Belo Horizonte \u2013 MG:\u00a0<a href=\"https:\/\/www.rotaseguros.com.br\/index.html\">0800 024 24 24<\/a><\/p>\n<p>Colatina \u2013 ES:\u00a0<a href=\"https:\/\/www.rotaseguros.com.br\/colatina\/index.html\">(27) 3121-9393<\/a><\/p>\n<p>Londrina \u2013 PR:\u00a0<a href=\"https:\/\/www.rotaseguros.com.br\/londrina\/index.html\">(43) 3233-2096<\/a><\/p>\n<p>Uberl\u00e2ndia \u2013 MG:\u00a0<a href=\"https:\/\/www.rotaseguros.com.br\/uberlandia\/index.html\">(34) 3291-9300<\/a><\/p>\n<p>Cascavel \u2013 PR:\u00a0<a href=\"https:\/\/www.rotaseguros.com.br\/cascavel\/index.html\">(45) 2101-9406<\/a><\/p>\n<p>Curitiba \u2013 PR:\u00a0<a href=\"https:\/\/www.rotaseguros.com.br\/curitiba\/index.html\">(41) 3596-0365<\/a><\/p>\n<p>Maring\u00e1 \u2013 PR:\u00a0<a href=\"https:\/\/www.rotaseguros.com.br\/maringa\/index.html\">(44) 2103-6720<\/a><\/p>\n<p>Vit\u00f3ria \u2013 ES:\u00a0<a href=\"https:\/\/www.rotaseguros.com.br\/vitoria\/index.html\">(27) 2233-3020<\/a><\/p>\n<p>Caxias do Sul \u2013 RS:\u00a0<a href=\"https:\/\/www.rotaseguros.com.br\/caxias-do-sul\/index.html\">(54) 2991-8270<\/a><\/p>\n<p>Centro-Oeste MG:\u00a0<a href=\"https:\/\/www.rotaseguros.com.br\/divinopolis\/index.html\">(37) 3511-3030<\/a><\/p>\n<p>Sul de Minas :\u00a0<a href=\"https:\/\/www.rotaseguros.com.br\/pocos-de-caldas\/index.html\">0800 033 3386<\/a><\/p>\n<\/div>\n<\/div>\n<\/div>\n<\/article>\n<\/div>\n<div class=\"pointer-events-none h-px w-px absolute bottom-0\" aria-hidden=\"true\" data-edge=\"true\"><\/div>\n","protected":false},"excerpt":{"rendered":"<p><span class=\"span-reading-time rt-reading-time\" style=\"display: block;\"><span class=\"rt-label rt-prefix\">Reading Time: <\/span> <span class=\"rt-time\"> 4<\/span> <span class=\"rt-label rt-postfix\">minutes<\/span><\/span>A interna\u00e7\u00e3o psiqui\u00e1trica ainda \u00e9 cercada por d\u00favidas, receios e muita desinforma\u00e7\u00e3o. No entanto, em muitos casos, ela \u00e9 um recurso fundamental para preservar a vida, promover estabilidade emocional e &#8230;<\/p>\n","protected":false},"author":36,"featured_media":34222,"comment_status":"open","ping_status":"open","sticky":false,"template":"","format":"standard","meta":{"_monsterinsights_skip_tracking":false,"_monsterinsights_sitenote_active":false,"_monsterinsights_sitenote_note":"","_monsterinsights_sitenote_category":0,"footnotes":"","_links_to":"","_links_to_target":""},"categories":[6,27,33,1005],"tags":[38,4058,4233,4232,4230,4231,132,693],"class_list":["post-34212","post","type-post","status-publish","format-standard","has-post-thumbnail","hentry","category-dicas","category-plano-de-saude","category-rota-seguros","category-saude","tag-ans","tag-cobertura-do-plano-de-saude","tag-internacao-compulsoria","tag-internacao-involuntaria","tag-internacao-psiquiatrica","tag-internacao-voluntaria","tag-plano-de-saude","tag-saude-mental"],"_links":{"self":[{"href":"https:\/\/www.rotaseguros.com.br\/planosdesaude\/wp-json\/wp\/v2\/posts\/34212","targetHints":{"allow":["GET"]}}],"collection":[{"href":"https:\/\/www.rotaseguros.com.br\/planosdesaude\/wp-json\/wp\/v2\/posts"}],"about":[{"href":"https:\/\/www.rotaseguros.com.br\/planosdesaude\/wp-json\/wp\/v2\/types\/post"}],"author":[{"embeddable":true,"href":"https:\/\/www.rotaseguros.com.br\/planosdesaude\/wp-json\/wp\/v2\/users\/36"}],"replies":[{"embeddable":true,"href":"https:\/\/www.rotaseguros.com.br\/planosdesaude\/wp-json\/wp\/v2\/comments?post=34212"}],"version-history":[{"count":3,"href":"https:\/\/www.rotaseguros.com.br\/planosdesaude\/wp-json\/wp\/v2\/posts\/34212\/revisions"}],"predecessor-version":[{"id":34226,"href":"https:\/\/www.rotaseguros.com.br\/planosdesaude\/wp-json\/wp\/v2\/posts\/34212\/revisions\/34226"}],"wp:featuredmedia":[{"embeddable":true,"href":"https:\/\/www.rotaseguros.com.br\/planosdesaude\/wp-json\/wp\/v2\/media\/34222"}],"wp:attachment":[{"href":"https:\/\/www.rotaseguros.com.br\/planosdesaude\/wp-json\/wp\/v2\/media?parent=34212"}],"wp:term":[{"taxonomy":"category","embeddable":true,"href":"https:\/\/www.rotaseguros.com.br\/planosdesaude\/wp-json\/wp\/v2\/categories?post=34212"},{"taxonomy":"post_tag","embeddable":true,"href":"https:\/\/www.rotaseguros.com.br\/planosdesaude\/wp-json\/wp\/v2\/tags?post=34212"}],"curies":[{"name":"wp","href":"https:\/\/api.w.org\/{rel}","templated":true}]}}