{"id":34328,"date":"2026-03-06T09:11:55","date_gmt":"2026-03-06T12:11:55","guid":{"rendered":"https:\/\/www.rotaseguros.com.br\/planosdesaude\/?p=34328"},"modified":"2026-03-06T09:16:23","modified_gmt":"2026-03-06T12:16:23","slug":"sertralina-queda-de-cabelo","status":"publish","type":"post","link":"https:\/\/www.rotaseguros.com.br\/planosdesaude\/sertralina-queda-de-cabelo\/","title":{"rendered":"Sertralina causa queda de cabelo? Entenda a rela\u00e7\u00e3o"},"content":{"rendered":"<span class=\"span-reading-time rt-reading-time\" style=\"display: block;\"><span class=\"rt-label rt-prefix\">Reading Time: <\/span> <span class=\"rt-time\"> 4<\/span> <span class=\"rt-label rt-postfix\">minutes<\/span><\/span><p data-start=\"288\" data-end=\"805\">A sertralina \u00e9 um antidepressivo amplamente utilizado no tratamento de transtornos como depress\u00e3o, ansiedade, transtorno do p\u00e2nico, transtorno obsessivo-compulsivo (TOC) e estresse p\u00f3s-traum\u00e1tico. Por atuar diretamente na regula\u00e7\u00e3o da serotonina, ela costuma apresentar bons resultados cl\u00ednicos e um perfil de seguran\u00e7a considerado favor\u00e1vel. Ainda assim, como qualquer medicamento de uso cont\u00ednuo, pode gerar efeitos colaterais\u00a0 e a <strong data-start=\"723\" data-end=\"742\">queda de cabelo<\/strong> \u00e9 uma das preocupa\u00e7\u00f5es que mais geram d\u00favidas entre pacientes.<\/p><div id=\"ez-toc-container\" class=\"ez-toc-v2_0_82_2 counter-flat ez-toc-counter ez-toc-grey ez-toc-container-direction\">\n<div class=\"ez-toc-title-container\">\n<p class=\"ez-toc-title\" style=\"cursor:inherit\">Aqui voc\u00ea encontra:<\/p>\n<span class=\"ez-toc-title-toggle\"><a href=\"#\" class=\"ez-toc-pull-right ez-toc-btn ez-toc-btn-xs ez-toc-btn-default ez-toc-toggle\" aria-label=\"Alternar tabela de conte\u00fado\"><span class=\"ez-toc-js-icon-con\"><span class=\"\"><span class=\"eztoc-hide\" style=\"display:none;\">Toggle<\/span><span class=\"ez-toc-icon-toggle-span\"><svg style=\"fill: #999;color:#999\" xmlns=\"http:\/\/www.w3.org\/2000\/svg\" class=\"list-377408\" width=\"20px\" height=\"20px\" viewBox=\"0 0 24 24\" fill=\"none\"><path d=\"M6 6H4v2h2V6zm14 0H8v2h12V6zM4 11h2v2H4v-2zm16 0H8v2h12v-2zM4 16h2v2H4v-2zm16 0H8v2h12v-2z\" fill=\"currentColor\"><\/path><\/svg><svg style=\"fill: #999;color:#999\" class=\"arrow-unsorted-368013\" xmlns=\"http:\/\/www.w3.org\/2000\/svg\" width=\"10px\" height=\"10px\" viewBox=\"0 0 24 24\" version=\"1.2\" baseProfile=\"tiny\"><path d=\"M18.2 9.3l-6.2-6.3-6.2 6.3c-.2.2-.3.4-.3.7s.1.5.3.7c.2.2.4.3.7.3h11c.3 0 .5-.1.7-.3.2-.2.3-.5.3-.7s-.1-.5-.3-.7zM5.8 14.7l6.2 6.3 6.2-6.3c.2-.2.3-.5.3-.7s-.1-.5-.3-.7c-.2-.2-.4-.3-.7-.3h-11c-.3 0-.5.1-.7.3-.2.2-.3.5-.3.7s.1.5.3.7z\"\/><\/svg><\/span><\/span><\/span><\/a><\/span><\/div>\n<nav><ul class='ez-toc-list ez-toc-list-level-1 ' ><li class='ez-toc-page-1'><a class=\"ez-toc-link ez-toc-heading-1\" href=\"https:\/\/www.rotaseguros.com.br\/planosdesaude\/sertralina-queda-de-cabelo\/#Qual_e_a_relacao_entre_sertralina_e_queda_de_cabelo\" >Qual \u00e9 a rela\u00e7\u00e3o entre sertralina e queda de cabelo?<\/a><\/li><li class='ez-toc-page-1'><a class=\"ez-toc-link ez-toc-heading-2\" href=\"https:\/\/www.rotaseguros.com.br\/planosdesaude\/sertralina-queda-de-cabelo\/#Por_que_a_sertralina_pode_provocar_esse_tipo_de_queda\" >Por que a sertralina pode provocar esse tipo de queda?<\/a><\/li><li class='ez-toc-page-1'><a class=\"ez-toc-link ez-toc-heading-3\" href=\"https:\/\/www.rotaseguros.com.br\/planosdesaude\/sertralina-queda-de-cabelo\/#Quando_a_queda_costuma_aparecer\" >Quando a queda costuma aparecer?<\/a><\/li><li class='ez-toc-page-1'><a class=\"ez-toc-link ez-toc-heading-4\" href=\"https:\/\/www.rotaseguros.com.br\/planosdesaude\/sertralina-queda-de-cabelo\/#A_queda_de_cabelo_e_definitiva\" >A queda de cabelo \u00e9 definitiva?<\/a><\/li><li class='ez-toc-page-1'><a class=\"ez-toc-link ez-toc-heading-5\" href=\"https:\/\/www.rotaseguros.com.br\/planosdesaude\/sertralina-queda-de-cabelo\/#O_que_fazer_ao_perceber_queda_de_cabelo_durante_o_uso_da_sertralina\" >O que fazer ao perceber queda de cabelo durante o uso da sertralina?<\/a><\/li><li class='ez-toc-page-1'><a class=\"ez-toc-link ez-toc-heading-6\" href=\"https:\/\/www.rotaseguros.com.br\/planosdesaude\/sertralina-queda-de-cabelo\/#Vale_a_pena_parar_o_tratamento_por_causa_da_queda_de_cabelo\" >Vale a pena parar o tratamento por causa da queda de cabelo?<\/a><\/li><\/ul><\/nav><\/div>\n\n<p data-start=\"807\" data-end=\"1133\">Mas afinal, <strong data-start=\"819\" data-end=\"874\">a sertralina realmente pode causar queda de cabelo?<\/strong> A resposta \u00e9: <strong data-start=\"889\" data-end=\"912\">sim, pode acontecer<\/strong>, embora seja um efeito <strong data-start=\"936\" data-end=\"983\">incomum, geralmente tempor\u00e1rio e revers\u00edvel<\/strong>. Entender como essa rela\u00e7\u00e3o ocorre ajuda a reduzir o medo, evitar interrup\u00e7\u00f5es inadequadas do tratamento e buscar a melhor conduta quando necess\u00e1rio.<\/p>\n<h2 data-start=\"1135\" data-end=\"1191\"><\/h2>\n<h2 data-start=\"1135\" data-end=\"1191\"><img loading=\"lazy\" decoding=\"async\" class=\"alignnone wp-image-34333 size-full\" title=\"Qual \u00e9 a rela\u00e7\u00e3o entre sertralina e queda de cabelo\" src=\"https:\/\/www.rotaseguros.com.br\/planosdesaude\/wp-content\/uploads\/2026\/01\/Qual-e-a-relacao-entre-sertralina-e-queda-de-cabelo.png\" alt=\"Qual \u00e9 a rela\u00e7\u00e3o entre sertralina e queda de cabelo\" width=\"800\" height=\"200\" srcset=\"https:\/\/www.rotaseguros.com.br\/planosdesaude\/wp-content\/uploads\/2026\/01\/Qual-e-a-relacao-entre-sertralina-e-queda-de-cabelo.png 800w, https:\/\/www.rotaseguros.com.br\/planosdesaude\/wp-content\/uploads\/2026\/01\/Qual-e-a-relacao-entre-sertralina-e-queda-de-cabelo-300x75.png 300w, https:\/\/www.rotaseguros.com.br\/planosdesaude\/wp-content\/uploads\/2026\/01\/Qual-e-a-relacao-entre-sertralina-e-queda-de-cabelo-768x192.png 768w\" sizes=\"auto, (max-width: 800px) 100vw, 800px\" \/><\/h2>\n<h2 data-start=\"1135\" data-end=\"1191\"><\/h2>\n<h2 data-start=\"1135\" data-end=\"1191\"><span class=\"ez-toc-section\" id=\"Qual_e_a_relacao_entre_sertralina_e_queda_de_cabelo\"><\/span>Qual \u00e9 a rela\u00e7\u00e3o entre sertralina e queda de cabelo?<span class=\"ez-toc-section-end\"><\/span><\/h2>\n<p data-start=\"1193\" data-end=\"1578\">A queda de cabelo associada ao uso da sertralina n\u00e3o \u00e9 considerada frequente. Quando aparece, costuma estar relacionada a um quadro chamado <a href=\"https:\/\/www.sbd.org.br\/doencas\/efluvio-telogeno\/\" target=\"_blank\" rel=\"noopener\"><strong data-start=\"1333\" data-end=\"1353\">efl\u00favio tel\u00f3geno<\/strong><\/a>, um tipo de queda difusa que ocorre quando um n\u00famero maior de fios entra precocemente na fase de repouso do ciclo capilar. Como consequ\u00eancia, esses fios se desprendem alguns meses depois, dando a sensa\u00e7\u00e3o de queda acentuada.<\/p>\n<p data-start=\"1580\" data-end=\"1855\">Esse processo n\u00e3o causa falhas localizadas nem est\u00e1 ligado \u00e0 calv\u00edcie definitiva. O couro cabeludo permanece saud\u00e1vel e os fol\u00edculos continuam ativos, o que significa que o crescimento dos fios tende a se normalizar ap\u00f3s a estabiliza\u00e7\u00e3o do organismo ou ajustes no tratamento.<\/p>\n<h2 data-start=\"1857\" data-end=\"1915\"><span class=\"ez-toc-section\" id=\"Por_que_a_sertralina_pode_provocar_esse_tipo_de_queda\"><\/span>Por que a sertralina pode provocar esse tipo de queda?<span class=\"ez-toc-section-end\"><\/span><\/h2>\n<p data-start=\"1917\" data-end=\"2316\">Ainda n\u00e3o existe um mecanismo \u00fanico completamente esclarecido, mas a literatura m\u00e9dica aponta que antidepressivos, incluindo a sertralina, podem interferir indiretamente no ciclo do cabelo por meio de altera\u00e7\u00f5es neuroqu\u00edmicas e hormonais. A serotonina participa de diversas fun\u00e7\u00f5es no organismo, e mudan\u00e7as em sua regula\u00e7\u00e3o podem impactar processos metab\u00f3licos que influenciam o crescimento capilar.<\/p>\n<p data-start=\"2318\" data-end=\"2684\">Al\u00e9m disso, \u00e9 fundamental considerar que os pr\u00f3prios quadros tratados com a sertralina como ansiedade cr\u00f4nica, depress\u00e3o e estresse intenso, <strong data-start=\"2462\" data-end=\"2510\">j\u00e1 s\u00e3o fatores conhecidos de queda de cabelo<\/strong>. Em muitos casos, o medicamento n\u00e3o \u00e9 a causa isolada, mas sim parte de um contexto em que o organismo passou ou ainda passa por um per\u00edodo de sobrecarga f\u00edsica e emocional.<\/p>\n<h2 data-start=\"2686\" data-end=\"2722\"><\/h2>\n<h2 data-start=\"2686\" data-end=\"2722\"><img loading=\"lazy\" decoding=\"async\" class=\"alignnone wp-image-34332 size-full\" title=\"Quando a queda costuma aparecer\" src=\"https:\/\/www.rotaseguros.com.br\/planosdesaude\/wp-content\/uploads\/2026\/01\/Quando-a-queda-costuma-aparecer.png\" alt=\"Quando a queda costuma aparecer\" width=\"800\" height=\"200\" srcset=\"https:\/\/www.rotaseguros.com.br\/planosdesaude\/wp-content\/uploads\/2026\/01\/Quando-a-queda-costuma-aparecer.png 800w, https:\/\/www.rotaseguros.com.br\/planosdesaude\/wp-content\/uploads\/2026\/01\/Quando-a-queda-costuma-aparecer-300x75.png 300w, https:\/\/www.rotaseguros.com.br\/planosdesaude\/wp-content\/uploads\/2026\/01\/Quando-a-queda-costuma-aparecer-768x192.png 768w\" sizes=\"auto, (max-width: 800px) 100vw, 800px\" \/><\/h2>\n<h2 data-start=\"2686\" data-end=\"2722\"><\/h2>\n<h2 data-start=\"2686\" data-end=\"2722\"><span class=\"ez-toc-section\" id=\"Quando_a_queda_costuma_aparecer\"><\/span>Quando a queda costuma aparecer?<span class=\"ez-toc-section-end\"><\/span><\/h2>\n<p data-start=\"2724\" data-end=\"3100\">Quando relacionada ao uso da sertralina, a queda de cabelo geralmente n\u00e3o \u00e9 imediata. Ela tende a surgir <strong data-start=\"2829\" data-end=\"2886\">entre dois e quatro meses ap\u00f3s o in\u00edcio do tratamento<\/strong>, exatamente o tempo correspondente ao ciclo do efl\u00favio tel\u00f3geno. Por isso, muitas pessoas s\u00f3 associam o sintoma ao medicamento semanas depois, quando percebem aumento de fios no banho, no travesseiro ou na escova.<\/p>\n<p data-start=\"3102\" data-end=\"3265\">Esse intervalo pode gerar inseguran\u00e7a, mas \u00e9 importante destacar que a queda n\u00e3o costuma se intensificar progressivamente nem levar \u00e0 perda permanente dos cabelos.<\/p>\n<h2 data-start=\"3267\" data-end=\"3302\"><span class=\"ez-toc-section\" id=\"A_queda_de_cabelo_e_definitiva\"><\/span>A queda de cabelo \u00e9 definitiva?<span class=\"ez-toc-section-end\"><\/span><\/h2>\n<p data-start=\"3304\" data-end=\"3708\">Na grande maioria dos casos, n\u00e3o. A queda associada \u00e0 sertralina costuma ser <strong data-start=\"3385\" data-end=\"3412\">tempor\u00e1ria e revers\u00edvel<\/strong>. Com o passar do tempo, o organismo pode se adaptar ao medicamento e o ciclo capilar se reorganiza naturalmente. Em outras situa\u00e7\u00f5es, o m\u00e9dico pode optar por ajustar a dose ou avaliar a troca por outro antidepressivo, caso o impacto est\u00e9tico esteja causando sofrimento significativo ao paciente.<\/p>\n<p data-start=\"3710\" data-end=\"3846\">Ap\u00f3s a resolu\u00e7\u00e3o do fator desencadeante, o crescimento dos fios tende a ocorrer de forma gradual, respeitando o ritmo natural do cabelo.<\/p>\n<h2 data-start=\"3848\" data-end=\"3920\"><span class=\"ez-toc-section\" id=\"O_que_fazer_ao_perceber_queda_de_cabelo_durante_o_uso_da_sertralina\"><\/span>O que fazer ao perceber queda de cabelo durante o uso da sertralina?<span class=\"ez-toc-section-end\"><\/span><\/h2>\n<p data-start=\"3922\" data-end=\"4171\">O ponto mais importante \u00e9 <strong data-start=\"3948\" data-end=\"4006\">n\u00e3o interromper o uso do medicamento por conta pr\u00f3pria<\/strong>. A suspens\u00e3o abrupta da sertralina pode provocar sintomas de descontinua\u00e7\u00e3o e agravar o quadro emocional, trazendo riscos maiores do que o pr\u00f3prio efeito colateral.<\/p>\n<p data-start=\"4173\" data-end=\"4517\">Ao notar aumento da queda, o ideal \u00e9 conversar com o m\u00e9dico respons\u00e1vel pelo tratamento. Esse profissional poder\u00e1 avaliar se h\u00e1 rela\u00e7\u00e3o direta com o medicamento ou se existem outros fatores associados, como defici\u00eancia de ferro, altera\u00e7\u00f5es hormonais, problemas na tireoide, uso de outros medicamentos, infec\u00e7\u00f5es recentes ou estresse prolongado.<\/p>\n<p data-start=\"4519\" data-end=\"4669\">Em alguns casos, a investiga\u00e7\u00e3o revela que a queda n\u00e3o est\u00e1 ligada \u00e0 sertralina, mas a condi\u00e7\u00f5es paralelas que podem ser tratadas de forma espec\u00edfica.<\/p>\n<h2 data-start=\"4671\" data-end=\"4735\"><\/h2>\n<h2 data-start=\"4671\" data-end=\"4735\"><img loading=\"lazy\" decoding=\"async\" class=\"alignnone wp-image-34331 size-full\" title=\"Vale a pena parar o tratamento por causa da queda de cabelo\" src=\"https:\/\/www.rotaseguros.com.br\/planosdesaude\/wp-content\/uploads\/2026\/01\/Vale-a-pena-parar-o-tratamento-por-causa-da-queda-de-cabelo.png\" alt=\"Vale a pena parar o tratamento por causa da queda de cabelo\" width=\"800\" height=\"200\" srcset=\"https:\/\/www.rotaseguros.com.br\/planosdesaude\/wp-content\/uploads\/2026\/01\/Vale-a-pena-parar-o-tratamento-por-causa-da-queda-de-cabelo.png 800w, https:\/\/www.rotaseguros.com.br\/planosdesaude\/wp-content\/uploads\/2026\/01\/Vale-a-pena-parar-o-tratamento-por-causa-da-queda-de-cabelo-300x75.png 300w, https:\/\/www.rotaseguros.com.br\/planosdesaude\/wp-content\/uploads\/2026\/01\/Vale-a-pena-parar-o-tratamento-por-causa-da-queda-de-cabelo-768x192.png 768w\" sizes=\"auto, (max-width: 800px) 100vw, 800px\" \/><\/h2>\n<h2 data-start=\"4671\" data-end=\"4735\"><\/h2>\n<h2 data-start=\"4671\" data-end=\"4735\"><span class=\"ez-toc-section\" id=\"Vale_a_pena_parar_o_tratamento_por_causa_da_queda_de_cabelo\"><\/span>Vale a pena parar o tratamento por causa da queda de cabelo?<span class=\"ez-toc-section-end\"><\/span><\/h2>\n<p data-start=\"4737\" data-end=\"5062\">Na maioria das situa\u00e7\u00f5es, n\u00e3o vale. A sertralina desempenha um papel importante no controle de transtornos que afetam profundamente a qualidade de vida. Quando a queda de cabelo ocorre, ela tende a ser transit\u00f3ria e manej\u00e1vel, enquanto os benef\u00edcios do tratamento para a sa\u00fade mental costumam ser duradouros e essenciais.<\/p>\n<p data-start=\"5064\" data-end=\"5330\">O cuidado com a sa\u00fade emocional n\u00e3o deve ser negligenciado por medo de um efeito colateral raro. Pelo contr\u00e1rio: equil\u00edbrio emocional, acompanhamento m\u00e9dico e informa\u00e7\u00e3o de qualidade s\u00e3o aliados tanto da sa\u00fade mental quanto da sa\u00fade f\u00edsica\u00a0 incluindo a dos cabelos.<\/p>\n<p data-start=\"5064\" data-end=\"5330\">Leia este outro artigo e conhe\u00e7a mais sobre nosso blog &#8211; <a href=\"https:\/\/www.rotaseguros.com.br\/planosdesaude\/salmonela-como-ocorre\/\">Salmonela: como ocorre a infec\u00e7\u00e3o e cuidados essenciais<\/a><\/p>\n","protected":false},"excerpt":{"rendered":"<p><span class=\"span-reading-time rt-reading-time\" style=\"display: block;\"><span class=\"rt-label rt-prefix\">Reading Time: <\/span> <span class=\"rt-time\"> 4<\/span> <span class=\"rt-label rt-postfix\">minutes<\/span><\/span>A sertralina \u00e9 um antidepressivo amplamente utilizado no tratamento de transtornos como depress\u00e3o, ansiedade, transtorno do p\u00e2nico, transtorno obsessivo-compulsivo (TOC) e estresse p\u00f3s-traum\u00e1tico. Por atuar diretamente na regula\u00e7\u00e3o da serotonina, &#8230;<\/p>\n","protected":false},"author":36,"featured_media":34330,"comment_status":"open","ping_status":"open","sticky":false,"template":"","format":"standard","meta":{"_monsterinsights_skip_tracking":false,"_monsterinsights_sitenote_active":false,"_monsterinsights_sitenote_note":"","_monsterinsights_sitenote_category":0,"footnotes":"","_links_to":"","_links_to_target":""},"categories":[6,1,33,1005],"tags":[4294,4293,4292,693,4290,4291],"class_list":["post-34328","post","type-post","status-publish","format-standard","has-post-thumbnail","hentry","category-dicas","category-sem-categoria","category-rota-seguros","category-saude","tag-antidepressivos","tag-efeitos-colaterais-da-sertralina","tag-queda-de-cabelo-e-antidepressivos","tag-saude-mental","tag-sertralina","tag-sertralina-causa-queda-de-cabelo"],"_links":{"self":[{"href":"https:\/\/www.rotaseguros.com.br\/planosdesaude\/wp-json\/wp\/v2\/posts\/34328","targetHints":{"allow":["GET"]}}],"collection":[{"href":"https:\/\/www.rotaseguros.com.br\/planosdesaude\/wp-json\/wp\/v2\/posts"}],"about":[{"href":"https:\/\/www.rotaseguros.com.br\/planosdesaude\/wp-json\/wp\/v2\/types\/post"}],"author":[{"embeddable":true,"href":"https:\/\/www.rotaseguros.com.br\/planosdesaude\/wp-json\/wp\/v2\/users\/36"}],"replies":[{"embeddable":true,"href":"https:\/\/www.rotaseguros.com.br\/planosdesaude\/wp-json\/wp\/v2\/comments?post=34328"}],"version-history":[{"count":2,"href":"https:\/\/www.rotaseguros.com.br\/planosdesaude\/wp-json\/wp\/v2\/posts\/34328\/revisions"}],"predecessor-version":[{"id":34334,"href":"https:\/\/www.rotaseguros.com.br\/planosdesaude\/wp-json\/wp\/v2\/posts\/34328\/revisions\/34334"}],"wp:featuredmedia":[{"embeddable":true,"href":"https:\/\/www.rotaseguros.com.br\/planosdesaude\/wp-json\/wp\/v2\/media\/34330"}],"wp:attachment":[{"href":"https:\/\/www.rotaseguros.com.br\/planosdesaude\/wp-json\/wp\/v2\/media?parent=34328"}],"wp:term":[{"taxonomy":"category","embeddable":true,"href":"https:\/\/www.rotaseguros.com.br\/planosdesaude\/wp-json\/wp\/v2\/categories?post=34328"},{"taxonomy":"post_tag","embeddable":true,"href":"https:\/\/www.rotaseguros.com.br\/planosdesaude\/wp-json\/wp\/v2\/tags?post=34328"}],"curies":[{"name":"wp","href":"https:\/\/api.w.org\/{rel}","templated":true}]}}