{"id":34378,"date":"2026-03-13T09:10:45","date_gmt":"2026-03-13T12:10:45","guid":{"rendered":"https:\/\/www.rotaseguros.com.br\/planosdesaude\/?p=34378"},"modified":"2026-03-13T09:10:45","modified_gmt":"2026-03-13T12:10:45","slug":"mau-halito-principais-causas","status":"publish","type":"post","link":"https:\/\/www.rotaseguros.com.br\/planosdesaude\/mau-halito-principais-causas\/","title":{"rendered":"Mau h\u00e1lito: principais causas e o que fazer?"},"content":{"rendered":"<span class=\"span-reading-time rt-reading-time\" style=\"display: block;\"><span class=\"rt-label rt-prefix\">Reading Time: <\/span> <span class=\"rt-time\"> 3<\/span> <span class=\"rt-label rt-postfix\">minutes<\/span><\/span><p data-start=\"263\" data-end=\"398\">Voc\u00ea j\u00e1 ficou inseguro ao conversar com algu\u00e9m de perto? Ou percebeu que as pessoas evitavam chegar muito pr\u00f3ximo quando voc\u00ea falava?<\/p><div id=\"ez-toc-container\" class=\"ez-toc-v2_0_82_2 counter-flat ez-toc-counter ez-toc-grey ez-toc-container-direction\">\n<div class=\"ez-toc-title-container\">\n<p class=\"ez-toc-title\" style=\"cursor:inherit\">Aqui voc\u00ea encontra:<\/p>\n<span class=\"ez-toc-title-toggle\"><a href=\"#\" class=\"ez-toc-pull-right ez-toc-btn ez-toc-btn-xs ez-toc-btn-default ez-toc-toggle\" aria-label=\"Alternar tabela de conte\u00fado\"><span class=\"ez-toc-js-icon-con\"><span class=\"\"><span class=\"eztoc-hide\" style=\"display:none;\">Toggle<\/span><span class=\"ez-toc-icon-toggle-span\"><svg style=\"fill: #999;color:#999\" xmlns=\"http:\/\/www.w3.org\/2000\/svg\" class=\"list-377408\" width=\"20px\" height=\"20px\" viewBox=\"0 0 24 24\" fill=\"none\"><path d=\"M6 6H4v2h2V6zm14 0H8v2h12V6zM4 11h2v2H4v-2zm16 0H8v2h12v-2zM4 16h2v2H4v-2zm16 0H8v2h12v-2z\" fill=\"currentColor\"><\/path><\/svg><svg style=\"fill: #999;color:#999\" class=\"arrow-unsorted-368013\" xmlns=\"http:\/\/www.w3.org\/2000\/svg\" width=\"10px\" height=\"10px\" viewBox=\"0 0 24 24\" version=\"1.2\" baseProfile=\"tiny\"><path d=\"M18.2 9.3l-6.2-6.3-6.2 6.3c-.2.2-.3.4-.3.7s.1.5.3.7c.2.2.4.3.7.3h11c.3 0 .5-.1.7-.3.2-.2.3-.5.3-.7s-.1-.5-.3-.7zM5.8 14.7l6.2 6.3 6.2-6.3c.2-.2.3-.5.3-.7s-.1-.5-.3-.7c-.2-.2-.4-.3-.7-.3h-11c-.3 0-.5.1-.7.3-.2.2-.3.5-.3.7s.1.5.3.7z\"\/><\/svg><\/span><\/span><\/span><\/a><\/span><\/div>\n<nav><ul class='ez-toc-list ez-toc-list-level-1 ' ><li class='ez-toc-page-1'><a class=\"ez-toc-link ez-toc-heading-1\" href=\"https:\/\/www.rotaseguros.com.br\/planosdesaude\/mau-halito-principais-causas\/#O_que_e_o_mau_halito\" >O que \u00e9 o mau h\u00e1lito?<\/a><\/li><li class='ez-toc-page-1'><a class=\"ez-toc-link ez-toc-heading-2\" href=\"https:\/\/www.rotaseguros.com.br\/planosdesaude\/mau-halito-principais-causas\/#Principais_causas_do_mau_halito\" >Principais causas do mau h\u00e1lito<\/a><\/li><li class='ez-toc-page-1'><a class=\"ez-toc-link ez-toc-heading-3\" href=\"https:\/\/www.rotaseguros.com.br\/planosdesaude\/mau-halito-principais-causas\/#1_Higiene_bucal_inadequada\" >1. Higiene bucal inadequada<\/a><\/li><li class='ez-toc-page-1'><a class=\"ez-toc-link ez-toc-heading-4\" href=\"https:\/\/www.rotaseguros.com.br\/planosdesaude\/mau-halito-principais-causas\/#2_Problemas_na_gengiva\" >2. Problemas na gengiva<\/a><\/li><li class='ez-toc-page-1'><a class=\"ez-toc-link ez-toc-heading-5\" href=\"https:\/\/www.rotaseguros.com.br\/planosdesaude\/mau-halito-principais-causas\/#3_Boca_seca_xerostomia\" >3. Boca seca (xerostomia)<\/a><\/li><li class='ez-toc-page-1'><a class=\"ez-toc-link ez-toc-heading-6\" href=\"https:\/\/www.rotaseguros.com.br\/planosdesaude\/mau-halito-principais-causas\/#4_Jejum_prolongado\" >4. Jejum prolongado<\/a><\/li><li class='ez-toc-page-1'><a class=\"ez-toc-link ez-toc-heading-7\" href=\"https:\/\/www.rotaseguros.com.br\/planosdesaude\/mau-halito-principais-causas\/#5_Problemas_digestivos_ou_sistemicos\" >5. Problemas digestivos ou sist\u00eamicos<\/a><\/li><li class='ez-toc-page-1'><a class=\"ez-toc-link ez-toc-heading-8\" href=\"https:\/\/www.rotaseguros.com.br\/planosdesaude\/mau-halito-principais-causas\/#O_que_fazer_para_acabar_com_o_mau_halito\" >O que fazer para acabar com o mau h\u00e1lito?<\/a><\/li><li class='ez-toc-page-1'><a class=\"ez-toc-link ez-toc-heading-9\" href=\"https:\/\/www.rotaseguros.com.br\/planosdesaude\/mau-halito-principais-causas\/#Mau_halito_nao_e_%E2%80%9Cnormal%E2%80%9D_e_sinal_de_alerta\" >Mau h\u00e1lito n\u00e3o \u00e9 \u201cnormal\u201d, \u00e9 sinal de alerta<\/a><\/li><\/ul><\/nav><\/div>\n\n<p data-start=\"400\" data-end=\"660\">O mau h\u00e1lito, tamb\u00e9m chamado de halitose, \u00e9 um problema mais comum do que se imagina e, na maioria das vezes, tem solu\u00e7\u00e3o. O que muita gente n\u00e3o sabe \u00e9 que ele pode ser um sinal de que algo n\u00e3o vai bem com a sa\u00fade bucal (ou at\u00e9 com o organismo como um todo).<\/p>\n<p data-start=\"662\" data-end=\"773\">Ignorar o problema n\u00e3o resolve. Entender as causas \u00e9 o primeiro passo para recuperar a confian\u00e7a e o bem-estar.<\/p>\n<h2 data-start=\"780\" data-end=\"804\"><span class=\"ez-toc-section\" id=\"O_que_e_o_mau_halito\"><\/span>O que \u00e9 o mau h\u00e1lito?<span class=\"ez-toc-section-end\"><\/span><\/h2>\n<p data-start=\"806\" data-end=\"962\">O mau h\u00e1lito \u00e9 um odor desagrad\u00e1vel liberado pela boca, geralmente provocado pela a\u00e7\u00e3o de bact\u00e9rias que se acumulam na l\u00edngua, entre os dentes e na gengiva.<\/p>\n<p data-start=\"964\" data-end=\"1126\">Essas bact\u00e9rias se alimentam de restos de comida e c\u00e9lulas descamadas da mucosa bucal, liberando compostos sulfurados os grandes respons\u00e1veis pelo cheiro forte.<\/p>\n<p data-start=\"1128\" data-end=\"1180\">Mas aten\u00e7\u00e3o: nem todo mau h\u00e1lito vem apenas da boca.<\/p>\n<p data-start=\"1128\" data-end=\"1180\"><img loading=\"lazy\" decoding=\"async\" class=\"alignnone wp-image-34382 size-full\" title=\"Principais causas do mau h\u00e1lito\" src=\"https:\/\/www.rotaseguros.com.br\/planosdesaude\/wp-content\/uploads\/2026\/02\/Principais-causas-do-mau-halito.png\" alt=\"Principais causas do mau h\u00e1lito\" width=\"800\" height=\"440\" srcset=\"https:\/\/www.rotaseguros.com.br\/planosdesaude\/wp-content\/uploads\/2026\/02\/Principais-causas-do-mau-halito.png 800w, https:\/\/www.rotaseguros.com.br\/planosdesaude\/wp-content\/uploads\/2026\/02\/Principais-causas-do-mau-halito-300x165.png 300w, https:\/\/www.rotaseguros.com.br\/planosdesaude\/wp-content\/uploads\/2026\/02\/Principais-causas-do-mau-halito-768x422.png 768w\" sizes=\"auto, (max-width: 800px) 100vw, 800px\" \/><\/p>\n<h2 data-start=\"1128\" data-end=\"1180\"><span class=\"ez-toc-section\" id=\"Principais_causas_do_mau_halito\"><\/span>Principais causas do mau h\u00e1lito<span class=\"ez-toc-section-end\"><\/span><\/h2>\n<p>Compreender o que provoca o odor desagrad\u00e1vel \u00e9 fundamental n\u00e3o apenas para tratar o problema, mas tamb\u00e9m para prevenir novos epis\u00f3dios afinal, conhecer cada fator envolvido nas principais causas do mau h\u00e1lito \u00e9 o primeiro passo para recuperar a seguran\u00e7a ao falar, sorrir e se relacionar.<\/p>\n<h3 data-start=\"1223\" data-end=\"1254\"><span class=\"ez-toc-section\" id=\"1_Higiene_bucal_inadequada\"><\/span>1. <a href=\"https:\/\/pt.wikipedia.org\/wiki\/Higiene_bucal\" target=\"_blank\" rel=\"noopener\">Higiene bucal<\/a> inadequada<span class=\"ez-toc-section-end\"><\/span><\/h3>\n<p data-start=\"1256\" data-end=\"1282\">Essa \u00e9 a causa mais comum.<\/p>\n<p data-start=\"1284\" data-end=\"1439\">Quando a escova\u00e7\u00e3o n\u00e3o \u00e9 feita corretamente \u2014 ou o fio dental \u00e9 deixado de lado \u2014 restos de alimentos ficam acumulados e servem de alimento para bact\u00e9rias.<\/p>\n<p data-start=\"1441\" data-end=\"1615\">Al\u00e9m disso, muitas pessoas esquecem de escovar a l\u00edngua, onde se forma a chamada \u201csaburra lingual\u201d, uma placa esbranqui\u00e7ada que concentra grande quantidade de microrganismos.<\/p>\n<h3 data-start=\"1622\" data-end=\"1649\"><span class=\"ez-toc-section\" id=\"2_Problemas_na_gengiva\"><\/span>2. Problemas na gengiva<span class=\"ez-toc-section-end\"><\/span><\/h3>\n<p data-start=\"1651\" data-end=\"1716\">Gengivite e periodontite tamb\u00e9m est\u00e3o entre as causas frequentes.<\/p>\n<p data-start=\"1718\" data-end=\"1875\">A inflama\u00e7\u00e3o da gengiva cria um ambiente prop\u00edcio para prolifera\u00e7\u00e3o bacteriana, o que pode gerar odor desagrad\u00e1vel e, se n\u00e3o tratado, levar \u00e0 perda dent\u00e1ria.<\/p>\n<h3 data-start=\"1882\" data-end=\"1911\"><span class=\"ez-toc-section\" id=\"3_Boca_seca_xerostomia\"><\/span>3. Boca seca (xerostomia)<span class=\"ez-toc-section-end\"><\/span><\/h3>\n<p data-start=\"1913\" data-end=\"2109\">A saliva tem papel fundamental na limpeza natural da boca. Quando h\u00e1 redu\u00e7\u00e3o da produ\u00e7\u00e3o salivar \u2014 seja por uso de medicamentos, estresse ou baixa ingest\u00e3o de \u00e1gua \u2014 o risco de mau h\u00e1lito aumenta.<\/p>\n<p data-start=\"2111\" data-end=\"2155\">A boca seca favorece o ac\u00famulo de bact\u00e9rias.<\/p>\n<h3 data-start=\"2162\" data-end=\"2185\"><span class=\"ez-toc-section\" id=\"4_Jejum_prolongado\"><\/span>4. Jejum prolongado<span class=\"ez-toc-section-end\"><\/span><\/h3>\n<p data-start=\"2187\" data-end=\"2245\">Ficar muitas horas sem se alimentar pode alterar o h\u00e1lito.<\/p>\n<p data-start=\"2247\" data-end=\"2385\">Isso acontece porque o organismo passa a utilizar gordura como fonte de energia, liberando subst\u00e2ncias que modificam o odor da respira\u00e7\u00e3o.<\/p>\n<h3 data-start=\"2392\" data-end=\"2433\"><span class=\"ez-toc-section\" id=\"5_Problemas_digestivos_ou_sistemicos\"><\/span>5. Problemas digestivos ou sist\u00eamicos<span class=\"ez-toc-section-end\"><\/span><\/h3>\n<p data-start=\"2435\" data-end=\"2508\">Embora menos comum, o mau h\u00e1lito pode estar relacionado a condi\u00e7\u00f5es como:<\/p>\n<ul data-start=\"2510\" data-end=\"2626\">\n<li data-start=\"2510\" data-end=\"2537\">\n<p data-start=\"2512\" data-end=\"2537\">Refluxo gastroesof\u00e1gico<\/p>\n<\/li>\n<li data-start=\"2538\" data-end=\"2564\">\n<p data-start=\"2540\" data-end=\"2564\">Diabetes descompensada<\/p>\n<\/li>\n<li data-start=\"2565\" data-end=\"2592\">\n<p data-start=\"2567\" data-end=\"2592\">Infec\u00e7\u00f5es respirat\u00f3rias<\/p>\n<\/li>\n<li data-start=\"2593\" data-end=\"2626\">\n<p data-start=\"2595\" data-end=\"2626\">Problemas hep\u00e1ticos ou renais<\/p>\n<\/li>\n<\/ul>\n<p data-start=\"2628\" data-end=\"2695\">Nesses casos, o odor costuma persistir mesmo com boa higiene bucal.<\/p>\n<p data-start=\"2628\" data-end=\"2695\"><img loading=\"lazy\" decoding=\"async\" class=\"alignnone wp-image-34384 size-full\" title=\"O que fazer para acabar com o mau h\u00e1lito\" src=\"https:\/\/www.rotaseguros.com.br\/planosdesaude\/wp-content\/uploads\/2026\/02\/O-que-fazer-para-acabar-com-o-mau-halito.png\" alt=\"O que fazer para acabar com o mau h\u00e1lito\" width=\"800\" height=\"200\" srcset=\"https:\/\/www.rotaseguros.com.br\/planosdesaude\/wp-content\/uploads\/2026\/02\/O-que-fazer-para-acabar-com-o-mau-halito.png 800w, https:\/\/www.rotaseguros.com.br\/planosdesaude\/wp-content\/uploads\/2026\/02\/O-que-fazer-para-acabar-com-o-mau-halito-300x75.png 300w, https:\/\/www.rotaseguros.com.br\/planosdesaude\/wp-content\/uploads\/2026\/02\/O-que-fazer-para-acabar-com-o-mau-halito-768x192.png 768w\" sizes=\"auto, (max-width: 800px) 100vw, 800px\" \/><\/p>\n<h2 data-start=\"0\" data-end=\"44\"><span class=\"ez-toc-section\" id=\"O_que_fazer_para_acabar_com_o_mau_halito\"><\/span>O que fazer para acabar com o mau h\u00e1lito?<span class=\"ez-toc-section-end\"><\/span><\/h2>\n<p data-start=\"46\" data-end=\"712\" data-is-last-node=\"\" data-is-only-node=\"\">Na maioria dos casos, a solu\u00e7\u00e3o \u00e9 simples e come\u00e7a com cuidados di\u00e1rios. Manter uma higiene bucal adequada \u00e9 fundamental: escovar os dentes ap\u00f3s as refei\u00e7\u00f5es, usar fio dental todos os dias e higienizar a l\u00edngua ajudam a reduzir as bact\u00e9rias respons\u00e1veis pelo odor.<\/p>\n<p data-start=\"46\" data-end=\"712\" data-is-last-node=\"\" data-is-only-node=\"\">Beber bastante \u00e1gua tamb\u00e9m faz diferen\u00e7a, pois estimula a produ\u00e7\u00e3o de saliva e contribui para a limpeza natural da boca. Al\u00e9m disso, evitar longos per\u00edodos em jejum e manter uma alimenta\u00e7\u00e3o equilibrada favorecem um h\u00e1lito mais saud\u00e1vel. O acompanhamento regular com o dentista \u00e9 essencial para identificar e tratar poss\u00edveis problemas bucais ou, se necess\u00e1rio, orientar a procura por avalia\u00e7\u00e3o m\u00e9dica.<\/p>\n<p data-start=\"46\" data-end=\"712\" data-is-last-node=\"\" data-is-only-node=\"\"><img loading=\"lazy\" decoding=\"async\" class=\"alignnone wp-image-34383 size-full\" title=\"Mau h\u00e1lito n\u00e3o \u00e9 \u201cnormal\u201d, \u00e9 sinal de alerta\" src=\"https:\/\/www.rotaseguros.com.br\/planosdesaude\/wp-content\/uploads\/2026\/02\/Mau-halito-nao-e-normal-e-sinal-de-alerta.png\" alt=\"Mau h\u00e1lito n\u00e3o \u00e9 \u201cnormal\u201d, \u00e9 sinal de alerta\" width=\"800\" height=\"200\" srcset=\"https:\/\/www.rotaseguros.com.br\/planosdesaude\/wp-content\/uploads\/2026\/02\/Mau-halito-nao-e-normal-e-sinal-de-alerta.png 800w, https:\/\/www.rotaseguros.com.br\/planosdesaude\/wp-content\/uploads\/2026\/02\/Mau-halito-nao-e-normal-e-sinal-de-alerta-300x75.png 300w, https:\/\/www.rotaseguros.com.br\/planosdesaude\/wp-content\/uploads\/2026\/02\/Mau-halito-nao-e-normal-e-sinal-de-alerta-768x192.png 768w\" sizes=\"auto, (max-width: 800px) 100vw, 800px\" \/><\/p>\n<h2 data-start=\"1561\" data-end=\"1609\"><span class=\"ez-toc-section\" id=\"Mau_halito_nao_e_%E2%80%9Cnormal%E2%80%9D_e_sinal_de_alerta\"><\/span>Mau h\u00e1lito n\u00e3o \u00e9 \u201cnormal\u201d, \u00e9 sinal de alerta<span class=\"ez-toc-section-end\"><\/span><\/h2>\n<p data-start=\"1611\" data-end=\"1741\">Muita gente aprende a conviver com o problema por vergonha ou falta de informa\u00e7\u00e3o. No entanto, o mau h\u00e1lito n\u00e3o deve ser ignorado.<\/p>\n<p data-start=\"1743\" data-end=\"1910\">Ele pode impactar relacionamentos, autoestima e at\u00e9 oportunidades profissionais. Mais do que uma quest\u00e3o est\u00e9tica, trata-se de um sinal de que algo precisa de aten\u00e7\u00e3o.<\/p>\n<p data-start=\"1912\" data-end=\"1979\" data-is-last-node=\"\" data-is-only-node=\"\">Cuidar do h\u00e1lito \u00e9 cuidar da sua sa\u00fade e tamb\u00e9m da sua confian\u00e7a.<\/p>\n<p data-start=\"1912\" data-end=\"1979\" data-is-last-node=\"\" data-is-only-node=\"\">Leia tamb\u00e9m esse artigo &#8211; <a href=\"https:\/\/www.rotaseguros.com.br\/planosdesaude\/ozempic-e-wegovy\/\">Ozempic e Wegovy: plano de sa\u00fade cobre para emagrecimento?<\/a><\/p>\n","protected":false},"excerpt":{"rendered":"<p><span class=\"span-reading-time rt-reading-time\" style=\"display: block;\"><span class=\"rt-label rt-prefix\">Reading Time: <\/span> <span class=\"rt-time\"> 3<\/span> <span class=\"rt-label rt-postfix\">minutes<\/span><\/span>Voc\u00ea j\u00e1 ficou inseguro ao conversar com algu\u00e9m de perto? Ou percebeu que as pessoas evitavam chegar muito pr\u00f3ximo quando voc\u00ea falava? O mau h\u00e1lito, tamb\u00e9m chamado de halitose, \u00e9 &#8230;<\/p>\n","protected":false},"author":36,"featured_media":34381,"comment_status":"open","ping_status":"open","sticky":false,"template":"","format":"standard","meta":{"_monsterinsights_skip_tracking":false,"_monsterinsights_sitenote_active":false,"_monsterinsights_sitenote_note":"","_monsterinsights_sitenote_category":0,"footnotes":"","_links_to":"","_links_to_target":""},"categories":[6,27,33,1005],"tags":[4312,4310,4311,4313,4314,1508,4315,4309,3406,4308,277],"class_list":["post-34378","post","type-post","status-publish","format-standard","has-post-thumbnail","hentry","category-dicas","category-plano-de-saude","category-rota-seguros","category-saude","tag-boca-seca","tag-causas-do-mau-halito","tag-como-acabar-com-mau-halito","tag-escovacao-correta","tag-fio-dental","tag-gengivite","tag-halito-saudavel","tag-halitose","tag-higiene-bucal","tag-mau-halito","tag-saude-bucal"],"_links":{"self":[{"href":"https:\/\/www.rotaseguros.com.br\/planosdesaude\/wp-json\/wp\/v2\/posts\/34378","targetHints":{"allow":["GET"]}}],"collection":[{"href":"https:\/\/www.rotaseguros.com.br\/planosdesaude\/wp-json\/wp\/v2\/posts"}],"about":[{"href":"https:\/\/www.rotaseguros.com.br\/planosdesaude\/wp-json\/wp\/v2\/types\/post"}],"author":[{"embeddable":true,"href":"https:\/\/www.rotaseguros.com.br\/planosdesaude\/wp-json\/wp\/v2\/users\/36"}],"replies":[{"embeddable":true,"href":"https:\/\/www.rotaseguros.com.br\/planosdesaude\/wp-json\/wp\/v2\/comments?post=34378"}],"version-history":[{"count":4,"href":"https:\/\/www.rotaseguros.com.br\/planosdesaude\/wp-json\/wp\/v2\/posts\/34378\/revisions"}],"predecessor-version":[{"id":34510,"href":"https:\/\/www.rotaseguros.com.br\/planosdesaude\/wp-json\/wp\/v2\/posts\/34378\/revisions\/34510"}],"wp:featuredmedia":[{"embeddable":true,"href":"https:\/\/www.rotaseguros.com.br\/planosdesaude\/wp-json\/wp\/v2\/media\/34381"}],"wp:attachment":[{"href":"https:\/\/www.rotaseguros.com.br\/planosdesaude\/wp-json\/wp\/v2\/media?parent=34378"}],"wp:term":[{"taxonomy":"category","embeddable":true,"href":"https:\/\/www.rotaseguros.com.br\/planosdesaude\/wp-json\/wp\/v2\/categories?post=34378"},{"taxonomy":"post_tag","embeddable":true,"href":"https:\/\/www.rotaseguros.com.br\/planosdesaude\/wp-json\/wp\/v2\/tags?post=34378"}],"curies":[{"name":"wp","href":"https:\/\/api.w.org\/{rel}","templated":true}]}}