{"id":34401,"date":"2026-02-23T13:33:53","date_gmt":"2026-02-23T16:33:53","guid":{"rendered":"https:\/\/www.rotaseguros.com.br\/planosdesaude\/?p=34401"},"modified":"2026-02-23T13:33:53","modified_gmt":"2026-02-23T16:33:53","slug":"esclerose-lateral-amiotrofica","status":"publish","type":"post","link":"https:\/\/www.rotaseguros.com.br\/planosdesaude\/esclerose-lateral-amiotrofica\/","title":{"rendered":"Esclerose Lateral Amiotr\u00f3fica (ELA): Entenda mais sobre!"},"content":{"rendered":"<span class=\"span-reading-time rt-reading-time\" style=\"display: block;\"><span class=\"rt-label rt-prefix\">Reading Time: <\/span> <span class=\"rt-time\"> 3<\/span> <span class=\"rt-label rt-postfix\">minutes<\/span><\/span><p data-start=\"311\" data-end=\"615\">A Esclerose Lateral Amiotr\u00f3fica (ELA) \u00e9 uma <a href=\"https:\/\/neurodegenerationresearch.eu\/pt-pt\/o-que-e-uma-doenca-neurodegenerativa\/\" target=\"_blank\" rel=\"noopener\">doen\u00e7a neurodegenerativa<\/a> progressiva que afeta os neur\u00f4nios motores, respons\u00e1veis por controlar os movimentos volunt\u00e1rios do corpo. Embora considerada rara, a condi\u00e7\u00e3o tem grande impacto funcional e emocional, tanto para os pacientes quanto para suas fam\u00edlias.<\/p><div id=\"ez-toc-container\" class=\"ez-toc-v2_0_82_2 counter-flat ez-toc-counter ez-toc-grey ez-toc-container-direction\">\n<div class=\"ez-toc-title-container\">\n<p class=\"ez-toc-title\" style=\"cursor:inherit\">Aqui voc\u00ea encontra:<\/p>\n<span class=\"ez-toc-title-toggle\"><a href=\"#\" class=\"ez-toc-pull-right ez-toc-btn ez-toc-btn-xs ez-toc-btn-default ez-toc-toggle\" aria-label=\"Alternar tabela de conte\u00fado\"><span class=\"ez-toc-js-icon-con\"><span class=\"\"><span class=\"eztoc-hide\" style=\"display:none;\">Toggle<\/span><span class=\"ez-toc-icon-toggle-span\"><svg style=\"fill: #999;color:#999\" xmlns=\"http:\/\/www.w3.org\/2000\/svg\" class=\"list-377408\" width=\"20px\" height=\"20px\" viewBox=\"0 0 24 24\" fill=\"none\"><path d=\"M6 6H4v2h2V6zm14 0H8v2h12V6zM4 11h2v2H4v-2zm16 0H8v2h12v-2zM4 16h2v2H4v-2zm16 0H8v2h12v-2z\" fill=\"currentColor\"><\/path><\/svg><svg style=\"fill: #999;color:#999\" class=\"arrow-unsorted-368013\" xmlns=\"http:\/\/www.w3.org\/2000\/svg\" width=\"10px\" height=\"10px\" viewBox=\"0 0 24 24\" version=\"1.2\" baseProfile=\"tiny\"><path d=\"M18.2 9.3l-6.2-6.3-6.2 6.3c-.2.2-.3.4-.3.7s.1.5.3.7c.2.2.4.3.7.3h11c.3 0 .5-.1.7-.3.2-.2.3-.5.3-.7s-.1-.5-.3-.7zM5.8 14.7l6.2 6.3 6.2-6.3c.2-.2.3-.5.3-.7s-.1-.5-.3-.7c-.2-.2-.4-.3-.7-.3h-11c-.3 0-.5.1-.7.3-.2.2-.3.5-.3.7s.1.5.3.7z\"\/><\/svg><\/span><\/span><\/span><\/a><\/span><\/div>\n<nav><ul class='ez-toc-list ez-toc-list-level-1 ' ><li class='ez-toc-page-1'><a class=\"ez-toc-link ez-toc-heading-1\" href=\"https:\/\/www.rotaseguros.com.br\/planosdesaude\/esclerose-lateral-amiotrofica\/#O_que_e_a_Esclerose_Lateral_Amiotrofica\" >O que \u00e9 a Esclerose Lateral Amiotr\u00f3fica?<\/a><\/li><li class='ez-toc-page-1'><a class=\"ez-toc-link ez-toc-heading-2\" href=\"https:\/\/www.rotaseguros.com.br\/planosdesaude\/esclerose-lateral-amiotrofica\/#Epidemiologia_e_fatores_de_risco\" >Epidemiologia e fatores de risco<\/a><\/li><li class='ez-toc-page-1'><a class=\"ez-toc-link ez-toc-heading-3\" href=\"https:\/\/www.rotaseguros.com.br\/planosdesaude\/esclerose-lateral-amiotrofica\/#Principais_sintomas\" >Principais sintomas<\/a><\/li><li class='ez-toc-page-1'><a class=\"ez-toc-link ez-toc-heading-4\" href=\"https:\/\/www.rotaseguros.com.br\/planosdesaude\/esclerose-lateral-amiotrofica\/#Como_e_feito_o_diagnostico\" >Como \u00e9 feito o diagn\u00f3stico?<\/a><\/li><li class='ez-toc-page-1'><a class=\"ez-toc-link ez-toc-heading-5\" href=\"https:\/\/www.rotaseguros.com.br\/planosdesaude\/esclerose-lateral-amiotrofica\/#Tratamento_e_manejo_multidisciplinar\" >Tratamento e manejo multidisciplinar<\/a><\/li><li class='ez-toc-page-1'><a class=\"ez-toc-link ez-toc-heading-6\" href=\"https:\/\/www.rotaseguros.com.br\/planosdesaude\/esclerose-lateral-amiotrofica\/#Impactos_emocionais_e_sociais\" >Impactos emocionais e sociais<\/a><\/li><li class='ez-toc-page-1'><a class=\"ez-toc-link ez-toc-heading-7\" href=\"https:\/\/www.rotaseguros.com.br\/planosdesaude\/esclerose-lateral-amiotrofica\/#A_importancia_da_informacao\" >A import\u00e2ncia da informa\u00e7\u00e3o<\/a><\/li><\/ul><\/nav><\/div>\n\n<p data-start=\"617\" data-end=\"928\">Recentemente, <strong>a<\/strong> <strong>doen\u00e7a voltou ao debate p\u00fablico ap\u00f3s a divulga\u00e7\u00e3o do falecimento do ator Eric Dane, aos 53 anos, em decorr\u00eancia de complica\u00e7\u00f5es relacionadas \u00e0 ELA<\/strong>. A repercuss\u00e3o refor\u00e7a a import\u00e2ncia de ampliar a informa\u00e7\u00e3o qualificada sobre a condi\u00e7\u00e3o, seus sintomas, diagn\u00f3stico e possibilidades terap\u00eauticas.<\/p>\n<p data-start=\"617\" data-end=\"928\"><img loading=\"lazy\" decoding=\"async\" class=\"alignnone wp-image-34404 size-full\" title=\"O que \u00e9 a Esclerose Lateral Amiotr\u00f3fica\" src=\"https:\/\/www.rotaseguros.com.br\/planosdesaude\/wp-content\/uploads\/2026\/02\/O-que-e-a-Esclerose-Lateral-Amiotrofica.png\" alt=\"O que \u00e9 a Esclerose Lateral Amiotr\u00f3fica\" width=\"800\" height=\"200\" srcset=\"https:\/\/www.rotaseguros.com.br\/planosdesaude\/wp-content\/uploads\/2026\/02\/O-que-e-a-Esclerose-Lateral-Amiotrofica.png 800w, https:\/\/www.rotaseguros.com.br\/planosdesaude\/wp-content\/uploads\/2026\/02\/O-que-e-a-Esclerose-Lateral-Amiotrofica-300x75.png 300w, https:\/\/www.rotaseguros.com.br\/planosdesaude\/wp-content\/uploads\/2026\/02\/O-que-e-a-Esclerose-Lateral-Amiotrofica-768x192.png 768w\" sizes=\"auto, (max-width: 800px) 100vw, 800px\" \/><\/p>\n<h2 data-start=\"935\" data-end=\"978\"><span class=\"ez-toc-section\" id=\"O_que_e_a_Esclerose_Lateral_Amiotrofica\"><\/span>O que \u00e9 a Esclerose Lateral Amiotr\u00f3fica?<span class=\"ez-toc-section-end\"><\/span><\/h2>\n<p data-start=\"980\" data-end=\"1232\">A ELA \u00e9 caracterizada pela degenera\u00e7\u00e3o progressiva dos neur\u00f4nios motores superiores (localizados no c\u00e9rebro) e inferiores (presentes na medula espinhal). Essas c\u00e9lulas s\u00e3o respons\u00e1veis por transmitir impulsos nervosos que permitem a contra\u00e7\u00e3o muscular.<\/p>\n<p data-start=\"1234\" data-end=\"1482\">Com a morte desses neur\u00f4nios, os m\u00fasculos deixam de receber est\u00edmulos adequados, levando \u00e0 fraqueza progressiva, atrofia muscular e perda de movimentos volunt\u00e1rios. A evolu\u00e7\u00e3o da doen\u00e7a compromete fun\u00e7\u00f5es essenciais, como falar, engolir e respirar.<\/p>\n<p data-start=\"1484\" data-end=\"1670\">Importante destacar que, na maioria dos casos, as fun\u00e7\u00f5es cognitivas permanecem preservadas, o que significa que o paciente mant\u00e9m consci\u00eancia e lucidez ao longo da progress\u00e3o da doen\u00e7a.<\/p>\n<h2 data-start=\"1677\" data-end=\"1712\"><span class=\"ez-toc-section\" id=\"Epidemiologia_e_fatores_de_risco\"><\/span>Epidemiologia e fatores de risco<span class=\"ez-toc-section-end\"><\/span><\/h2>\n<p data-start=\"1714\" data-end=\"1833\">A ELA \u00e9 considerada uma doen\u00e7a rara. A incid\u00eancia estimada \u00e9 de aproximadamente 1 a 2 casos por 100 mil pessoas ao ano.<\/p>\n<p data-start=\"1835\" data-end=\"2136\">Ela pode se manifestar em adultos de diferentes idades, sendo mais comum entre os 40 e 70 anos. A maior parte dos casos (cerca de 90%) \u00e9 classificada como espor\u00e1dica, ou seja, sem hist\u00f3rico familiar conhecido. Entre 5% e 10% apresentam car\u00e1ter heredit\u00e1rio, associados a muta\u00e7\u00f5es gen\u00e9ticas espec\u00edficas.<\/p>\n<p data-start=\"2138\" data-end=\"2327\">Ainda n\u00e3o existe uma causa \u00fanica definida. Estudos apontam poss\u00edveis intera\u00e7\u00f5es entre fatores gen\u00e9ticos, ambientais e mecanismos celulares, como estresse oxidativo e disfun\u00e7\u00e3o mitocondrial.<\/p>\n<p data-start=\"2138\" data-end=\"2327\"><img loading=\"lazy\" decoding=\"async\" class=\"alignnone wp-image-34405 size-full\" title=\"Principais sintomas\" src=\"https:\/\/www.rotaseguros.com.br\/planosdesaude\/wp-content\/uploads\/2026\/02\/Principais-sintomas.png\" alt=\"Principais sintomas\" width=\"800\" height=\"200\" srcset=\"https:\/\/www.rotaseguros.com.br\/planosdesaude\/wp-content\/uploads\/2026\/02\/Principais-sintomas.png 800w, https:\/\/www.rotaseguros.com.br\/planosdesaude\/wp-content\/uploads\/2026\/02\/Principais-sintomas-300x75.png 300w, https:\/\/www.rotaseguros.com.br\/planosdesaude\/wp-content\/uploads\/2026\/02\/Principais-sintomas-768x192.png 768w\" sizes=\"auto, (max-width: 800px) 100vw, 800px\" \/><\/p>\n<h2 data-start=\"2334\" data-end=\"2356\"><span class=\"ez-toc-section\" id=\"Principais_sintomas\"><\/span>Principais sintomas<span class=\"ez-toc-section-end\"><\/span><\/h2>\n<p data-start=\"2358\" data-end=\"2491\">Os sinais iniciais da ELA podem ser sutis e variam conforme a regi\u00e3o inicialmente acometida. Entre os sintomas mais frequentes est\u00e3o:<\/p>\n<ul data-start=\"2493\" data-end=\"2824\">\n<li data-start=\"2493\" data-end=\"2569\">\n<p data-start=\"2495\" data-end=\"2569\">Fraqueza muscular localizada, que pode come\u00e7ar em m\u00e3os, bra\u00e7os ou pernas<\/p>\n<\/li>\n<li data-start=\"2570\" data-end=\"2653\">\n<p data-start=\"2572\" data-end=\"2653\">Dificuldade para realizar tarefas simples, como abotoar roupas ou subir escadas<\/p>\n<\/li>\n<li data-start=\"2654\" data-end=\"2703\">\n<p data-start=\"2656\" data-end=\"2703\">C\u00e3ibras e espasmos musculares (fascicula\u00e7\u00f5es)<\/p>\n<\/li>\n<li data-start=\"2704\" data-end=\"2738\">\n<p data-start=\"2706\" data-end=\"2738\">Altera\u00e7\u00f5es na fala (disartria)<\/p>\n<\/li>\n<li data-start=\"2739\" data-end=\"2778\">\n<p data-start=\"2741\" data-end=\"2778\">Dificuldade para engolir (disfagia)<\/p>\n<\/li>\n<li data-start=\"2779\" data-end=\"2824\">\n<p data-start=\"2781\" data-end=\"2824\">Comprometimento progressivo da respira\u00e7\u00e3o<\/p>\n<\/li>\n<\/ul>\n<p data-start=\"2826\" data-end=\"2897\">Com o avan\u00e7o da doen\u00e7a, ocorre perda significativa da autonomia motora.<\/p>\n<h2 data-start=\"2904\" data-end=\"2934\"><span class=\"ez-toc-section\" id=\"Como_e_feito_o_diagnostico\"><\/span>Como \u00e9 feito o diagn\u00f3stico?<span class=\"ez-toc-section-end\"><\/span><\/h2>\n<p data-start=\"2936\" data-end=\"3092\">O diagn\u00f3stico da ELA \u00e9 cl\u00ednico e baseado na avalia\u00e7\u00e3o neurol\u00f3gica detalhada, associada a exames complementares que auxiliam na exclus\u00e3o de outras condi\u00e7\u00f5es.<\/p>\n<p data-start=\"3094\" data-end=\"3127\">Entre os exames utilizados est\u00e3o:<\/p>\n<ul data-start=\"3129\" data-end=\"3223\">\n<li data-start=\"3129\" data-end=\"3160\">\n<p data-start=\"3131\" data-end=\"3160\">Eletroneuromiografia (ENMG)<\/p>\n<\/li>\n<li data-start=\"3161\" data-end=\"3186\">\n<p data-start=\"3163\" data-end=\"3186\">Resson\u00e2ncia magn\u00e9tica<\/p>\n<\/li>\n<li data-start=\"3187\" data-end=\"3223\">\n<p data-start=\"3189\" data-end=\"3223\">Exames laboratoriais espec\u00edficos<\/p>\n<\/li>\n<\/ul>\n<p data-start=\"3225\" data-end=\"3400\">N\u00e3o existe um teste \u00fanico capaz de confirmar a doen\u00e7a de forma isolada. O diagn\u00f3stico geralmente exige acompanhamento especializado e avalia\u00e7\u00e3o criteriosa dos sinais cl\u00ednicos.<\/p>\n<h2 data-start=\"3407\" data-end=\"3446\"><\/h2>\n<h2 data-start=\"3407\" data-end=\"3446\"><img loading=\"lazy\" decoding=\"async\" class=\"alignnone wp-image-34406 size-full\" title=\"Tratamento e manejo multidisciplinar\" src=\"https:\/\/www.rotaseguros.com.br\/planosdesaude\/wp-content\/uploads\/2026\/02\/Tratamento-e-manejo-multidisciplinar.png\" alt=\"Tratamento e manejo multidisciplinar\" width=\"800\" height=\"200\" srcset=\"https:\/\/www.rotaseguros.com.br\/planosdesaude\/wp-content\/uploads\/2026\/02\/Tratamento-e-manejo-multidisciplinar.png 800w, https:\/\/www.rotaseguros.com.br\/planosdesaude\/wp-content\/uploads\/2026\/02\/Tratamento-e-manejo-multidisciplinar-300x75.png 300w, https:\/\/www.rotaseguros.com.br\/planosdesaude\/wp-content\/uploads\/2026\/02\/Tratamento-e-manejo-multidisciplinar-768x192.png 768w\" sizes=\"auto, (max-width: 800px) 100vw, 800px\" \/><\/h2>\n<h2 data-start=\"3407\" data-end=\"3446\"><\/h2>\n<h2 data-start=\"3407\" data-end=\"3446\"><span class=\"ez-toc-section\" id=\"Tratamento_e_manejo_multidisciplinar\"><\/span>Tratamento e manejo multidisciplinar<span class=\"ez-toc-section-end\"><\/span><\/h2>\n<p data-start=\"3448\" data-end=\"3642\">At\u00e9 o momento, n\u00e3o h\u00e1 cura para a Esclerose Lateral Amiotr\u00f3fica. Contudo, existem medicamentos que podem retardar a progress\u00e3o da doen\u00e7a e contribuir para a preserva\u00e7\u00e3o funcional por mais tempo.<\/p>\n<p data-start=\"3644\" data-end=\"3708\">O tratamento \u00e9 centrado no cuidado multidisciplinar, envolvendo:<\/p>\n<ul data-start=\"3710\" data-end=\"3851\">\n<li data-start=\"3710\" data-end=\"3726\">\n<p data-start=\"3712\" data-end=\"3726\">Neurologista<\/p>\n<\/li>\n<li data-start=\"3727\" data-end=\"3769\">\n<p data-start=\"3729\" data-end=\"3769\">Fisioterapeuta (motora e respirat\u00f3ria)<\/p>\n<\/li>\n<li data-start=\"3770\" data-end=\"3787\">\n<p data-start=\"3772\" data-end=\"3787\">Fonoaudi\u00f3logo<\/p>\n<\/li>\n<li data-start=\"3788\" data-end=\"3805\">\n<p data-start=\"3790\" data-end=\"3805\">Nutricionista<\/p>\n<\/li>\n<li data-start=\"3806\" data-end=\"3819\">\n<p data-start=\"3808\" data-end=\"3819\">Psic\u00f3logo<\/p>\n<\/li>\n<li data-start=\"3820\" data-end=\"3851\">\n<p data-start=\"3822\" data-end=\"3851\">Equipe de suporte paliativo<\/p>\n<\/li>\n<\/ul>\n<p data-start=\"3853\" data-end=\"3973\">O objetivo \u00e9 controlar sintomas, manter a qualidade de vida, oferecer suporte emocional e garantir conforto ao paciente.<\/p>\n<p data-start=\"3975\" data-end=\"4074\">A abordagem precoce e integrada tem impacto significativo na evolu\u00e7\u00e3o cl\u00ednica e no bem-estar geral.<\/p>\n<h2 data-start=\"4081\" data-end=\"4113\"><span class=\"ez-toc-section\" id=\"Impactos_emocionais_e_sociais\"><\/span>Impactos emocionais e sociais<span class=\"ez-toc-section-end\"><\/span><\/h2>\n<p data-start=\"4115\" data-end=\"4308\">O diagn\u00f3stico de ELA provoca mudan\u00e7as profundas na rotina do paciente e de sua rede de apoio. Al\u00e9m das limita\u00e7\u00f5es f\u00edsicas progressivas, h\u00e1 desafios emocionais, sociais e financeiros envolvidos.<\/p>\n<p data-start=\"4310\" data-end=\"4424\">Por isso, o acompanhamento psicol\u00f3gico e o suporte familiar s\u00e3o componentes essenciais no enfrentamento da doen\u00e7a.<\/p>\n<p data-start=\"4426\" data-end=\"4657\">A visibilidade p\u00fablica de casos como o do ator Eric Dane contribui para ampliar a conscientiza\u00e7\u00e3o sobre a ELA, estimular a busca por informa\u00e7\u00e3o qualificada e refor\u00e7ar a necessidade de investimentos cont\u00ednuos em pesquisa cient\u00edfica.<\/p>\n<h2 data-start=\"4664\" data-end=\"4687\"><\/h2>\n<h2 data-start=\"4664\" data-end=\"4687\"><img loading=\"lazy\" decoding=\"async\" class=\"alignnone wp-image-34407 size-full\" title=\"A import\u00e2ncia da informa\u00e7\u00e3o\" src=\"https:\/\/www.rotaseguros.com.br\/planosdesaude\/wp-content\/uploads\/2026\/02\/A-importancia-da-informacao.png\" alt=\"A import\u00e2ncia da informa\u00e7\u00e3o\" width=\"800\" height=\"200\" srcset=\"https:\/\/www.rotaseguros.com.br\/planosdesaude\/wp-content\/uploads\/2026\/02\/A-importancia-da-informacao.png 800w, https:\/\/www.rotaseguros.com.br\/planosdesaude\/wp-content\/uploads\/2026\/02\/A-importancia-da-informacao-300x75.png 300w, https:\/\/www.rotaseguros.com.br\/planosdesaude\/wp-content\/uploads\/2026\/02\/A-importancia-da-informacao-768x192.png 768w\" sizes=\"auto, (max-width: 800px) 100vw, 800px\" \/><\/h2>\n<h2 data-start=\"4664\" data-end=\"4687\"><\/h2>\n<h2 data-start=\"4664\" data-end=\"4687\"><span class=\"ez-toc-section\" id=\"A_importancia_da_informacao\"><\/span>A import\u00e2ncia da informa\u00e7\u00e3o<span class=\"ez-toc-section-end\"><\/span><\/h2>\n<p data-start=\"5189\" data-end=\"5470\">A Esclerose Lateral Amiotr\u00f3fica \u00e9 uma doen\u00e7a neurodegenerativa progressiva que imp\u00f5e desafios significativos \u00e0 medicina contempor\u00e2nea. Informa\u00e7\u00e3o, diagn\u00f3stico precoce, acompanhamento multidisciplinar e investimento em pesquisa s\u00e3o pilares fundamentais no enfrentamento da condi\u00e7\u00e3o.<\/p>\n<p data-start=\"5472\" data-end=\"5681\">Ampliar o debate p\u00fablico, especialmente quando a doen\u00e7a ganha visibilidade na m\u00eddia, \u00e9 uma forma de fortalecer a conscientiza\u00e7\u00e3o, combater a desinforma\u00e7\u00e3o e promover empatia com aqueles que convivem com a ELA.<\/p>\n<p data-start=\"5472\" data-end=\"5681\">Leia tamb\u00e9m este artigo:<a href=\"https:\/\/www.rotaseguros.com.br\/planosdesaude\/internacao-psiquiatrica\/\"> Interna\u00e7\u00e3o psiqui\u00e1trica no plano de sa\u00fade: entenda mais<\/a><\/p>\n","protected":false},"excerpt":{"rendered":"<p><span class=\"span-reading-time rt-reading-time\" style=\"display: block;\"><span class=\"rt-label rt-prefix\">Reading Time: <\/span> <span class=\"rt-time\"> 3<\/span> <span class=\"rt-label rt-postfix\">minutes<\/span><\/span>A Esclerose Lateral Amiotr\u00f3fica (ELA) \u00e9 uma doen\u00e7a neurodegenerativa progressiva que afeta os neur\u00f4nios motores, respons\u00e1veis por controlar os movimentos volunt\u00e1rios do corpo. Embora considerada rara, a condi\u00e7\u00e3o tem grande &#8230;<\/p>\n","protected":false},"author":36,"featured_media":34403,"comment_status":"open","ping_status":"open","sticky":false,"template":"","format":"standard","meta":{"_monsterinsights_skip_tracking":false,"_monsterinsights_sitenote_active":false,"_monsterinsights_sitenote_note":"","_monsterinsights_sitenote_category":0,"footnotes":"","_links_to":"","_links_to_target":""},"categories":[12,1,33,1005],"tags":[4329,4326,3833,4325,4324,4118,4327,4328,4330],"class_list":["post-34401","post","type-post","status-publish","format-standard","has-post-thumbnail","hentry","category-noticias","category-sem-categoria","category-rota-seguros","category-saude","tag-diagnostico-da-ela","tag-doenca-neurodegenerativa","tag-doencas-raras","tag-ela","tag-esclerose-lateral-amiotrofica","tag-neurologia","tag-neuronios-motores","tag-sintomas-da-ela","tag-tratamento-da-ela"],"_links":{"self":[{"href":"https:\/\/www.rotaseguros.com.br\/planosdesaude\/wp-json\/wp\/v2\/posts\/34401","targetHints":{"allow":["GET"]}}],"collection":[{"href":"https:\/\/www.rotaseguros.com.br\/planosdesaude\/wp-json\/wp\/v2\/posts"}],"about":[{"href":"https:\/\/www.rotaseguros.com.br\/planosdesaude\/wp-json\/wp\/v2\/types\/post"}],"author":[{"embeddable":true,"href":"https:\/\/www.rotaseguros.com.br\/planosdesaude\/wp-json\/wp\/v2\/users\/36"}],"replies":[{"embeddable":true,"href":"https:\/\/www.rotaseguros.com.br\/planosdesaude\/wp-json\/wp\/v2\/comments?post=34401"}],"version-history":[{"count":3,"href":"https:\/\/www.rotaseguros.com.br\/planosdesaude\/wp-json\/wp\/v2\/posts\/34401\/revisions"}],"predecessor-version":[{"id":34409,"href":"https:\/\/www.rotaseguros.com.br\/planosdesaude\/wp-json\/wp\/v2\/posts\/34401\/revisions\/34409"}],"wp:featuredmedia":[{"embeddable":true,"href":"https:\/\/www.rotaseguros.com.br\/planosdesaude\/wp-json\/wp\/v2\/media\/34403"}],"wp:attachment":[{"href":"https:\/\/www.rotaseguros.com.br\/planosdesaude\/wp-json\/wp\/v2\/media?parent=34401"}],"wp:term":[{"taxonomy":"category","embeddable":true,"href":"https:\/\/www.rotaseguros.com.br\/planosdesaude\/wp-json\/wp\/v2\/categories?post=34401"},{"taxonomy":"post_tag","embeddable":true,"href":"https:\/\/www.rotaseguros.com.br\/planosdesaude\/wp-json\/wp\/v2\/tags?post=34401"}],"curies":[{"name":"wp","href":"https:\/\/api.w.org\/{rel}","templated":true}]}}