{"id":3515,"date":"2019-01-18T19:44:26","date_gmt":"2019-01-18T21:44:26","guid":{"rendered":"https:\/\/www.rotaseguros.com.br\/planosdesaude\/?p=3515"},"modified":"2019-02-08T14:19:16","modified_gmt":"2019-02-08T16:19:16","slug":"inauguracao-do-hospital-mater-dei-betim-contagem","status":"publish","type":"post","link":"https:\/\/www.rotaseguros.com.br\/planosdesaude\/inauguracao-do-hospital-mater-dei-betim-contagem\/","title":{"rendered":"Inaugura\u00e7\u00e3o do Hospital Mater Dei Betim-Contagem"},"content":{"rendered":"<span class=\"span-reading-time rt-reading-time\" style=\"display: block;\"><span class=\"rt-label rt-prefix\">Reading Time: <\/span> <span class=\"rt-time\"> 2<\/span> <span class=\"rt-label rt-postfix\">minutes<\/span><\/span>\n<p>O novo Hospital Mater Dei Betim-Contagem integra um projeto conceitual, proporcionando o jeito de servir e a cultura do atendimento aos pacientes do Mater Dei. Est\u00e1 localizado na Via Expressa, 15.500, pr\u00f3ximo da Avenida Marco T\u00falio Izaac, uma via de grande import\u00e2ncia para a cidade.<br \/><br \/>O Hospital vai beneficiar a popula\u00e7\u00e3o de Betim, Contagem e outros munic\u00edpios do Oeste de Minas Gerais e complementar ainda mais a rede hospitalar da regi\u00e3o, levando um atendimento humanizado e diferenciado, no sentido de cada ser humano \u00e9 \u00fanico e t\u00eam necessidades \u00edmpares. \u201c\u00c9 um cap\u00edtulo importante da hist\u00f3ria da Rede e garante o processo evolutivo na \u00e1rea da sa\u00fade. A nova expans\u00e3o assegura o compromisso de oferecer estrutura, tecnologia, equipes qualificadas e seguran\u00e7a assistencial para que os clientes tenham a garantia da qualidade e excel\u00eancia nos servi\u00e7os prestados\u201d, destaca o presidente da Rede e sponsor, Henrique Moraes Salvador Silva.<br \/><br \/><\/p><div id=\"ez-toc-container\" class=\"ez-toc-v2_0_82_2 counter-flat ez-toc-counter ez-toc-grey ez-toc-container-direction\">\n<div class=\"ez-toc-title-container\">\n<p class=\"ez-toc-title\" style=\"cursor:inherit\">Aqui voc\u00ea encontra:<\/p>\n<span class=\"ez-toc-title-toggle\"><a href=\"#\" class=\"ez-toc-pull-right ez-toc-btn ez-toc-btn-xs ez-toc-btn-default ez-toc-toggle\" aria-label=\"Alternar tabela de conte\u00fado\"><span class=\"ez-toc-js-icon-con\"><span class=\"\"><span class=\"eztoc-hide\" style=\"display:none;\">Toggle<\/span><span class=\"ez-toc-icon-toggle-span\"><svg style=\"fill: #999;color:#999\" xmlns=\"http:\/\/www.w3.org\/2000\/svg\" class=\"list-377408\" width=\"20px\" height=\"20px\" viewBox=\"0 0 24 24\" fill=\"none\"><path d=\"M6 6H4v2h2V6zm14 0H8v2h12V6zM4 11h2v2H4v-2zm16 0H8v2h12v-2zM4 16h2v2H4v-2zm16 0H8v2h12v-2z\" fill=\"currentColor\"><\/path><\/svg><svg style=\"fill: #999;color:#999\" class=\"arrow-unsorted-368013\" xmlns=\"http:\/\/www.w3.org\/2000\/svg\" width=\"10px\" height=\"10px\" viewBox=\"0 0 24 24\" version=\"1.2\" baseProfile=\"tiny\"><path d=\"M18.2 9.3l-6.2-6.3-6.2 6.3c-.2.2-.3.4-.3.7s.1.5.3.7c.2.2.4.3.7.3h11c.3 0 .5-.1.7-.3.2-.2.3-.5.3-.7s-.1-.5-.3-.7zM5.8 14.7l6.2 6.3 6.2-6.3c.2-.2.3-.5.3-.7s-.1-.5-.3-.7c-.2-.2-.4-.3-.7-.3h-11c-.3 0-.5.1-.7.3-.2.2-.3.5-.3.7s.1.5.3.7z\"\/><\/svg><\/span><\/span><\/span><\/a><\/span><\/div>\n<nav><ul class='ez-toc-list ez-toc-list-level-1 ' ><li class='ez-toc-page-1'><a class=\"ez-toc-link ez-toc-heading-1\" href=\"https:\/\/www.rotaseguros.com.br\/planosdesaude\/inauguracao-do-hospital-mater-dei-betim-contagem\/#Principais_servicos\" >Principais servi\u00e7os<\/a><\/li><li class='ez-toc-page-1'><a class=\"ez-toc-link ez-toc-heading-2\" href=\"https:\/\/www.rotaseguros.com.br\/planosdesaude\/inauguracao-do-hospital-mater-dei-betim-contagem\/#Convenios_Mater_Dei_Betim-Contagem\" >Conv\u00eanios Mater Dei Betim-Contagem<\/a><\/li><\/ul><\/nav><\/div>\n\n\n\n\n<p>Cerca de mil pessoas estiveram presentes na solenidade de inaugura\u00e7\u00e3o do Mater Dei Betim-Contagem, que aconteceu no dia 18 de janeiro. <\/p>\n\n\n\n<p>Entre os convidados os representantes dos poderes p\u00fablicos, associa\u00e7\u00f5es, entidades de classe, empresas, colaboradores, corpo cl\u00ednico e operadoras de planos de sa\u00fade parceiras. <\/p>\n\n\n\n<p>O evento simbolizou o in\u00edcio das atividades do novo Hospital da Rede, que ter\u00e1 in\u00edcio de suas opera\u00e7\u00f5es amanh\u00e3, 19 de janeiro, \u00e0s 7h. <\/p>\n\n\n\n<figure class=\"wp-block-image is-resized\"><img loading=\"lazy\" decoding=\"async\" src=\"https:\/\/www.materdei.com.br\/destaque\/Sobre.jpg\" alt=\"\" width=\"584\" height=\"705\"\/><\/figure>\n\n\n\n<p>Endere\u00e7o:  Av. Adutora V\u00e1rzea das Flores, 15500 &#8211; Duque de Caxias, Betim &#8211; MG, 32673-472. <br \/><\/p>\n\n\n\n<h3 class=\"wp-block-heading\"><span class=\"ez-toc-section\" id=\"Principais_servicos\"><\/span>Principais servi\u00e7os<span class=\"ez-toc-section-end\"><\/span><\/h3>\n\n\n\n<ul class=\"wp-block-list\"><li>Exames<\/li><li>Interna\u00e7\u00e3o<\/li><li>Maternidade<\/li><li>Pediatria<\/li><li>Pronto-socorro<\/li><\/ul>\n\n\n\n<h3 class=\"wp-block-heading\"><span class=\"ez-toc-section\" id=\"Convenios_Mater_Dei_Betim-Contagem\"><\/span>Conv\u00eanios Mater Dei Betim-Contagem<span class=\"ez-toc-section-end\"><\/span><\/h3>\n\n\n\n<p> Confira os conv\u00eanios e planos atendidos no Mater Dei Betim-Contagem: <\/p>\n\n\n\n<table class=\"wp-block-table is-style-stripes\"><thead><tr><th>CONV\u00caNIOS<\/th><th>PLANOS<\/th><\/tr><\/thead><tbody><tr><td>Amagis<\/td><td>Amagis Sa\u00fade<br \/>Check-up Sa\u00fade<\/td><\/tr><tr><td>AMMP<\/td><td>AMMP Padr\u00e3o<\/td><\/tr><tr><td><br \/>\u00c2ncora Seguros (Veritas)<\/td><td>\u00c2ncora Padr\u00e3o<br \/>Escola &#8211; Col\u00e9gio Franciscano<br \/>COR<\/td><\/tr><tr><td>Bacen<\/td><td>Bacen Padr\u00e3o<\/td><\/tr><tr><td><a href=\"https:\/\/www.rotaseguros.com.br\/bradesco\/bradesco_saude.html\">Bradesco Sa\u00fade<\/a><\/td><td>Nacional Flex<\/td><\/tr><tr><td>Brasil Assist\u00eancia (Mapfre Assist\u00eancia)<\/td><td>Brasil Assistance Padr\u00e3o<br \/>Enfermaria<\/td><\/tr><tr><td>Canad\u00e1 Seguros<\/td><td>Apartamento<br \/>Enfermaria<\/td><\/tr><tr><td>CNEN&nbsp;<\/td><td>CNEN Peri\u00f3dico<br \/>Padr\u00e3o<\/td><\/tr><tr><td>Copass Sa\u00fade<\/td><td>Check-up Copass<br \/>Copass Completo Dependente<br \/>ESP<br \/>Plano Copass Completo Ativos<br \/>Copass Ambulatorial<br \/>Plano Copass Completo<br \/>Assistid<\/td><\/tr><tr><td>Eurocenter<\/td><td>DKV<br \/>Eurocenter Padr\u00e3o<\/td><\/tr><tr><td>Fiat<\/td><td><strong>Rede Fiat Sa\u00fade e Bem-estar<br \/>(vig\u00eancia 19.01.2019)&nbsp;<\/strong><br \/>Plano: Sa\u00fade e Bem-estar Enfermaria&nbsp;<br \/>Plano: Sa\u00fade e Bem-estar Enfermaria 1<br \/>Plano: Sa\u00fade e Bem-estar Apartamento<br \/>Plano: Sa\u00fade e Bem-estarEexecutivo<br \/><br \/><strong>Rede Fiat Aten\u00e7\u00e3o Prim\u00e1ria \u00e0 Sa\u00fade &#8211; APS<br \/>(vig\u00eancia 01.02.2019)<\/strong><br \/>Plano: Sa\u00fade e Bem-estar Personal Enfermaria&nbsp;&nbsp;<br \/>Plano: Sa\u00fade e Bem-estar Personal Apartamento<\/td><\/tr><tr><td>Fundaffemg<\/td><td>AFFEAM-ASSOC.FUNC.FISCAIS-<br \/>AMAZ<br \/>AFFEGO-ASSOC FUNC FISCO EST-<br \/>GO<br \/>AFISVEC-ASSOC.FISCAIS TRIB.RS<br \/>AFRAFEB-ASSOC.FISCAIS RENDA-PB<br \/>AFRERJ- ASSOC.FISCAIS RENDA-RJ<br \/>AMAFRESP- ASSOC.AG.FISC\/RED-SP<br \/>ASFAL- ASSOC DO FISCO- ALAGOAS<br \/>ASFEB- ASSOC.SERV.FISCAIS-BA<br \/>ASFEPA-ASOOC.SERV.FISCO EST-PA<br \/>ASPARA- SAUDE<br \/>CAFAZ-CAIXA ASSIST SER.FAZ.CE<br \/>CASSIND-CAIXA ASSIST DO SINDFI<br \/>FISCO SAUDE<br \/>FUNDAFFEMG &#8211; PADRAO<\/td><\/tr><tr><td><br \/><br \/><a href=\"https:\/\/www.rotaseguros.com.br\/good_life\/good_life_saude.html\">Good Life<\/a><\/td><td>Good Ouro + Padr\u00e3o Apartamento<br \/>Good Mater &#8211; Padr\u00e3o Enfermaria<br \/>Good Mater Life &#8211; Padr\u00e3o Enfermaria<br \/>Unique Good Life (Pad\u00e3o enfermaria)<br \/>Multi Good Life (Padr\u00e3o Apartamento)<\/td><\/tr><tr><td>Inter Partner<\/td><td>Padr\u00e3o<\/td><\/tr><tr><td>International SOS<\/td><td>Padr\u00e3o<\/td><\/tr><tr><td>Multimed<\/td><td>MULTI MED<\/td><\/tr><tr><td>Omint<\/td><td>Check-up Omint<br \/>Omint Corporate Medic<br \/>Completo<br \/>Omint Premiun Medic<br \/>Hospitalar<br \/>Omint Skill Medicina Completo<br \/>Omint Access Medici Hospitalar<br \/>Omint Premium Assistance<br \/>Omint Premiun Estilo<br \/>Omint Premiun Medici Completo<br \/>Omint Premiun Sa\u00fade Integral<\/td><\/tr><tr><td><a href=\"https:\/\/www.rotaseguros.com.br\/premium\/index.html\">Premium Sa\u00fade<\/a><\/td><td><br \/><\/td><\/tr><tr><td><a href=\"https:\/\/www.rotaseguros.com.br\/vitallis\/vitallis.html\">Vitallis Sa\u00fade<\/a><\/td><td>PLUS I e PLUS II<\/td><\/tr><\/tbody><\/table>\n\n\n\n<p style=\"font-size:0.8em;\">Fonte: Site Mater Dei &#8211; www.materdei.com.br<\/p>\n","protected":false},"excerpt":{"rendered":"<p><span class=\"span-reading-time rt-reading-time\" style=\"display: block;\"><span class=\"rt-label rt-prefix\">Reading Time: <\/span> <span class=\"rt-time\"> 2<\/span> <span class=\"rt-label rt-postfix\">minutes<\/span><\/span>O novo Hospital Mater Dei Betim-Contagem integra um projeto conceitual, proporcionando o jeito de servir e a cultura do atendimento aos pacientes do Mater Dei. Est\u00e1 localizado na Via Expressa, &#8230;<\/p>\n","protected":false},"author":2,"featured_media":0,"comment_status":"open","ping_status":"open","sticky":false,"template":"","format":"standard","meta":{"_monsterinsights_skip_tracking":false,"_monsterinsights_sitenote_active":false,"_monsterinsights_sitenote_note":"","_monsterinsights_sitenote_category":0,"footnotes":"","_links_to":"","_links_to_target":""},"categories":[462,12],"tags":[607,606,42,605,604,602,603,456,221],"class_list":["post-3515","post","type-post","status-publish","format-standard","hentry","category-materdei","category-noticias","tag-convenios-mater-dei","tag-convenios-materdei","tag-hospital-mater-dei","tag-hospital-materdei","tag-mater-dei-betim-contagem","tag-materdei-betim","tag-materdei-contagem","tag-plano-de-saude-materdei","tag-planos-que-cobrem-o-mater-dei"],"_links":{"self":[{"href":"https:\/\/www.rotaseguros.com.br\/planosdesaude\/wp-json\/wp\/v2\/posts\/3515","targetHints":{"allow":["GET"]}}],"collection":[{"href":"https:\/\/www.rotaseguros.com.br\/planosdesaude\/wp-json\/wp\/v2\/posts"}],"about":[{"href":"https:\/\/www.rotaseguros.com.br\/planosdesaude\/wp-json\/wp\/v2\/types\/post"}],"author":[{"embeddable":true,"href":"https:\/\/www.rotaseguros.com.br\/planosdesaude\/wp-json\/wp\/v2\/users\/2"}],"replies":[{"embeddable":true,"href":"https:\/\/www.rotaseguros.com.br\/planosdesaude\/wp-json\/wp\/v2\/comments?post=3515"}],"version-history":[{"count":0,"href":"https:\/\/www.rotaseguros.com.br\/planosdesaude\/wp-json\/wp\/v2\/posts\/3515\/revisions"}],"wp:attachment":[{"href":"https:\/\/www.rotaseguros.com.br\/planosdesaude\/wp-json\/wp\/v2\/media?parent=3515"}],"wp:term":[{"taxonomy":"category","embeddable":true,"href":"https:\/\/www.rotaseguros.com.br\/planosdesaude\/wp-json\/wp\/v2\/categories?post=3515"},{"taxonomy":"post_tag","embeddable":true,"href":"https:\/\/www.rotaseguros.com.br\/planosdesaude\/wp-json\/wp\/v2\/tags?post=3515"}],"curies":[{"name":"wp","href":"https:\/\/api.w.org\/{rel}","templated":true}]}}