{"id":4515,"date":"2021-09-13T18:00:54","date_gmt":"2021-09-13T20:00:54","guid":{"rendered":"https:\/\/www.rotaseguros.com.br\/planosdesaude\/?p=4515"},"modified":"2024-05-27T17:24:49","modified_gmt":"2024-05-27T19:24:49","slug":"quais-os-melhores-planos-de-saude-empresarias-bh-e-regiao","status":"publish","type":"post","link":"https:\/\/www.rotaseguros.com.br\/planosdesaude\/quais-os-melhores-planos-de-saude-empresarias-bh-e-regiao\/","title":{"rendered":"Quais os Melhores Planos de Sa\u00fade Empresariais de BH e Regi\u00e3o?"},"content":{"rendered":"<span class=\"span-reading-time rt-reading-time\" style=\"display: block;\"><span class=\"rt-label rt-prefix\">Reading Time: <\/span> <span class=\"rt-time\"> 5<\/span> <span class=\"rt-label rt-postfix\">minutes<\/span><\/span>\r\n<p><span style=\"font-weight: 400;\">Para facilitar a sua escolha, reunimos em um s\u00f3 lugar os <strong>principais planos de sa\u00fade empresariais dispon\u00edveis em BH e regi\u00e3o<\/strong>. A maioria dos produtos permitem contrata\u00e7\u00e3o a partir de dois benefici\u00e1rios, incluindo funcion\u00e1rios e dependentes diretos. Confira a seguir as op\u00e7\u00f5es de contrata\u00e7\u00e3o dispon\u00edveis para a capital mineira e regi\u00e3o metropolitana.<\/span><\/p><div id=\"ez-toc-container\" class=\"ez-toc-v2_0_82_2 counter-flat ez-toc-counter ez-toc-grey ez-toc-container-direction\">\n<div class=\"ez-toc-title-container\">\n<p class=\"ez-toc-title\" style=\"cursor:inherit\">Aqui voc\u00ea encontra:<\/p>\n<span class=\"ez-toc-title-toggle\"><a href=\"#\" class=\"ez-toc-pull-right ez-toc-btn ez-toc-btn-xs ez-toc-btn-default ez-toc-toggle\" aria-label=\"Alternar tabela de conte\u00fado\"><span class=\"ez-toc-js-icon-con\"><span class=\"\"><span class=\"eztoc-hide\" style=\"display:none;\">Toggle<\/span><span class=\"ez-toc-icon-toggle-span\"><svg style=\"fill: #999;color:#999\" xmlns=\"http:\/\/www.w3.org\/2000\/svg\" class=\"list-377408\" width=\"20px\" height=\"20px\" viewBox=\"0 0 24 24\" fill=\"none\"><path d=\"M6 6H4v2h2V6zm14 0H8v2h12V6zM4 11h2v2H4v-2zm16 0H8v2h12v-2zM4 16h2v2H4v-2zm16 0H8v2h12v-2z\" fill=\"currentColor\"><\/path><\/svg><svg style=\"fill: #999;color:#999\" class=\"arrow-unsorted-368013\" xmlns=\"http:\/\/www.w3.org\/2000\/svg\" width=\"10px\" height=\"10px\" viewBox=\"0 0 24 24\" version=\"1.2\" baseProfile=\"tiny\"><path d=\"M18.2 9.3l-6.2-6.3-6.2 6.3c-.2.2-.3.4-.3.7s.1.5.3.7c.2.2.4.3.7.3h11c.3 0 .5-.1.7-.3.2-.2.3-.5.3-.7s-.1-.5-.3-.7zM5.8 14.7l6.2 6.3 6.2-6.3c.2-.2.3-.5.3-.7s-.1-.5-.3-.7c-.2-.2-.4-.3-.7-.3h-11c-.3 0-.5.1-.7.3-.2.2-.3.5-.3.7s.1.5.3.7z\"\/><\/svg><\/span><\/span><\/span><\/a><\/span><\/div>\n<nav><ul class='ez-toc-list ez-toc-list-level-1 ' ><li class='ez-toc-page-1'><a class=\"ez-toc-link ez-toc-heading-1\" href=\"https:\/\/www.rotaseguros.com.br\/planosdesaude\/quais-os-melhores-planos-de-saude-empresarias-bh-e-regiao\/#O_que_e_Plano_de_Saude_Empresarial\" >O que \u00e9 Plano de Sa\u00fade Empresarial?<\/a><\/li><li class='ez-toc-page-1'><a class=\"ez-toc-link ez-toc-heading-2\" href=\"https:\/\/www.rotaseguros.com.br\/planosdesaude\/quais-os-melhores-planos-de-saude-empresarias-bh-e-regiao\/#Planos_de_Saude_Empresariais_em_BH_e_Regiao\" >Planos de Sa\u00fade Empresariais em BH e Regi\u00e3o<\/a><\/li><li class='ez-toc-page-1'><a class=\"ez-toc-link ez-toc-heading-3\" href=\"https:\/\/www.rotaseguros.com.br\/planosdesaude\/quais-os-melhores-planos-de-saude-empresarias-bh-e-regiao\/#Quais_documentos_preciso_apresentar_para_contratar_um_plano_de_saude_empresarial\" >Quais documentos preciso apresentar para contratar um plano de sa\u00fade empresarial?<\/a><\/li><li class='ez-toc-page-1'><a class=\"ez-toc-link ez-toc-heading-4\" href=\"https:\/\/www.rotaseguros.com.br\/planosdesaude\/quais-os-melhores-planos-de-saude-empresarias-bh-e-regiao\/#_Plano_Odontologico_Empresarial\" >\u00a0Plano Odontol\u00f3gico Empresarial<\/a><\/li><\/ul><\/nav><\/div>\n\r\n<hr \/>\r\n<p><span style=\"font-weight: 400;\">Fa\u00e7a seu coment\u00e1rio no final da p\u00e1gina com suas perguntas, sugest\u00f5es, elogios ou feedback para melhorar o nosso conte\u00fado. Assim voc\u00ea colabora com outras pessoas que acessarem nosso blog.<\/span><\/p>\r\n<hr \/>\r\n<ul>\r\n\t<li aria-level=\"1\"><a href=\"#plano-empresarial\"><b>O que \u00e9 plano de sa\u00fade empresarial?<\/b><\/a><\/li>\r\n\t<li aria-level=\"1\"><a href=\"#bh-regiao\"><b>Planos de sa\u00fade empresariais em BH e regi\u00e3o<\/b><\/a><\/li>\r\n\t<li aria-level=\"1\"><a href=\"#documentos\"><b>Quais documentos preciso apresentar para contratar um plano de sa\u00fade empresarial?<\/b><\/a><\/li>\r\n\t<li aria-level=\"1\"><a href=\"#odonto\"><b>Plano Odontol\u00f3gico Empresarial<\/b><\/a><\/li>\r\n\t<li aria-level=\"1\"><strong><a href=\"#cotacao\">Solicite uma cota\u00e7\u00e3o personalizada<\/a><\/strong><\/li>\r\n<\/ul>\r\n<p><b><\/b><br \/>\r\n<br \/>\r\n<\/p>\r\n<h4><span class=\"ez-toc-section\" id=\"O_que_e_Plano_de_Saude_Empresarial\"><\/span><b><a id=\"plano-empresarial\"><\/a>O que \u00e9 Plano de Sa\u00fade Empresarial?<\/b><span class=\"ez-toc-section-end\"><\/span><\/h4>\r\n<p><span style=\"font-weight: 400;\">Plano de sa\u00fade empresarial \u00e9 aquela modalidade de contrata\u00e7\u00e3o de assist\u00eancia de sa\u00fade voltada para pequenas, m\u00e9dias e grandes empresas. Seja voc\u00ea uma empresa CNPJ, LTDA, MEI ou Eireli, voc\u00ea pode contratar um plano de sa\u00fade e ainda incluir seus funcion\u00e1rios e dependentes diretos.\u00a0<\/span><\/p>\r\n<p><span style=\"font-weight: 400;\">No geral, a contrata\u00e7\u00e3o est\u00e1 dispon\u00edvel a partir de dois benefici\u00e1rios, incluindo o titular do plano. Entretanto, dependendo da condi\u00e7\u00e3o comercial da operadora, \u00e9 poss\u00edvel contratar um plano a partir de um benefici\u00e1rio.\u00a0<\/span><\/p>\r\n<p><span style=\"font-weight: 400;\">Assim, voc\u00ea encontra produtos que oferecem cobertura m\u00e9dico-hospitalar completa, ou seja, com interna\u00e7\u00e3o, parto e atendimento, apenas com atendimento e com ou sem coparticipa\u00e7\u00e3o. Outro ponto importante que destacamos, \u00e9 a necessidade de contratar o seu plano por meio de um consultor de sa\u00fade. Esse profissional ter\u00e1 mais conhecimento dos planos dispon\u00edveis no mercado e conseguir\u00e1 direcionar o produto certo para o seu perfil.\u00a0<\/span><\/p>\r\n<p><span style=\"font-weight: 400;\">Lembre-se: mais importante do que garantir um pre\u00e7o acess\u00edvel, \u00e9 garantir um plano de sa\u00fade que realmente ir\u00e1 atender \u00e0s suas expectativas e necessidades.<\/span><\/p>\r\n<p>&nbsp;<\/p>\r\n<h4><span class=\"ez-toc-section\" id=\"Planos_de_Saude_Empresariais_em_BH_e_Regiao\"><\/span><b><a id=\"bh-regiao\"><\/a>Planos de Sa\u00fade Empresariais em BH e Regi\u00e3o<\/b><span class=\"ez-toc-section-end\"><\/span><\/h4>\r\n<p><span style=\"font-weight: 400;\">Belo Horizonte \u00e9 a terceira maior cidade do Brasil. Isso significa que o n\u00famero de operadoras de sa\u00fade acompanha a demanda por assist\u00eancia m\u00e9dica da popula\u00e7\u00e3o belo-horizontina. Abaixo, listamos os principais planos de sa\u00fade empresariais em BH e regi\u00e3o. Confira:<\/span><\/p>\r\n<p>&nbsp;<\/p>\r\n<ul>\r\n\t<li style=\"font-weight: 400;\" aria-level=\"1\"><a href=\"https:\/\/www.rotaseguros.com.br\/allianz\/index.html\" target=\"_blank\" rel=\"noopener\"><span style=\"font-weight: 400;\">Allianz Sa\u00fade:<\/span><\/a><span style=\"font-weight: 400;\"> Com um dos seguros sa\u00fade mais completos do mercado, a Allianz Sa\u00fade oferece contrata\u00e7\u00e3o de planos empresariais a partir de 05 vidas. Al\u00e9m de oferecer um alto padr\u00e3o de atendimento m\u00e9dico, ela disp\u00f5e de remiss\u00e3o e reembolso para procedimentos realizados fora de sua rede. Possui produtos com ou sem coparticipa\u00e7\u00e3o, al\u00e9m de oferecer acomoda\u00e7\u00e3o em enfermaria e apartamento.<\/span><span style=\"font-weight: 400;\"><br \/>\r\n<br \/>\r\n<\/span><\/li>\r\n\t<li style=\"font-weight: 400;\" aria-level=\"1\"><a href=\"https:\/\/www.rotaseguros.com.br\/amil\/plano_de_saude_amil.html\" target=\"_blank\" rel=\"noopener\"><span style=\"font-weight: 400;\">Amil Sa\u00fade<\/span><\/a><span style=\"font-weight: 400;\">: Com mais de 6,4 milh\u00f5es de benefici\u00e1rios, a Amil Sa\u00fade \u00e9 atualmente a maior operadora de assist\u00eancia m\u00e9dica da Am\u00e9rica Latina. Desde 1972, ela presta um atendimento de qualidade e garante aos seus clientes uma ampla e moderna rede credenciada. Para contratar um plano empresarial da Amil voc\u00ea precisa garantir no m\u00ednimo dois benefici\u00e1rios. A Amil oferece planos de sa\u00fade com acomoda\u00e7\u00e3o em enfermaria e apartamento, com e sem coparticipa\u00e7\u00e3o. <\/span><span style=\"font-weight: 400;\"><br \/>\r\n<br \/>\r\n<\/span><\/li>\r\n<\/ul>\r\n<ul>\r\n\t<li style=\"font-weight: 400;\" aria-level=\"1\"><a href=\"https:\/\/www.rotaseguros.com.br\/bradesco\/bradesco_saude.html\" target=\"_blank\" rel=\"noopener\"><span style=\"font-weight: 400;\">Bradesco Sa\u00fade:<\/span><\/a><span style=\"font-weight: 400;\"> A Bradesco Sa\u00fade \u00e9 conhecida por sua excel\u00eancia e alta seguridade financeira. Presente no mercado desde 1984, se configura como um dos melhores seguros sa\u00fade do Brasil. Sua comercializa\u00e7\u00e3o est\u00e1 dispon\u00edvel a partir de 03 vidas. Possui produtos com ou sem coparticipa\u00e7\u00e3o, al\u00e9m de acomoda\u00e7\u00e3o em enfermaria e apartamento. Al\u00e9m disso, ela oferece os benef\u00edcios de remiss\u00e3o e reembolso para procedimentos e atendimentos realizados fora de sua rede credenciada.<\/span><span style=\"font-weight: 400;\"><br \/>\r\n<br \/>\r\n<\/span><\/li>\r\n<\/ul>\r\n<ul>\r\n\t<li style=\"font-weight: 400;\" aria-level=\"1\"><a href=\"https:\/\/www.rotaseguros.com.br\/goldencross\/golden_cross.html\" target=\"_blank\" rel=\"noopener\"><span style=\"font-weight: 400;\">Golden Cross:<\/span><\/a><span style=\"font-weight: 400;\"> No mercado desde 1966, a Golden Cross disp\u00f5es de um excelente atendimento e uma ampla rede credenciada, que conta com mais de 1 mil hospitais e 23 mil m\u00e9dicos e cl\u00ednicas. A partir de 2 vidas voc\u00ea pode adquirir um plano de sa\u00fade de uma das operadoras mais respeitadas do pa\u00eds. <\/span><span style=\"font-weight: 400;\"><br \/>\r\n<\/span><span style=\"font-weight: 400;\"><br \/>\r\n<br \/>\r\n<\/span><\/li>\r\n<\/ul>\r\n<ul>\r\n\t<li style=\"font-weight: 400;\" aria-level=\"1\"><a href=\"https:\/\/www.rotaseguros.com.br\/promed\/promed_saude.html\" target=\"_blank\" rel=\"noopener\"><span style=\"font-weight: 400;\">Promed Sa\u00fade:<\/span><\/a><span style=\"font-weight: 400;\"> Com mais de 25 anos de hist\u00f3ria e compromisso com a sa\u00fade de seus benefici\u00e1rios, a Promed Sa\u00fade \u00e9 uma operadora especializada em assist\u00eancia m\u00e9dica empresarial. A partir de 02 vidas, voc\u00ea pode contratar um plano para voc\u00ea, seus funcion\u00e1rios e dependentes diretos. Oferece produtos com atendimento hospitalar com obstetr\u00edcia ou apenas ambulatorial, com ou sem coparticipa\u00e7\u00e3o e acomoda\u00e7\u00e3o em enfermaria ou apartamento.<\/span><span style=\"font-weight: 400;\"><br \/>\r\n<br \/>\r\n<\/span><\/li>\r\n\t<li style=\"font-weight: 400;\" aria-level=\"1\"><a href=\"https:\/\/www.rotaseguros.com.br\/promed-brasil\/index.html\" target=\"_blank\" rel=\"noopener\"><span style=\"font-weight: 400;\">Promed Brasil<\/span><\/a><span style=\"font-weight: 400;\">: Presente no mercado desde 1972, a Promed Brasil integra o grupo Samp Sa\u00fade desde 1994. A partir de dois benefici\u00e1rios, voc\u00ea pode adquirir um dos planos de sa\u00fade da Promed Brasil. Conte com uma ampla rede credenciada, pre\u00e7os competitivos e uma estrutura de atendimento moderna. <\/span><span style=\"font-weight: 400;\"><br \/>\r\n<br \/>\r\n<\/span><\/li>\r\n<\/ul>\r\n<ul>\r\n\t<li style=\"font-weight: 400;\" aria-level=\"1\"><a href=\"https:\/\/www.rotaseguros.com.br\/premium\/index.html\" target=\"_blank\" rel=\"noopener\"><span style=\"font-weight: 400;\">Premium Sa\u00fade:<\/span><\/a><span style=\"font-weight: 400;\"> Presente no mercado desde 2011, a Premium Sa\u00fade foi uma das operadoras que mais cresceu, sendo reconhecida rapidamente pela ANS. Possui uma ampla abrang\u00eancia em Minas Gerais, Esp\u00edrito Santo, Distrito Federal, Goi\u00e1s e Santa Catarina. Na Premium Sa\u00fade voc\u00ea encontra planos de sa\u00fade com coparticipa\u00e7\u00e3o, com acomoda\u00e7\u00e3o em enfermaria ou apartamento ou apenas atendimento ambulatorial. Sua contrata\u00e7\u00e3o pode ser realizada a partir de um benefici\u00e1rio.<\/span><span style=\"font-weight: 400;\"><br \/>\r\n<\/span><span style=\"font-weight: 400;\"><br \/>\r\n<br \/>\r\n<\/span><\/li>\r\n\t<li style=\"font-weight: 400;\" aria-level=\"1\"><a href=\"https:\/\/www.rotaseguros.com.br\/saude_sistema\/saude_sistema.html\" target=\"_blank\" rel=\"noopener\"><span style=\"font-weight: 400;\">SAUDE Sistema<\/span><\/a><span style=\"font-weight: 400;\">: Presente no mercado desde 1987,\u00a0 a SAUDE Sistema possui mais de 45 mil benefici\u00e1rios, 1600 m\u00e9dicos e uma ampla rede credenciada. Conte com equipamentos de ponta, uma equipe de profissionais da sa\u00fade multidisciplinar, al\u00e9m de programas de sa\u00fade e medicina do trabalho.<\/span><span style=\"font-weight: 400;\"><br \/>\r\n<br \/>\r\n<\/span><\/li>\r\n<\/ul>\r\n<ul>\r\n\t<li style=\"font-weight: 400;\" aria-level=\"1\"><a href=\"https:\/\/www.rotaseguros.com.br\/sul_america\/sul_america.html\" target=\"_blank\" rel=\"noopener\"><span style=\"font-weight: 400;\">SulAm\u00e9rica Sa\u00fade:<\/span><\/a><span style=\"font-weight: 400;\"> Um dos melhores e mais completos seguros sa\u00fade do Brasil, a SulAm\u00e9rica oferece uma ampla rede de atendimento nacional, remiss\u00e3o em casos de falecimento do titular e reembolso para consultas e procedimentos realizados fora de sua rede. Seus produtos oferecem acomoda\u00e7\u00e3o em enfermaria ou apartamento. A partir de tr\u00eas benefici\u00e1rios, voc\u00ea pode contratar um dos produtos SulAm\u00e9rica para voc\u00ea, seus dependentes (c\u00f4njuge, filhos solteiros ou casados, netos, genro e nora (desde que o(a) esposo(a) tamb\u00e9m entre no plano) e funcion\u00e1rios. <\/span><span style=\"font-weight: 400;\"><br \/>\r\n<br \/>\r\n<\/span><\/li>\r\n\t<li style=\"font-weight: 400;\" aria-level=\"1\"><a href=\"https:\/\/www.rotaseguros.com.br\/seguros-unimed\/index.html\" target=\"_blank\" rel=\"noopener\"><span style=\"font-weight: 400;\">Seguros Unimed:<\/span><\/a><span style=\"font-weight: 400;\"> A partir de 3 vidas, voc\u00ea pode adquirir um seguro sa\u00fade com a qualidade e seguran\u00e7a que o Grupo Unimed oferece. Seus produtos de assist\u00eancia m\u00e9dica oferecem acomoda\u00e7\u00e3o em enfermaria e apartamento e diversas coberturas exclusivas. Al\u00e9m disso, voc\u00ea tem como benef\u00edcio o servi\u00e7o de remiss\u00e3o e descontos de at\u00e9 30% em diversas farm\u00e1cias.<\/span><span style=\"font-weight: 400;\"><br \/>\r\n<br \/>\r\n<\/span><\/li>\r\n\t<li style=\"font-weight: 400;\" aria-level=\"1\"><a href=\"https:\/\/www.rotaseguros.com.br\/unimed\/unimed_bh.html\" target=\"_blank\" rel=\"noopener\"><span style=\"font-weight: 400;\">Unimed Sa\u00fade:<\/span><\/a><span style=\"font-weight: 400;\"> A Unimed sa\u00fade \u00e9 considerada a maior cooperativa de assist\u00eancia m\u00e9dica da Am\u00e9rica Latina. S\u00e3o mais de 114 mil m\u00e9dicos credenciados, em ampla rede de atendimento que oferece, em alguns produtos, atendimento nacional.\u00a0 Contrate um plano de sa\u00fade Unimed a partir de um benefici\u00e1rio, com acomoda\u00e7\u00e3o em enfermaria ou apartamento, com ou sem coparticipa\u00e7\u00e3o.<\/span><span style=\"font-weight: 400;\"><br \/>\r\n<br \/>\r\n<\/span><\/li>\r\n\t<li aria-level=\"1\"><a href=\"https:\/\/www.rotaseguros.com.br\/vitallis\/vitallis.html\" target=\"_blank\" rel=\"noopener\"><span style=\"font-weight: 400;\">Vitallis Sa\u00fade (GNDI Minas)<\/span><\/a><span style=\"font-weight: 400;\">: A Vitallis Sa\u00fade j\u00e1 era uma operadora bastante conhecida em Belo Horizonte. No primeiro semestre de 2021, ela passou a integrar o Grupo NotreDame Interm\u00e9dica e agora \u00e9 GNDI Minas. Seus planos de sa\u00fade empresariais continuam dispon\u00edveis para MEI, LTDA, S.A e Eireli. A partir de dois benefici\u00e1rios, voc\u00ea e sua empresa podem adquirir um plano da Vitallis Sa\u00fade GNDI Minas. <\/span><\/li>\r\n<\/ul>\r\n<p>&nbsp;<\/p>\r\n<ul>\r\n\t<li style=\"font-weight: 400;\" aria-level=\"1\"><a href=\"https:\/\/www.rotaseguros.com.br\/you-saude\/index.html\" target=\"_blank\" rel=\"noopener\"><span style=\"font-weight: 400;\">You Sa\u00fade <\/span><\/a><span style=\"font-weight: 400;\">: A You Sa\u00fade foi criada em 2020, pelo Grupo First. Com a miss\u00e3o de proporcionar um atendimento de sa\u00fade de qualidade por um pre\u00e7o justo, oferece planos de sa\u00fade empresariais a partir de 02 benefici\u00e1rios. A contrata\u00e7\u00e3o est\u00e1 dispon\u00edvel para Belo Horizonte e regi\u00e3o e Esp\u00edrito Santo.\u00a0<\/span><\/li>\r\n<\/ul>\r\n<p>&nbsp;<\/p>\r\n<h4><span class=\"ez-toc-section\" id=\"Quais_documentos_preciso_apresentar_para_contratar_um_plano_de_saude_empresarial\"><\/span><b><a id=\"documentos\"><\/a>Quais documentos preciso apresentar para contratar um plano de sa\u00fade empresarial?<\/b><span class=\"ez-toc-section-end\"><\/span><\/h4>\r\n<p><span style=\"font-weight: 400;\">No geral, as operadoras e seguradoras de sa\u00fade pedem as mesmas <strong>documenta\u00e7\u00f5es para a contrata\u00e7\u00e3o de um plano de sa\u00fade empresarial<\/strong>. Entretanto, alguns documentos podem variar. Assim, o melhor que voc\u00ea tem a fazer, \u00e9 contratar um plano a partir de um consultor de sa\u00fade autorizado, tal como os da Rota Seguros.\u00a0<\/span><\/p>\r\n<p><span style=\"font-weight: 400;\">De modo geral, voc\u00ea ter\u00e1 que apresentar documenta\u00e7\u00f5es que comprovem sua atividade comercial, al\u00e9m de suas documenta\u00e7\u00f5es pessoais. Confira!<\/span><\/p>\r\n<ul>\r\n\t<li style=\"font-weight: 400;\" aria-level=\"1\"><span style=\"font-weight: 400;\">Cart\u00e3o CNPJ emitido pela Receita Federal<\/span><\/li>\r\n\t<li style=\"font-weight: 400;\" aria-level=\"1\"><span style=\"font-weight: 400;\">Contrato Social atualizado\u00a0<\/span><\/li>\r\n\t<li style=\"font-weight: 400;\" aria-level=\"1\"><span style=\"font-weight: 400;\">Certificado de Condi\u00e7\u00e3o do Microempreendedor Individual (CCMEI);<\/span><\/li>\r\n\t<li style=\"font-weight: 400;\" aria-level=\"1\"><span style=\"font-weight: 400;\">C\u00f3pia do RG (titular e dependentes), CPF (titular e dependentes)<\/span><\/li>\r\n\t<li style=\"font-weight: 400;\" aria-level=\"1\"><span style=\"font-weight: 400;\">C\u00f3pia do comprovante de resid\u00eancia;<\/span><\/li>\r\n\t<li style=\"font-weight: 400;\" aria-level=\"1\"><span style=\"font-weight: 400;\">Demais documentos que a operadora do plano de sa\u00fade possa exigir.<\/span><\/li>\r\n<\/ul>\r\n<p>&nbsp;<\/p>\r\n<h4><span class=\"ez-toc-section\" id=\"_Plano_Odontologico_Empresarial\"><\/span><span style=\"font-weight: 400;\"><a id=\"odonto\"><\/a>\u00a0<\/span><b>Plano Odontol\u00f3gico Empresarial<\/b><span class=\"ez-toc-section-end\"><\/span><\/h4>\r\n<p><span style=\"font-weight: 400;\">Para garantir maiores cuidados com a sa\u00fade, voc\u00ea tamb\u00e9m pode contratar junto com a assist\u00eancia m\u00e9dica, um<strong> plano odontol\u00f3gico empresarial<\/strong>. Sabemos que a sa\u00fade bucal \u00e9 t\u00e3o importante quanto a do nosso corpo, por isso, garantir um rol de cobertura para eventualidades e tratamentos odontol\u00f3gicos deve ser uma prioridade para voc\u00ea, sua empresa e sua fam\u00edlia.\u00a0<\/span><\/p>\r\n<p><span style=\"font-weight: 400;\">Ao contratar um plano odontol\u00f3gico da mesma operadora de sa\u00fade, voc\u00ea conseguir\u00e1 condi\u00e7\u00f5es e pre\u00e7os exclusivos, que ao contratar individualmente, n\u00e3o seriam garantidos. Confira abaixo algumas operadoras e seguradoras que possuem plano odontol\u00f3gico:<\/span><\/p>\r\n<ul>\r\n\t<li style=\"font-weight: 400;\" aria-level=\"1\"><span style=\"font-weight: 400;\">Amil Sa\u00fade;<\/span><\/li>\r\n\t<li style=\"font-weight: 400;\" aria-level=\"1\"><span style=\"font-weight: 400;\">Allianz Sa\u00fade;<\/span><\/li>\r\n\t<li style=\"font-weight: 400;\" aria-level=\"1\"><span style=\"font-weight: 400;\">Bradesco Sa\u00fade;<\/span><\/li>\r\n\t<li style=\"font-weight: 400;\" aria-level=\"1\"><span style=\"font-weight: 400;\">Premium Sa\u00fade;<\/span><\/li>\r\n\t<li style=\"font-weight: 400;\" aria-level=\"1\"><span style=\"font-weight: 400;\">SulAm\u00e9rica Sa\u00fade.<\/span><\/li>\r\n<\/ul>\r\n<p>&nbsp;<\/p>\r\n<hr \/>\r\n<p class=\"western\" align=\"justify\"><em><i><b><br \/>\r\n<a id=\"cotacao\"><\/a>Precisando contratar um Plano de Sa\u00fade Empresarial em Belo Horizonte e Regi\u00e3o? Na Rota Seguros, voc\u00ea encontra profissionais preparados e comprometidos com a excel\u00eancia no atendimento. Entre em contato conosco e pe\u00e7a uma cota\u00e7\u00e3o personalizada!<\/b><\/i><\/em><\/p>\r\n<ul>\r\n\t<li class=\"western\"><b>Grande BH \u2013\u00a0<\/b><strong><a href=\"tel:3132798000\"><b>(31) 3279-8000<\/b><\/a><\/strong><\/li>\r\n\t<li class=\"western\"><b>Demais Regi\u00f5es \u2013\u00a0<\/b><strong><a href=\"tel:08000242424\"><b>0800 024 2424<\/b><\/a><\/strong><\/li>\r\n<\/ul>\r\n<p>&nbsp;<\/p>\r\n","protected":false},"excerpt":{"rendered":"<p><span class=\"span-reading-time rt-reading-time\" style=\"display: block;\"><span class=\"rt-label rt-prefix\">Reading Time: <\/span> <span class=\"rt-time\"> 5<\/span> <span class=\"rt-label rt-postfix\">minutes<\/span><\/span>Para facilitar a sua escolha, reunimos em um s\u00f3 lugar os principais planos de sa\u00fade empresariais dispon\u00edveis em BH e regi\u00e3o. A maioria dos produtos permitem contrata\u00e7\u00e3o a partir de &#8230;<\/p>\n","protected":false},"author":2,"featured_media":8549,"comment_status":"open","ping_status":"open","sticky":false,"template":"","format":"standard","meta":{"_monsterinsights_skip_tracking":false,"_monsterinsights_sitenote_active":false,"_monsterinsights_sitenote_note":"","_monsterinsights_sitenote_category":0,"footnotes":"","_links_to":"","_links_to_target":""},"categories":[27,908,33],"tags":[849,912,710,911,909,910,917,211,913,915,914,916],"class_list":["post-4515","post","type-post","status-publish","format-standard","has-post-thumbnail","hentry","category-plano-de-saude","category-plano-de-saude-empresarial","category-rota-seguros","tag-allianz-saude","tag-amil-saude-empresarial","tag-bradesco-saude-empresarial","tag-plano-de-saude-empresarial-em-bh","tag-plano-empresariais","tag-plano-empresarial-bh","tag-plano-odonto-empresarial","tag-planos-de-saude-empresariais","tag-sulamerica-saude-empresarial","tag-unimed-empresarial","tag-vitallis-empresarial","tag-you-saude-empresarial"],"_links":{"self":[{"href":"https:\/\/www.rotaseguros.com.br\/planosdesaude\/wp-json\/wp\/v2\/posts\/4515","targetHints":{"allow":["GET"]}}],"collection":[{"href":"https:\/\/www.rotaseguros.com.br\/planosdesaude\/wp-json\/wp\/v2\/posts"}],"about":[{"href":"https:\/\/www.rotaseguros.com.br\/planosdesaude\/wp-json\/wp\/v2\/types\/post"}],"author":[{"embeddable":true,"href":"https:\/\/www.rotaseguros.com.br\/planosdesaude\/wp-json\/wp\/v2\/users\/2"}],"replies":[{"embeddable":true,"href":"https:\/\/www.rotaseguros.com.br\/planosdesaude\/wp-json\/wp\/v2\/comments?post=4515"}],"version-history":[{"count":0,"href":"https:\/\/www.rotaseguros.com.br\/planosdesaude\/wp-json\/wp\/v2\/posts\/4515\/revisions"}],"wp:featuredmedia":[{"embeddable":true,"href":"https:\/\/www.rotaseguros.com.br\/planosdesaude\/wp-json\/wp\/v2\/media\/8549"}],"wp:attachment":[{"href":"https:\/\/www.rotaseguros.com.br\/planosdesaude\/wp-json\/wp\/v2\/media?parent=4515"}],"wp:term":[{"taxonomy":"category","embeddable":true,"href":"https:\/\/www.rotaseguros.com.br\/planosdesaude\/wp-json\/wp\/v2\/categories?post=4515"},{"taxonomy":"post_tag","embeddable":true,"href":"https:\/\/www.rotaseguros.com.br\/planosdesaude\/wp-json\/wp\/v2\/tags?post=4515"}],"curies":[{"name":"wp","href":"https:\/\/api.w.org\/{rel}","templated":true}]}}