{"id":462,"date":"2012-04-09T12:50:57","date_gmt":"2012-04-09T14:50:57","guid":{"rendered":"http:\/\/www.rotaseguros.com.br\/planosdesaude\/?p=462"},"modified":"2012-04-12T13:41:40","modified_gmt":"2012-04-12T15:41:40","slug":"desconto-promocional-so-saude-planos-individuais-e-familiares","status":"publish","type":"post","link":"https:\/\/www.rotaseguros.com.br\/planosdesaude\/desconto-promocional-so-saude-planos-individuais-e-familiares\/","title":{"rendered":"Desconto Promocional S\u00f3 Sa\u00fade &#8211; Planos Individuais e Familiares"},"content":{"rendered":"<span class=\"span-reading-time rt-reading-time\" style=\"display: block;\"><span class=\"rt-label rt-prefix\">Reading Time: <\/span> <span class=\"rt-time\"> &lt; 1<\/span> <span class=\"rt-label rt-postfix\">minute<\/span><\/span><p>&nbsp;<\/p>\n<p>Presente em Belo Horizonte desde 1999, a <strong>S\u00f3 Sa\u00fade<\/strong> vem conquistando usu\u00e1rios que buscam aliar qualidade e pre\u00e7o, tanto para planos individuais, quanto familiares e empresariais.<br \/>\nCom isto, a <strong>S\u00f3 Sa\u00fade<\/strong> est\u00e1 oferecendo <em>descontos<\/em> para novos associados que desejam adquirir planos <em>Individuais<\/em> e\/ou <em>Familiares<\/em> at\u00e9 dia <em>31\/07\/12<\/em>.<\/p>\n<p>Verifique as condi\u00e7\u00f5es de comercializa\u00e7\u00e3o com nossos consultores!<\/p>\n<p>Entre em contato conosco clicando<a href=\"http:\/\/www.rotaseguros.com.br\/formulario.html\" target=\"_blank\"> aqui.<\/a><\/p>\n<p>&nbsp;<\/p>\n<p style=\"text-align: center;\"><a href=\"http:\/\/www.rotaseguros.com.br\/planosdesaude\/wp-content\/uploads\/so_saude.jpg\"><img loading=\"lazy\" decoding=\"async\" class=\" wp-image-466    aligncenter\" title=\"so_saude_rota_seguros\" src=\"http:\/\/www.rotaseguros.com.br\/planosdesaude\/wp-content\/uploads\/so_saude-1024x652.jpg\" alt=\"so_saude_rota_seguros\" width=\"360\" height=\"360\" \/><\/a><\/p>\n","protected":false},"excerpt":{"rendered":"<p><span class=\"span-reading-time rt-reading-time\" style=\"display: block;\"><span class=\"rt-label rt-prefix\">Reading Time: <\/span> <span class=\"rt-time\"> &lt; 1<\/span> <span class=\"rt-label rt-postfix\">minute<\/span><\/span>&nbsp; Presente em Belo Horizonte desde 1999, a S\u00f3 Sa\u00fade vem conquistando usu\u00e1rios que buscam aliar qualidade e pre\u00e7o, tanto para planos individuais, quanto familiares e empresariais. Com isto, a &#8230;<\/p>\n","protected":false},"author":1,"featured_media":0,"comment_status":"open","ping_status":"open","sticky":false,"template":"","format":"standard","meta":{"_monsterinsights_skip_tracking":false,"_monsterinsights_sitenote_active":false,"_monsterinsights_sitenote_note":"","_monsterinsights_sitenote_category":0,"footnotes":"","_links_to":"","_links_to_target":""},"categories":[1],"tags":[24],"class_list":["post-462","post","type-post","status-publish","format-standard","hentry","category-sem-categoria","tag-so-saude"],"_links":{"self":[{"href":"https:\/\/www.rotaseguros.com.br\/planosdesaude\/wp-json\/wp\/v2\/posts\/462","targetHints":{"allow":["GET"]}}],"collection":[{"href":"https:\/\/www.rotaseguros.com.br\/planosdesaude\/wp-json\/wp\/v2\/posts"}],"about":[{"href":"https:\/\/www.rotaseguros.com.br\/planosdesaude\/wp-json\/wp\/v2\/types\/post"}],"author":[{"embeddable":true,"href":"https:\/\/www.rotaseguros.com.br\/planosdesaude\/wp-json\/wp\/v2\/users\/1"}],"replies":[{"embeddable":true,"href":"https:\/\/www.rotaseguros.com.br\/planosdesaude\/wp-json\/wp\/v2\/comments?post=462"}],"version-history":[{"count":0,"href":"https:\/\/www.rotaseguros.com.br\/planosdesaude\/wp-json\/wp\/v2\/posts\/462\/revisions"}],"wp:attachment":[{"href":"https:\/\/www.rotaseguros.com.br\/planosdesaude\/wp-json\/wp\/v2\/media?parent=462"}],"wp:term":[{"taxonomy":"category","embeddable":true,"href":"https:\/\/www.rotaseguros.com.br\/planosdesaude\/wp-json\/wp\/v2\/categories?post=462"},{"taxonomy":"post_tag","embeddable":true,"href":"https:\/\/www.rotaseguros.com.br\/planosdesaude\/wp-json\/wp\/v2\/tags?post=462"}],"curies":[{"name":"wp","href":"https:\/\/api.w.org\/{rel}","templated":true}]}}