{"id":501,"date":"2012-10-08T19:01:10","date_gmt":"2012-10-08T21:01:10","guid":{"rendered":"http:\/\/www.rotaseguros.com.br\/planosdesaude\/?p=501"},"modified":"2018-10-09T14:02:18","modified_gmt":"2018-10-09T16:02:18","slug":"medicos-pretendem-paralisar-atendimento","status":"publish","type":"post","link":"https:\/\/www.rotaseguros.com.br\/planosdesaude\/medicos-pretendem-paralisar-atendimento\/","title":{"rendered":"M\u00e9dicos pretendem paralisar atendimento"},"content":{"rendered":"<span class=\"span-reading-time rt-reading-time\" style=\"display: block;\"><span class=\"rt-label rt-prefix\">Reading Time: <\/span> <span class=\"rt-time\"> &lt; 1<\/span> <span class=\"rt-label rt-postfix\">minute<\/span><\/span><p>&nbsp;<\/p>\n<p>Entidades m\u00e9dicas nacionais est\u00e3o programando uma paralisa\u00e7\u00e3o de<br \/>\natendimento aos planos de sa\u00fade dos dias <strong>10 \u00e0 18 de outubro de 2012<\/strong>.<br \/>\n<em>Os m\u00e9dicos que adotarem a paralisa\u00e7\u00e3o n\u00e3o prestar\u00e3o atendimento para<\/em><br \/>\n<em>consultas e procedimentos eletivos \u00e0 pacientes conveniados a planos e<\/em><br \/>\n<em>seguros de sa\u00fad<\/em>e.<\/p>\n<p><strong>Atendimentos de urg\u00eancia e emerg\u00eancia ser\u00e3o realizados normalmente.<\/strong><\/p>\n<p>A paralisa\u00e7\u00e3o, que abrange todas as operadoras de sa\u00fade, \u00e9 uma decis\u00e3o<br \/>\ntomada exclusivamente pelas entidades m\u00e9dicas. Portanto, neste caso, a<br \/>\nlibera\u00e7\u00e3o do atendimento infelizmente independe da <em>Operadora<\/em>. Por isto, antes de dirigir-se a qualquer local credenciado \u00e0 seu produto de sa\u00fade e\/ou odontol\u00f3gico, entre em contato primeiramente com sua <em>Operadora<\/em>.<\/p>\n<p>&nbsp;<\/p>\n","protected":false},"excerpt":{"rendered":"<p><span class=\"span-reading-time rt-reading-time\" style=\"display: block;\"><span class=\"rt-label rt-prefix\">Reading Time: <\/span> <span class=\"rt-time\"> &lt; 1<\/span> <span class=\"rt-label rt-postfix\">minute<\/span><\/span>&nbsp; Entidades m\u00e9dicas nacionais est\u00e3o programando uma paralisa\u00e7\u00e3o de atendimento aos planos de sa\u00fade dos dias 10 \u00e0 18 de outubro de 2012. Os m\u00e9dicos que adotarem a paralisa\u00e7\u00e3o n\u00e3o &#8230;<\/p>\n","protected":false},"author":1,"featured_media":0,"comment_status":"open","ping_status":"open","sticky":false,"template":"","format":"standard","meta":{"_monsterinsights_skip_tracking":false,"_monsterinsights_sitenote_active":false,"_monsterinsights_sitenote_note":"","_monsterinsights_sitenote_category":0,"footnotes":"","_links_to":"","_links_to_target":""},"categories":[1],"tags":[],"class_list":["post-501","post","type-post","status-publish","format-standard","hentry","category-sem-categoria"],"_links":{"self":[{"href":"https:\/\/www.rotaseguros.com.br\/planosdesaude\/wp-json\/wp\/v2\/posts\/501","targetHints":{"allow":["GET"]}}],"collection":[{"href":"https:\/\/www.rotaseguros.com.br\/planosdesaude\/wp-json\/wp\/v2\/posts"}],"about":[{"href":"https:\/\/www.rotaseguros.com.br\/planosdesaude\/wp-json\/wp\/v2\/types\/post"}],"author":[{"embeddable":true,"href":"https:\/\/www.rotaseguros.com.br\/planosdesaude\/wp-json\/wp\/v2\/users\/1"}],"replies":[{"embeddable":true,"href":"https:\/\/www.rotaseguros.com.br\/planosdesaude\/wp-json\/wp\/v2\/comments?post=501"}],"version-history":[{"count":0,"href":"https:\/\/www.rotaseguros.com.br\/planosdesaude\/wp-json\/wp\/v2\/posts\/501\/revisions"}],"wp:attachment":[{"href":"https:\/\/www.rotaseguros.com.br\/planosdesaude\/wp-json\/wp\/v2\/media?parent=501"}],"wp:term":[{"taxonomy":"category","embeddable":true,"href":"https:\/\/www.rotaseguros.com.br\/planosdesaude\/wp-json\/wp\/v2\/categories?post=501"},{"taxonomy":"post_tag","embeddable":true,"href":"https:\/\/www.rotaseguros.com.br\/planosdesaude\/wp-json\/wp\/v2\/tags?post=501"}],"curies":[{"name":"wp","href":"https:\/\/api.w.org\/{rel}","templated":true}]}}