{"id":58,"date":"2009-11-19T18:22:00","date_gmt":"2009-11-19T18:22:00","guid":{"rendered":"http:\/\/bhplanosdesaude.wordpress.com\/2009\/11\/19\/atencao-amil-compra-medial-saude"},"modified":"2018-10-09T14:02:02","modified_gmt":"2018-10-09T16:02:02","slug":"atencao-amil-compra-medial-saude","status":"publish","type":"post","link":"https:\/\/www.rotaseguros.com.br\/planosdesaude\/atencao-amil-compra-medial-saude\/","title":{"rendered":"Aten\u00e7\u00e3o: Amil compra Medial Sa\u00fade"},"content":{"rendered":"<span class=\"span-reading-time rt-reading-time\" style=\"display: block;\"><span class=\"rt-label rt-prefix\">Reading Time: <\/span> <span class=\"rt-time\"> &lt; 1<\/span> <span class=\"rt-label rt-postfix\">minute<\/span><\/span><p>Na maior transa\u00e7\u00e3o de planos de sa\u00fade do pa\u00eds, a Amil comprou 52% das a\u00e7\u00f5es da sua maior concorrente por R$ 612 milh\u00f5es, com isso a Amil passa a ter 4,2 milh\u00f5es de benefici\u00e1rios em sa\u00fade e outros 986 mil em planos dentais.<\/p>\n<p><a name=\"more\"><\/a><\/p>\n<p>H\u00e1 v\u00e1rios meses o mercado especulava sobre a aquisi\u00e7\u00e3o da Medial pela Amil.<br \/>\nA Medial sempre negou a exist\u00eancia das conversas, mas em outubro os rumores voltaram a circular devido \u00e0 sa\u00edda de Em\u00edlio Carazzai da presid\u00eancia da empresa. Sua substitui\u00e7\u00e3o pelo executivo Henning Von Koss foi interpretada no mercado como um sinal de que a Medial poderia ser alvo de aquisi\u00e7\u00e3o.<br \/>\nComo a Medial faz parte do Novo Mercado da BM&amp;FBovespa, os minorit\u00e1rios ter\u00e3o direito de vender suas a\u00e7\u00f5es \u00e0 Amil nas mesmas condi\u00e7\u00f5es oferecidas aos controladores (R$ 17,2066 por papel). A empresa j\u00e1 informou que far\u00e1 a oferta p\u00fablica para a recompra de todos os pap\u00e9is da Medial, que, se bem-sucedida, levar\u00e1 a sua sa\u00edda da Bovespa.<br \/>\nO neg\u00f3cio ainda precisar\u00e1 ser aprovado pela Ag\u00eancia Nacional de Sa\u00fade Suplementar (ANS), que regulamenta o setor de planos de sa\u00fade no Brasil. Al\u00e9m disso, ter\u00e1 de ter o aval dos \u00f3rg\u00e3os de defesa da concorr\u00eancia brasileiros.<br \/>\nFonte: <span class=\"removed_link\" title=\"http:\/\/portalexame.abril.com.br\/negocios\/amil-compra-controle-medial-r-612-milhoes-513414.html\">Portal Exame<\/span><\/p>\n","protected":false},"excerpt":{"rendered":"<p><span class=\"span-reading-time rt-reading-time\" style=\"display: block;\"><span class=\"rt-label rt-prefix\">Reading Time: <\/span> <span class=\"rt-time\"> &lt; 1<\/span> <span class=\"rt-label rt-postfix\">minute<\/span><\/span>Na maior transa\u00e7\u00e3o de planos de sa\u00fade do pa\u00eds, a Amil comprou 52% das a\u00e7\u00f5es da sua maior concorrente por R$ 612 milh\u00f5es, com isso a Amil passa a ter &#8230;<\/p>\n","protected":false},"author":2,"featured_media":0,"comment_status":"open","ping_status":"open","sticky":false,"template":"","format":"standard","meta":{"_monsterinsights_skip_tracking":false,"_monsterinsights_sitenote_active":false,"_monsterinsights_sitenote_note":"","_monsterinsights_sitenote_category":0,"footnotes":"","_links_to":"","_links_to_target":""},"categories":[3],"tags":[],"class_list":["post-58","post","type-post","status-publish","format-standard","hentry","category-amil"],"_links":{"self":[{"href":"https:\/\/www.rotaseguros.com.br\/planosdesaude\/wp-json\/wp\/v2\/posts\/58","targetHints":{"allow":["GET"]}}],"collection":[{"href":"https:\/\/www.rotaseguros.com.br\/planosdesaude\/wp-json\/wp\/v2\/posts"}],"about":[{"href":"https:\/\/www.rotaseguros.com.br\/planosdesaude\/wp-json\/wp\/v2\/types\/post"}],"author":[{"embeddable":true,"href":"https:\/\/www.rotaseguros.com.br\/planosdesaude\/wp-json\/wp\/v2\/users\/2"}],"replies":[{"embeddable":true,"href":"https:\/\/www.rotaseguros.com.br\/planosdesaude\/wp-json\/wp\/v2\/comments?post=58"}],"version-history":[{"count":0,"href":"https:\/\/www.rotaseguros.com.br\/planosdesaude\/wp-json\/wp\/v2\/posts\/58\/revisions"}],"wp:attachment":[{"href":"https:\/\/www.rotaseguros.com.br\/planosdesaude\/wp-json\/wp\/v2\/media?parent=58"}],"wp:term":[{"taxonomy":"category","embeddable":true,"href":"https:\/\/www.rotaseguros.com.br\/planosdesaude\/wp-json\/wp\/v2\/categories?post=58"},{"taxonomy":"post_tag","embeddable":true,"href":"https:\/\/www.rotaseguros.com.br\/planosdesaude\/wp-json\/wp\/v2\/tags?post=58"}],"curies":[{"name":"wp","href":"https:\/\/api.w.org\/{rel}","templated":true}]}}