{"id":6108,"date":"2020-08-21T14:03:17","date_gmt":"2020-08-21T16:03:17","guid":{"rendered":"https:\/\/www.rotaseguros.com.br\/planosdesaude\/?p=6108"},"modified":"2020-08-24T17:38:13","modified_gmt":"2020-08-24T19:38:13","slug":"como-contratar-um-plano-de-saude-individual","status":"publish","type":"post","link":"https:\/\/www.rotaseguros.com.br\/planosdesaude\/como-contratar-um-plano-de-saude-individual\/","title":{"rendered":"Vale a pena contratar um plano de sa\u00fade individual?"},"content":{"rendered":"<span class=\"span-reading-time rt-reading-time\" style=\"display: block;\"><span class=\"rt-label rt-prefix\">Reading Time: <\/span> <span class=\"rt-time\"> 4<\/span> <span class=\"rt-label rt-postfix\">minutes<\/span><\/span>\r\n<p>Quando o assunto \u00e9 cuidar de nossa sa\u00fade, todo investimento \u00e9 bem-vindo. Dessa forma, ressaltamos que \u00e9 de extrema import\u00e2ncia contratar um plano de sa\u00fade individual, para que assim voc\u00ea esteja protegido nos momentos que mais precisar. Afinal, a sa\u00fade \u00e9 algo crucial para que possamos desenvolver plenamente todas as atividades de nossa rotina e alcan\u00e7ar nossos objetivos.<\/p><div id=\"ez-toc-container\" class=\"ez-toc-v2_0_82_2 counter-flat ez-toc-counter ez-toc-grey ez-toc-container-direction\">\n<div class=\"ez-toc-title-container\">\n<p class=\"ez-toc-title\" style=\"cursor:inherit\">Aqui voc\u00ea encontra:<\/p>\n<span class=\"ez-toc-title-toggle\"><a href=\"#\" class=\"ez-toc-pull-right ez-toc-btn ez-toc-btn-xs ez-toc-btn-default ez-toc-toggle\" aria-label=\"Alternar tabela de conte\u00fado\"><span class=\"ez-toc-js-icon-con\"><span class=\"\"><span class=\"eztoc-hide\" style=\"display:none;\">Toggle<\/span><span class=\"ez-toc-icon-toggle-span\"><svg style=\"fill: #999;color:#999\" xmlns=\"http:\/\/www.w3.org\/2000\/svg\" class=\"list-377408\" width=\"20px\" height=\"20px\" viewBox=\"0 0 24 24\" fill=\"none\"><path d=\"M6 6H4v2h2V6zm14 0H8v2h12V6zM4 11h2v2H4v-2zm16 0H8v2h12v-2zM4 16h2v2H4v-2zm16 0H8v2h12v-2z\" fill=\"currentColor\"><\/path><\/svg><svg style=\"fill: #999;color:#999\" class=\"arrow-unsorted-368013\" xmlns=\"http:\/\/www.w3.org\/2000\/svg\" width=\"10px\" height=\"10px\" viewBox=\"0 0 24 24\" version=\"1.2\" baseProfile=\"tiny\"><path d=\"M18.2 9.3l-6.2-6.3-6.2 6.3c-.2.2-.3.4-.3.7s.1.5.3.7c.2.2.4.3.7.3h11c.3 0 .5-.1.7-.3.2-.2.3-.5.3-.7s-.1-.5-.3-.7zM5.8 14.7l6.2 6.3 6.2-6.3c.2-.2.3-.5.3-.7s-.1-.5-.3-.7c-.2-.2-.4-.3-.7-.3h-11c-.3 0-.5.1-.7.3-.2.2-.3.5-.3.7s.1.5.3.7z\"\/><\/svg><\/span><\/span><\/span><\/a><\/span><\/div>\n<nav><ul class='ez-toc-list ez-toc-list-level-1 ' ><li class='ez-toc-page-1'><a class=\"ez-toc-link ez-toc-heading-1\" href=\"https:\/\/www.rotaseguros.com.br\/planosdesaude\/como-contratar-um-plano-de-saude-individual\/#i\" >\u00a0<\/a><\/li><li class='ez-toc-page-1'><a class=\"ez-toc-link ez-toc-heading-2\" href=\"https:\/\/www.rotaseguros.com.br\/planosdesaude\/como-contratar-um-plano-de-saude-individual\/#Vantagens_de_se_ter_um_plano_de_saude_individual\" >Vantagens de se ter um plano de sa\u00fade individual<\/a><\/li><li class='ez-toc-page-1'><a class=\"ez-toc-link ez-toc-heading-3\" href=\"https:\/\/www.rotaseguros.com.br\/planosdesaude\/como-contratar-um-plano-de-saude-individual\/#Planos_de_saude_individuais_modalidades_de_contratacao\" >Planos de sa\u00fade individuais: modalidades de contrata\u00e7\u00e3o<\/a><\/li><li class='ez-toc-page-1'><a class=\"ez-toc-link ez-toc-heading-4\" href=\"https:\/\/www.rotaseguros.com.br\/planosdesaude\/como-contratar-um-plano-de-saude-individual\/#Como_contratar_um_plano_de_saude_individual\" >Como contratar um plano de sa\u00fade individual?<\/a><\/li><\/ul><\/nav><\/div>\n\r\n<p>Felizmente, existem maneiras simples de nos cuidarmos, e uma delas \u00e9 a preven\u00e7\u00e3o. Ter um plano de sa\u00fade \u00e9 o melhor caminho para se prevenir de doen\u00e7as e manter uma vida mais saud\u00e1vel e equilibrada. Quando cotamos com o suporte de um plano de sa\u00fade, levamos uma rotina mais tranquila e segura, porque sabemos que ao precisarmos de um m\u00e9dico ou de um atendimento r\u00e1pido, estaremos cobertos.<\/p>\r\n<ol>\r\n\t<li><strong><a href=\"#vantagens\">Vantagens de ter um plano de sa\u00fade individual<\/a><\/strong><\/li>\r\n\t<li><strong><a href=\"#modalidade\">Modalidade de contrata\u00e7\u00e3o dos planos individuais<\/a><\/strong><\/li>\r\n\t<li><strong><a href=\"#contratar\">Como contratar um plano de sa\u00fade individual<\/a><\/strong><\/li>\r\n<\/ol>\r\n<hr \/>\r\n<p><em>Fa\u00e7a seu coment\u00e1rio no final da p\u00e1gina com suas perguntas, sugest\u00f5es, elogios ou feedback para melhorar o nosso conte\u00fado. Assim voc\u00ea colabora com outras pessoas que acessarem nosso blog.<\/em><\/p>\r\n<hr \/>\r\n<h2><span class=\"ez-toc-section\" id=\"i\"><\/span>\u00a0<span class=\"ez-toc-section-end\"><\/span><\/h2>\r\n<h2 style=\"text-align: center;\"><span class=\"ez-toc-section\" id=\"Vantagens_de_se_ter_um_plano_de_saude_individual\"><\/span><strong><a id=\"vantagens\"><\/a>Vantagens de se ter um plano de sa\u00fade individual<\/strong><span class=\"ez-toc-section-end\"><\/span><\/h2>\r\n<p>Al\u00e9m da agilidade no atendimento, principalmente em consultas de rotina, um plano de sa\u00fade te d\u00e1 cobertura de exames simples e at\u00e9 de procedimentos de alta complexidade. Sabemos que a realidade do Sistema \u00danico de Sa\u00fade (SUS) possui muitos desafios, dentre eles a dificuldade de marca\u00e7\u00e3o de consultas e exames de preven\u00e7\u00e3o.<\/p>\r\n<p>Quando voc\u00ea possui um plano de sa\u00fade, voc\u00ea est\u00e1 coberto pelas regras de comercializa\u00e7\u00e3o da Ag\u00eancia Nacional de Sa\u00fade (ANS), que prev\u00ea prazos m\u00ednimos para libera\u00e7\u00e3o de atendimento no geral. Por meio da Resolu\u00e7\u00e3o Normativa de n\u00ba259, a ANS determinou prazos m\u00e1ximos para libera\u00e7\u00e3o de diversos tipos de procedimento, confira abaixo:<\/p>\r\n<table class=\"table table-hover table-bordered table-striped\" style=\"height: 368px; width: 96.1277%; border-color: #0d76b8;\" border=\"1\">\r\n<thead class=\"thead-ans\">\r\n<tr style=\"height: 46px;\">\r\n<th style=\"height: 46px;\">Servi\u00e7os<\/th>\r\n<th style=\"height: 46px;\">Prazos m\u00e1ximos de atendimento<br \/>\r\n(em dias \u00fateis)<\/th>\r\n<\/tr>\r\n<\/thead>\r\n<tbody>\r\n<tr style=\"height: 23px;\">\r\n<td style=\"height: 23px;\"><span style=\"font-size: 12px;\">Consulta b\u00e1sica &#8211; pediatria, cl\u00ednica m\u00e9dica, cirurgia geral, ginecologia e obstetr\u00edcia<\/span><\/td>\r\n<td style=\"height: 23px; text-align: center;\"><span style=\"font-size: 12px;\">07 (sete)<\/span><\/td>\r\n<\/tr>\r\n<tr style=\"height: 23px;\">\r\n<td style=\"height: 23px;\"><span style=\"font-size: 12px;\">Consulta nas demais especialidades<\/span><\/td>\r\n<td style=\"height: 23px; text-align: center;\"><span style=\"font-size: 12px;\">14 (catorze)<\/span><\/td>\r\n<\/tr>\r\n<tr style=\"height: 23px;\">\r\n<td style=\"height: 23px;\"><span style=\"font-size: 12px;\">Consulta\/ sess\u00e3o com fonoaudi\u00f3logo<\/span><\/td>\r\n<td style=\"height: 23px; text-align: center;\"><span style=\"font-size: 12px;\">10 (dez)<\/span><\/td>\r\n<\/tr>\r\n<tr style=\"height: 23px;\">\r\n<td style=\"height: 23px;\"><span style=\"font-size: 12px;\">Consulta\/ sess\u00e3o com nutricionista<\/span><\/td>\r\n<td style=\"height: 23px; text-align: center;\"><span style=\"font-size: 12px;\">10 (dez)<\/span><\/td>\r\n<\/tr>\r\n<tr style=\"height: 23px;\">\r\n<td style=\"height: 23px;\"><span style=\"font-size: 12px;\">Consulta\/ sess\u00e3o com psic\u00f3logo<\/span><\/td>\r\n<td style=\"height: 23px; text-align: center;\"><span style=\"font-size: 12px;\">10 (dez)<\/span><\/td>\r\n<\/tr>\r\n<tr style=\"height: 23px;\">\r\n<td style=\"height: 23px;\"><span style=\"font-size: 12px;\">Consulta\/ sess\u00e3o com terapeuta ocupacional<\/span><\/td>\r\n<td style=\"height: 23px; text-align: center;\"><span style=\"font-size: 12px;\">10 (dez)<\/span><\/td>\r\n<\/tr>\r\n<tr style=\"height: 23px;\">\r\n<td style=\"height: 23px;\"><span style=\"font-size: 12px;\">Consulta\/ sess\u00e3o com fisioterapeuta<\/span><\/td>\r\n<td style=\"height: 23px; text-align: center;\"><span style=\"font-size: 12px;\">10 (dez)<\/span><\/td>\r\n<\/tr>\r\n<tr style=\"height: 23px;\">\r\n<td style=\"height: 23px;\"><span style=\"font-size: 12px;\">Consulta e procedimentos realizados em consult\u00f3rio\/ cl\u00ednica com cirurgi\u00e3o-dentista<\/span><\/td>\r\n<td style=\"height: 23px; text-align: center;\"><span style=\"font-size: 12px;\">07 (sete)<\/span><\/td>\r\n<\/tr>\r\n<tr style=\"height: 23px;\">\r\n<td style=\"height: 23px;\"><span style=\"font-size: 12px;\">Servi\u00e7os de diagn\u00f3stico por laborat\u00f3rio de an\u00e1lises cl\u00ednicas em regime ambulatorial<\/span><\/td>\r\n<td style=\"height: 23px; text-align: center;\"><span style=\"font-size: 12px;\">03 (tr\u00eas)<\/span><\/td>\r\n<\/tr>\r\n<tr style=\"height: 23px;\">\r\n<td style=\"height: 23px;\"><span style=\"font-size: 12px;\">Demais servi\u00e7os de diagn\u00f3stico e terapia em regime ambulatorial<\/span><\/td>\r\n<td style=\"height: 23px; text-align: center;\"><span style=\"font-size: 12px;\">10 (dez)<\/span><\/td>\r\n<\/tr>\r\n<tr style=\"height: 23px;\">\r\n<td style=\"height: 23px;\"><span style=\"font-size: 12px;\">Procedimentos de alta complexidade (PAC)<\/span><\/td>\r\n<td style=\"height: 23px; text-align: center;\"><span style=\"font-size: 12px;\">21 (vinte e um)<\/span><\/td>\r\n<\/tr>\r\n<tr style=\"height: 23px;\">\r\n<td style=\"height: 23px;\"><span style=\"font-size: 12px;\">Atendimento em regime de hospital-dia<\/span><\/td>\r\n<td style=\"height: 23px; text-align: center;\"><span style=\"font-size: 12px;\">10 (dez)<\/span><\/td>\r\n<\/tr>\r\n<tr style=\"height: 23px;\">\r\n<td style=\"height: 23px;\"><span style=\"font-size: 12px;\">Atendimento em regime de interna\u00e7\u00e3o eletiva<\/span><\/td>\r\n<td style=\"height: 23px; text-align: center;\"><span style=\"font-size: 12px;\">21 (vinte e um)<\/span><\/td>\r\n<\/tr>\r\n<tr style=\"height: 23px;\">\r\n<td style=\"height: 23px;\"><span style=\"font-size: 12px;\">Urg\u00eancia e emerg\u00eancia<\/span><\/td>\r\n<td style=\"height: 23px; text-align: center;\"><span style=\"font-size: 12px;\">Imediato<\/span><\/td>\r\n<\/tr>\r\n<\/tbody>\r\n<\/table>\r\n<p><span style=\"font-size: 12px;\"><em>Fonte: Ag\u00eancia Nacional de Sa\u00fade<\/em><\/span><\/p>\r\n<p>Outro ponto a se destacar s\u00e3o os procedimentos m\u00e9dicos de alta complexidade que no sistema p\u00fablico s\u00e3o muito demorados e na rede privada chegam a ter valores exorbitantes. Com um plano de sa\u00fade o benefici\u00e1rio ter\u00e1 a seguran\u00e7a de atendimento e respaldo do plano caso um destes procedimentos seja necess\u00e1rio.<\/p>\r\n<p>Por exemplo, um dia em uma Unidade de Atendimento Intensivo (UTI) custa em m\u00e9dia R$ 3 mil reais. Quando voc\u00ea conta com um plano de sa\u00fade, significa que mesmo para os tratamentos com um valor elevado, voc\u00ea ter\u00e1 a cobertura que necessita, pagando uma mensalidade fixa e\/ou uma coparticipa\u00e7\u00e3o reduzida em termos comparativos com um atendimento particular.<\/p>\r\n<p>&nbsp;<\/p>\r\n<h2 style=\"text-align: center;\"><span class=\"ez-toc-section\" id=\"Planos_de_saude_individuais_modalidades_de_contratacao\"><\/span><strong><a id=\"modalidades\"><\/a>Planos de sa\u00fade individuais: modalidades de contrata\u00e7\u00e3o<\/strong><span class=\"ez-toc-section-end\"><\/span><\/h2>\r\n<p>H\u00e1 no mercado duas formas de contrata\u00e7\u00e3o de um plano de sa\u00fade individual, que s\u00e3o:<\/p>\r\n<ul>\r\n\t<li><strong>Plano<\/strong> <strong>Individual Coletivo por Ades\u00e3o<\/strong><\/li>\r\n<\/ul>\r\n<p>Planos comercializados atrav\u00e9s de uma administradora de benef\u00edcios. Depende que o benefici\u00e1rio esteja vinculado a um sindicato ou entidade de classe para a contrata\u00e7\u00e3o.<\/p>\r\n<p>Por meio dos planos de sa\u00fade coletivos por ades\u00e3o, voc\u00ea pode contratar planos da Amil, Bradesco Sa\u00fade, Premium Sa\u00fade, Promed, RN Sa\u00fade, Samp, SulAm\u00e9rica Sa\u00fade, Unimed BH, Unimed Norte de Minas, Unimed Vit\u00f3ria, Unimed Uberl\u00e2ndia, Vitallis, entre outros.<\/p>\r\n<ul>\r\n\t<li><strong>Plano Individual para Pessoa F\u00edsica<\/strong><\/li>\r\n<\/ul>\r\n<p>Hoje, grande parte das operadoras concentram a sua comercializa\u00e7\u00e3o nos planos coletivo por ades\u00e3o e coletivo empresarial. Por\u00e9m, encontre diversas op\u00e7\u00f5es dispon\u00edveis para pessoa f\u00edsica em Belo Horizonte e regi\u00e3o, como a Good Life, MedS\u00eanior, Premium (ambulatorial), Vitallis etc.<\/p>\r\n<p>Voc\u00ea encontra a operadora <strong>MedS\u00eanior dispon\u00edvel tamb\u00e9m em Vit\u00f3ria\/ES<\/strong>.<\/p>\r\n<p>Al\u00e9m de Belo Horizonte, operadora <strong>Premium Sa\u00fade<\/strong> tamb\u00e9m comercializa o<strong> Plano Individual Ambulatorial\u00a0 em Montes Claros, Uberl\u00e2ndia e Vit\u00f3ria\/ES.<\/strong><\/p>\r\n<p>&nbsp;<\/p>\r\n<h2 style=\"text-align: center;\"><span class=\"ez-toc-section\" id=\"Como_contratar_um_plano_de_saude_individual\"><\/span><strong><a id=\"contratar\"><\/a>Como contratar um plano de sa\u00fade individual? <\/strong><span class=\"ez-toc-section-end\"><\/span><\/h2>\r\n<p>O ideal \u00e9 contar com o aux\u00edlio de um corretor de sa\u00fade especializado, que por meio de uma an\u00e1lise dos poss\u00edveis planos a serem contratados, ir\u00e1 instruir e amparar na escolha da melhor op\u00e7\u00e3o de acordo com o perfil do cliente.<\/p>\r\n<p>O melhor para a sa\u00fade para voc\u00ea e sua fam\u00edlia, ser\u00e1 o produto que atenda suas expectativas e esteja dentro da realidade do seu or\u00e7amento. Outro ponto importante que destacamos, \u00e9 que voc\u00ea precisa confiar na operadora que est\u00e1 contratando. Por isso, d\u00ea prefer\u00eancia para operadoras que possuam credibilidade no mercado e que ofere\u00e7a seguran\u00e7a e uma boa rede credenciada.<\/p>\r\n<!-- \/wp:post-content --><!-- \/wp:image -->\r\n<p><img loading=\"lazy\" decoding=\"async\" class=\"aligncenter wp-image-9578\" title=\"Rota Seguros - O Melhor em Planos de Sa\u00fade est\u00e1 aqui!\" src=\"https:\/\/www.rotaseguros.com.br\/planosdesaude\/wp-content\/uploads\/2020\/08\/plano-de-saude-adesao.jpg\" alt=\"\" width=\"650\" height=\"434\" srcset=\"https:\/\/www.rotaseguros.com.br\/planosdesaude\/wp-content\/uploads\/2020\/08\/plano-de-saude-adesao.jpg 1000w, https:\/\/www.rotaseguros.com.br\/planosdesaude\/wp-content\/uploads\/2020\/08\/plano-de-saude-adesao-300x200.jpg 300w, https:\/\/www.rotaseguros.com.br\/planosdesaude\/wp-content\/uploads\/2020\/08\/plano-de-saude-adesao-768x512.jpg 768w, https:\/\/www.rotaseguros.com.br\/planosdesaude\/wp-content\/uploads\/2020\/08\/plano-de-saude-adesao-980x654.jpg 980w, https:\/\/www.rotaseguros.com.br\/planosdesaude\/wp-content\/uploads\/2020\/08\/plano-de-saude-adesao-480x320.jpg 480w\" sizes=\"auto, (max-width: 650px) 100vw, 650px\" \/><\/p>\r\n<!-- wp:paragraph -->\r\n<p><strong><em>Na Rota Seguros, voc\u00ea encontra profissionais preparados e comprometidos com a excel\u00eancia no atendimento. Entre em contato conosco e pe\u00e7a uma cota\u00e7\u00e3o de plano de sa\u00fade individual!<\/em><\/strong><\/p>\r\n<!-- \/wp:paragraph -->\r\n<!-- wp:paragraph --><!-- \/wp:paragraph -->\r\n<!-- wp:list -->\r\n<ul>\r\n\t<li>Grande BH \u2013\u00a0<a href=\"tel:3132798000\"><strong>(31) 3279-8000<\/strong><\/a><\/li>\r\n\t<li>Montes Claros \u2013\u00a0<strong><a href=\"tel:3832168249\" target=\"_blank\" rel=\"noopener noreferrer\">(38) 3216-8249<\/a><\/strong><\/li>\r\n\t<li>Patos de Minas, Uberaba e Uberl\u00e2ndia \u2013\u00a0<a href=\"tel:08009400809\"><strong>0800 940 0809<\/strong><\/a><\/li>\r\n\t<li>Pouso Alegre, Itajub\u00e1 (Sul de Minas) \u2013\u00a0<b>\u00a0<a href=\"tel:3530128201\">(35) 3012-8201<\/a><\/b><\/li>\r\n\t<li>Vit\u00f3ria\/ES \u2013\u00a0<strong><span class=\"telefone\"><a href=\"tel:2722333020\">(27) 2233-302<\/a><\/span><\/strong><\/li>\r\n\t<li>Demais Regi\u00f5es \u2013<a href=\"tel:08000242424\"><strong>\u00a00800 024 2424<\/strong><\/a><\/li>\r\n<\/ul>\r\n<!-- wp:paragraph -->\r\n<p>&nbsp;<\/p>\r\n<!-- \/wp:paragraph -->","protected":false},"excerpt":{"rendered":"<p><span class=\"span-reading-time rt-reading-time\" style=\"display: block;\"><span class=\"rt-label rt-prefix\">Reading Time: <\/span> <span class=\"rt-time\"> 4<\/span> <span class=\"rt-label rt-postfix\">minutes<\/span><\/span>Quando o assunto \u00e9 cuidar de nossa sa\u00fade, todo investimento \u00e9 bem-vindo. Dessa forma, ressaltamos que \u00e9 de extrema import\u00e2ncia contratar um plano de sa\u00fade individual, para que assim voc\u00ea &#8230;<\/p>\n","protected":false},"author":2,"featured_media":7795,"comment_status":"open","ping_status":"open","sticky":false,"template":"","format":"standard","meta":{"_monsterinsights_skip_tracking":false,"_monsterinsights_sitenote_active":false,"_monsterinsights_sitenote_note":"","_monsterinsights_sitenote_category":0,"footnotes":"","_links_to":"","_links_to_target":""},"categories":[12,33],"tags":[816,814,815,394,818,817,813],"class_list":["post-6108","post","type-post","status-publish","format-standard","has-post-thumbnail","hentry","category-noticias","category-rota-seguros","tag-como-contratar-um-plano-de-saude-individual","tag-contratar-plano-individual","tag-melhor-plano-de-saude-individual","tag-plano-de-saude-individual","tag-plano-de-saude-pessoa-fisica","tag-tipos-de-planos-de-saude-para-pf","tag-vale-a-pena-um-plano-individual"],"_links":{"self":[{"href":"https:\/\/www.rotaseguros.com.br\/planosdesaude\/wp-json\/wp\/v2\/posts\/6108","targetHints":{"allow":["GET"]}}],"collection":[{"href":"https:\/\/www.rotaseguros.com.br\/planosdesaude\/wp-json\/wp\/v2\/posts"}],"about":[{"href":"https:\/\/www.rotaseguros.com.br\/planosdesaude\/wp-json\/wp\/v2\/types\/post"}],"author":[{"embeddable":true,"href":"https:\/\/www.rotaseguros.com.br\/planosdesaude\/wp-json\/wp\/v2\/users\/2"}],"replies":[{"embeddable":true,"href":"https:\/\/www.rotaseguros.com.br\/planosdesaude\/wp-json\/wp\/v2\/comments?post=6108"}],"version-history":[{"count":0,"href":"https:\/\/www.rotaseguros.com.br\/planosdesaude\/wp-json\/wp\/v2\/posts\/6108\/revisions"}],"wp:featuredmedia":[{"embeddable":true,"href":"https:\/\/www.rotaseguros.com.br\/planosdesaude\/wp-json\/wp\/v2\/media\/7795"}],"wp:attachment":[{"href":"https:\/\/www.rotaseguros.com.br\/planosdesaude\/wp-json\/wp\/v2\/media?parent=6108"}],"wp:term":[{"taxonomy":"category","embeddable":true,"href":"https:\/\/www.rotaseguros.com.br\/planosdesaude\/wp-json\/wp\/v2\/categories?post=6108"},{"taxonomy":"post_tag","embeddable":true,"href":"https:\/\/www.rotaseguros.com.br\/planosdesaude\/wp-json\/wp\/v2\/tags?post=6108"}],"curies":[{"name":"wp","href":"https:\/\/api.w.org\/{rel}","templated":true}]}}