{"id":809,"date":"2015-01-29T13:54:19","date_gmt":"2015-01-29T15:54:19","guid":{"rendered":"http:\/\/www.rotaseguros.com.br\/planosdesaude\/?p=809"},"modified":"2015-01-29T13:54:19","modified_gmt":"2015-01-29T15:54:19","slug":"medicos-de-familia-vao-para-o-sistema-privado-de-saude","status":"publish","type":"post","link":"https:\/\/www.rotaseguros.com.br\/planosdesaude\/medicos-de-familia-vao-para-o-sistema-privado-de-saude\/","title":{"rendered":"M\u00e9dicos de fam\u00edlia v\u00e3o para o sistema privado de sa\u00fade"},"content":{"rendered":"<span class=\"span-reading-time rt-reading-time\" style=\"display: block;\"><span class=\"rt-label rt-prefix\">Reading Time: <\/span> <span class=\"rt-time\"> &lt; 1<\/span> <span class=\"rt-label rt-postfix\">minute<\/span><\/span><p style=\"text-align: justify;\">O modelo de cuidado focado no paciente, e n\u00e3o na doen\u00e7a, tem se espalhado no Brasil nos \u00faltimos quatro anos, afirma o presidente da Sociedade Brasileira de Medicina de Fam\u00edlia e Comunidade (SBMFC), Thiago Trindade. Os especialistas na \u00e1rea, que at\u00e9 ent\u00e3o eram quase todos absorvidos pelo Sistema \u00danico de Sa\u00fade (SUS) e atendiam fam\u00edlias de baixa renda, t\u00eam migrado para o servi\u00e7o privado, seja para atendimento por meio de planos de sa\u00fade ou consult\u00f3rio particular.<\/p>\n<p style=\"text-align: justify;\">\n<p style=\"text-align: justify;\">Trindade estima que dos 5 mil especialistas da SBMFC, 10% j\u00e1 trabalham no sistema privado. &#8220;H\u00e1 cinco anos, eram s\u00f3 10 ou 15 m\u00e9dicos de fam\u00edlia que atendiam fora do servi\u00e7o p\u00fablico&#8221;, diz. O crescimento do m\u00e9dico generalista \u00e9 uma tend\u00eancia mundial que surgiu como resposta \u00e0 superespecializa\u00e7\u00e3o da medicina (nos EUA, por exemplo, esse profissional \u00e9 chamado de &#8220;m\u00e9dico concierge&#8221;).<\/p>\n<p style=\"text-align: justify;\">\n<p style=\"text-align: justify;\">As operadoras de planos de sa\u00fade no Brasil j\u00e1 est\u00e3o atentas a essa tend\u00eancia. Em algumas capitais, a Unimed tem um projeto piloto em que m\u00e9dicos de fam\u00edlia ficam respons\u00e1veis pelo encaminhamento do paciente dentro do sistema. &#8220;Isso reduz o percurso da pessoa. Evita consultas e exames desnecess\u00e1rios e idas e vindas ao pronto atendimento&#8221;, garante Jos\u00e9 Ferreira, diretor de Provimento de Sa\u00fade da Unimed Belo Horizonte.<\/p>\n<p>&nbsp;<\/p>\n<h6>Fonte: Folha de S\u00e3o Paulo<\/h6>\n","protected":false},"excerpt":{"rendered":"<p><span class=\"span-reading-time rt-reading-time\" style=\"display: block;\"><span class=\"rt-label rt-prefix\">Reading Time: <\/span> <span class=\"rt-time\"> &lt; 1<\/span> <span class=\"rt-label rt-postfix\">minute<\/span><\/span>O modelo de cuidado focado no paciente, e n\u00e3o na doen\u00e7a, tem se espalhado no Brasil nos \u00faltimos quatro anos, afirma o presidente da Sociedade Brasileira de Medicina de Fam\u00edlia &#8230;<\/p>\n","protected":false},"author":2,"featured_media":0,"comment_status":"open","ping_status":"open","sticky":false,"template":"","format":"standard","meta":{"_monsterinsights_skip_tracking":false,"_monsterinsights_sitenote_active":false,"_monsterinsights_sitenote_note":"","_monsterinsights_sitenote_category":0,"footnotes":"","_links_to":"","_links_to_target":""},"categories":[12],"tags":[98,97,100,99],"class_list":["post-809","post","type-post","status-publish","format-standard","hentry","category-noticias","tag-medico-da-familia","tag-medicos-da-familia","tag-sistema-privado","tag-sus"],"_links":{"self":[{"href":"https:\/\/www.rotaseguros.com.br\/planosdesaude\/wp-json\/wp\/v2\/posts\/809","targetHints":{"allow":["GET"]}}],"collection":[{"href":"https:\/\/www.rotaseguros.com.br\/planosdesaude\/wp-json\/wp\/v2\/posts"}],"about":[{"href":"https:\/\/www.rotaseguros.com.br\/planosdesaude\/wp-json\/wp\/v2\/types\/post"}],"author":[{"embeddable":true,"href":"https:\/\/www.rotaseguros.com.br\/planosdesaude\/wp-json\/wp\/v2\/users\/2"}],"replies":[{"embeddable":true,"href":"https:\/\/www.rotaseguros.com.br\/planosdesaude\/wp-json\/wp\/v2\/comments?post=809"}],"version-history":[{"count":0,"href":"https:\/\/www.rotaseguros.com.br\/planosdesaude\/wp-json\/wp\/v2\/posts\/809\/revisions"}],"wp:attachment":[{"href":"https:\/\/www.rotaseguros.com.br\/planosdesaude\/wp-json\/wp\/v2\/media?parent=809"}],"wp:term":[{"taxonomy":"category","embeddable":true,"href":"https:\/\/www.rotaseguros.com.br\/planosdesaude\/wp-json\/wp\/v2\/categories?post=809"},{"taxonomy":"post_tag","embeddable":true,"href":"https:\/\/www.rotaseguros.com.br\/planosdesaude\/wp-json\/wp\/v2\/tags?post=809"}],"curies":[{"name":"wp","href":"https:\/\/api.w.org\/{rel}","templated":true}]}}