{"id":819,"date":"2020-07-06T18:00:51","date_gmt":"2020-07-06T20:00:51","guid":{"rendered":"http:\/\/www.rotaseguros.com.br\/planosdesaude\/?p=819"},"modified":"2020-07-29T22:24:42","modified_gmt":"2020-07-30T00:24:42","slug":"plano-odontologico-amil","status":"publish","type":"post","link":"https:\/\/www.rotaseguros.com.br\/planosdesaude\/plano-odontologico-amil\/","title":{"rendered":"Tabela de Pre\u00e7os Amil Dental"},"content":{"rendered":"<span class=\"span-reading-time rt-reading-time\" style=\"display: block;\"><span class=\"rt-label rt-prefix\">Reading Time: <\/span> <span class=\"rt-time\"> &lt; 1<\/span> <span class=\"rt-label rt-postfix\">minute<\/span><\/span><p><img loading=\"lazy\" decoding=\"async\" class=\"aligncenter\" src=\"http:\/\/rotaseguros.com.br\/blog\/Amil_Dental.jpg\" alt=\"Amil Dental BH\" width=\"270\" height=\"76\" \/><\/p><div id=\"ez-toc-container\" class=\"ez-toc-v2_0_82_2 counter-flat ez-toc-counter ez-toc-grey ez-toc-container-direction\">\n<div class=\"ez-toc-title-container\">\n<p class=\"ez-toc-title\" style=\"cursor:inherit\">Aqui voc\u00ea encontra:<\/p>\n<span class=\"ez-toc-title-toggle\"><a href=\"#\" class=\"ez-toc-pull-right ez-toc-btn ez-toc-btn-xs ez-toc-btn-default ez-toc-toggle\" aria-label=\"Alternar tabela de conte\u00fado\"><span class=\"ez-toc-js-icon-con\"><span class=\"\"><span class=\"eztoc-hide\" style=\"display:none;\">Toggle<\/span><span class=\"ez-toc-icon-toggle-span\"><svg style=\"fill: #999;color:#999\" xmlns=\"http:\/\/www.w3.org\/2000\/svg\" class=\"list-377408\" width=\"20px\" height=\"20px\" viewBox=\"0 0 24 24\" fill=\"none\"><path d=\"M6 6H4v2h2V6zm14 0H8v2h12V6zM4 11h2v2H4v-2zm16 0H8v2h12v-2zM4 16h2v2H4v-2zm16 0H8v2h12v-2z\" fill=\"currentColor\"><\/path><\/svg><svg style=\"fill: #999;color:#999\" class=\"arrow-unsorted-368013\" xmlns=\"http:\/\/www.w3.org\/2000\/svg\" width=\"10px\" height=\"10px\" viewBox=\"0 0 24 24\" version=\"1.2\" baseProfile=\"tiny\"><path d=\"M18.2 9.3l-6.2-6.3-6.2 6.3c-.2.2-.3.4-.3.7s.1.5.3.7c.2.2.4.3.7.3h11c.3 0 .5-.1.7-.3.2-.2.3-.5.3-.7s-.1-.5-.3-.7zM5.8 14.7l6.2 6.3 6.2-6.3c.2-.2.3-.5.3-.7s-.1-.5-.3-.7c-.2-.2-.4-.3-.7-.3h-11c-.3 0-.5.1-.7.3-.2.2-.3.5-.3.7s.1.5.3.7z\"\/><\/svg><\/span><\/span><\/span><\/a><\/span><\/div>\n<nav><ul class='ez-toc-list ez-toc-list-level-1 ' ><li class='ez-toc-page-1'><a class=\"ez-toc-link ez-toc-heading-1\" href=\"https:\/\/www.rotaseguros.com.br\/planosdesaude\/plano-odontologico-amil\/#Plano_odontologico_Individual\" >Plano odontol\u00f3gico Individual<\/a><\/li><li class='ez-toc-page-1'><a class=\"ez-toc-link ez-toc-heading-2\" href=\"https:\/\/www.rotaseguros.com.br\/planosdesaude\/plano-odontologico-amil\/#Plano_odontologico_Empresarial\" >Plano odontol\u00f3gico Empresarial<\/a><\/li><\/ul><\/nav><\/div>\n\n<p>A Amil Dental possui op\u00e7\u00f5es de contrata\u00e7\u00e3o Individual e Empresarial.<\/p>\n<h3><span class=\"ez-toc-section\" id=\"Plano_odontologico_Individual\"><\/span><strong>Plano odontol\u00f3gico Individual<\/strong><span class=\"ez-toc-section-end\"><\/span><\/h3>\n<p>\u2022\u00a0Contra\u00e7\u00e3o online;<br \/>\n\u2022 Contrata\u00e7\u00e3o no cart\u00e3o de cr\u00e9dito ou boleto anual \u2013 Sem car\u00eancias;<\/p>\n<p><strong>Tabela de Pre\u00e7os Amil Dental Individual:<\/strong><\/p>\n<ul>\n<li><strong>Cart\u00e3o: R$45,08<\/strong><\/li>\n<li><strong>Boleto: R$49,00<\/strong><\/li>\n<\/ul>\n<p><img loading=\"lazy\" decoding=\"async\" class=\"aligncenter wp-image-8553 size-full\" src=\"https:\/\/www.rotaseguros.com.br\/planosdesaude\/wp-content\/uploads\/2015\/02\/amil-dental-indvidual.jpg\" alt=\"Pre\u00e7os Amil Dental BH\" width=\"473\" height=\"266\" srcset=\"https:\/\/www.rotaseguros.com.br\/planosdesaude\/wp-content\/uploads\/2015\/02\/amil-dental-indvidual.jpg 473w, https:\/\/www.rotaseguros.com.br\/planosdesaude\/wp-content\/uploads\/2015\/02\/amil-dental-indvidual-300x169.jpg 300w\" sizes=\"auto, (max-width: 473px) 100vw, 473px\" \/><\/p>\n<p>\u2022 Contrata\u00e7\u00e3o no boleto (mensal) \u2013 Car\u00eancias reduzidas (veja condi\u00e7\u00f5es com nossos consultores):<\/p>\n<ul>\n<li>24(vinte e quatro) horas: consulta de urg\u00eancia;<\/li>\n<li>180 (cento e oitenta dias) para cirurgia, consultas, dent\u00edstica, diagn\u00f3stico, disfun\u00e7\u00e3o temporo-mandibular, endodontia, odontologia preventiva, ortodontia, periodontia, pr\u00f3tese, radiologia;<\/li>\n<\/ul>\n<p>&nbsp;<\/p>\n<hr \/>\n<p>&nbsp;<\/p>\n<h3><span class=\"ez-toc-section\" id=\"Plano_odontologico_Empresarial\"><\/span><strong>Plano odontol\u00f3gico Empresarial<\/strong><span class=\"ez-toc-section-end\"><\/span><\/h3>\n<p>Os planos s\u00e3o de abrang\u00eancia Nacional.<\/p>\n<p><strong>Tabela de Pre\u00e7os Amil Dental PME:<\/strong><br \/>\n<strong>R$ 27,00 por benefici\u00e1rio<\/strong> (de 2 a 29 benefici\u00e1rios);<br \/>\n<strong>R$ 23,00 por benefici\u00e1rio<\/strong> (de 30 a 99 benefici\u00e1rios);<\/p>\n<p><span style=\"text-decoration: underline;\">M\u00ednimo de 2 pessoas para fazer o plano.<\/span><\/p>\n<hr \/>\n<p><span style=\"color: #000000;\"><strong>Ficou interessado? Entre em contato:<\/strong><\/span><\/p>\n<p><span style=\"color: #000000;\"><strong>Ligue: (31) 3279-8000 ou WhatsApp: (31) 98295-2450<\/strong><\/span><\/p>\n<p>&nbsp;<\/p>\n","protected":false},"excerpt":{"rendered":"<p><span class=\"span-reading-time rt-reading-time\" style=\"display: block;\"><span class=\"rt-label rt-prefix\">Reading Time: <\/span> <span class=\"rt-time\"> &lt; 1<\/span> <span class=\"rt-label rt-postfix\">minute<\/span><\/span>A Amil Dental possui op\u00e7\u00f5es de contrata\u00e7\u00e3o Individual e Empresarial. Plano odontol\u00f3gico Individual \u2022\u00a0Contra\u00e7\u00e3o online; \u2022 Contrata\u00e7\u00e3o no cart\u00e3o de cr\u00e9dito ou boleto anual \u2013 Sem car\u00eancias; Tabela de Pre\u00e7os &#8230;<\/p>\n","protected":false},"author":2,"featured_media":8552,"comment_status":"open","ping_status":"open","sticky":false,"template":"","format":"standard","meta":{"_monsterinsights_skip_tracking":false,"_monsterinsights_sitenote_active":false,"_monsterinsights_sitenote_note":"","_monsterinsights_sitenote_category":0,"footnotes":"","_links_to":"","_links_to_target":""},"categories":[236,23],"tags":[102,105,104,106],"class_list":["post-819","post","type-post","status-publish","format-standard","has-post-thumbnail","hentry","category-amil-dental","category-planos-odontologicos","tag-amil-dental","tag-plano-dental-individual","tag-plano-odontologico","tag-plano-odontologico-familiar"],"_links":{"self":[{"href":"https:\/\/www.rotaseguros.com.br\/planosdesaude\/wp-json\/wp\/v2\/posts\/819","targetHints":{"allow":["GET"]}}],"collection":[{"href":"https:\/\/www.rotaseguros.com.br\/planosdesaude\/wp-json\/wp\/v2\/posts"}],"about":[{"href":"https:\/\/www.rotaseguros.com.br\/planosdesaude\/wp-json\/wp\/v2\/types\/post"}],"author":[{"embeddable":true,"href":"https:\/\/www.rotaseguros.com.br\/planosdesaude\/wp-json\/wp\/v2\/users\/2"}],"replies":[{"embeddable":true,"href":"https:\/\/www.rotaseguros.com.br\/planosdesaude\/wp-json\/wp\/v2\/comments?post=819"}],"version-history":[{"count":0,"href":"https:\/\/www.rotaseguros.com.br\/planosdesaude\/wp-json\/wp\/v2\/posts\/819\/revisions"}],"wp:featuredmedia":[{"embeddable":true,"href":"https:\/\/www.rotaseguros.com.br\/planosdesaude\/wp-json\/wp\/v2\/media\/8552"}],"wp:attachment":[{"href":"https:\/\/www.rotaseguros.com.br\/planosdesaude\/wp-json\/wp\/v2\/media?parent=819"}],"wp:term":[{"taxonomy":"category","embeddable":true,"href":"https:\/\/www.rotaseguros.com.br\/planosdesaude\/wp-json\/wp\/v2\/categories?post=819"},{"taxonomy":"post_tag","embeddable":true,"href":"https:\/\/www.rotaseguros.com.br\/planosdesaude\/wp-json\/wp\/v2\/tags?post=819"}],"curies":[{"name":"wp","href":"https:\/\/api.w.org\/{rel}","templated":true}]}}