{"id":8385,"date":"2020-06-16T15:00:05","date_gmt":"2020-06-16T17:00:05","guid":{"rendered":"https:\/\/www.rotaseguros.com.br\/planosdesaude\/?p=8385"},"modified":"2020-06-16T17:29:57","modified_gmt":"2020-06-16T19:29:57","slug":"quais-sao-as-carencias-do-bradesco-saude","status":"publish","type":"post","link":"https:\/\/www.rotaseguros.com.br\/planosdesaude\/quais-sao-as-carencias-do-bradesco-saude\/","title":{"rendered":"Quais s\u00e3o as car\u00eancias do Bradesco Sa\u00fade?"},"content":{"rendered":"<span class=\"span-reading-time rt-reading-time\" style=\"display: block;\"><span class=\"rt-label rt-prefix\">Reading Time: <\/span> <span class=\"rt-time\"> 4<\/span> <span class=\"rt-label rt-postfix\">minutes<\/span><\/span><h1><span class=\"ez-toc-section\" id=\"Bradesco_Saude_atualizou_as_Regras_de_Aceitacao_e_Reducoes_de_Carencia\"><\/span>Bradesco Sa\u00fade atualizou as Regras de Aceita\u00e7\u00e3o e Redu\u00e7\u00f5es de Car\u00eancia<span class=\"ez-toc-section-end\"><\/span><\/h1>\n<p>Confira as <strong>Novas Regras de Car\u00eancias Bradesco Sa\u00fade<\/strong> que ser\u00e3o aplicadas para as novas cota\u00e7\u00f5es do <strong>Produto SPG (Seguro para Grupos)<\/strong> at\u00e9 29 pessoas. Al\u00e9m disso, conhe\u00e7a as Car\u00eancias do Plano Bradesco Coletivo por Ades\u00e3o.<\/p><div id=\"ez-toc-container\" class=\"ez-toc-v2_0_82_2 counter-flat ez-toc-counter ez-toc-grey ez-toc-container-direction\">\n<div class=\"ez-toc-title-container\">\n<p class=\"ez-toc-title\" style=\"cursor:inherit\">Aqui voc\u00ea encontra:<\/p>\n<span class=\"ez-toc-title-toggle\"><a href=\"#\" class=\"ez-toc-pull-right ez-toc-btn ez-toc-btn-xs ez-toc-btn-default ez-toc-toggle\" aria-label=\"Alternar tabela de conte\u00fado\"><span class=\"ez-toc-js-icon-con\"><span class=\"\"><span class=\"eztoc-hide\" style=\"display:none;\">Toggle<\/span><span class=\"ez-toc-icon-toggle-span\"><svg style=\"fill: #999;color:#999\" xmlns=\"http:\/\/www.w3.org\/2000\/svg\" class=\"list-377408\" width=\"20px\" height=\"20px\" viewBox=\"0 0 24 24\" fill=\"none\"><path d=\"M6 6H4v2h2V6zm14 0H8v2h12V6zM4 11h2v2H4v-2zm16 0H8v2h12v-2zM4 16h2v2H4v-2zm16 0H8v2h12v-2z\" fill=\"currentColor\"><\/path><\/svg><svg style=\"fill: #999;color:#999\" class=\"arrow-unsorted-368013\" xmlns=\"http:\/\/www.w3.org\/2000\/svg\" width=\"10px\" height=\"10px\" viewBox=\"0 0 24 24\" version=\"1.2\" baseProfile=\"tiny\"><path d=\"M18.2 9.3l-6.2-6.3-6.2 6.3c-.2.2-.3.4-.3.7s.1.5.3.7c.2.2.4.3.7.3h11c.3 0 .5-.1.7-.3.2-.2.3-.5.3-.7s-.1-.5-.3-.7zM5.8 14.7l6.2 6.3 6.2-6.3c.2-.2.3-.5.3-.7s-.1-.5-.3-.7c-.2-.2-.4-.3-.7-.3h-11c-.3 0-.5.1-.7.3-.2.2-.3.5-.3.7s.1.5.3.7z\"\/><\/svg><\/span><\/span><\/span><\/a><\/span><\/div>\n<nav><ul class='ez-toc-list ez-toc-list-level-1 ' ><li class='ez-toc-page-1'><a class=\"ez-toc-link ez-toc-heading-1\" href=\"https:\/\/www.rotaseguros.com.br\/planosdesaude\/quais-sao-as-carencias-do-bradesco-saude\/#Bradesco_Saude_atualizou_as_Regras_de_Aceitacao_e_Reducoes_de_Carencia\" >Bradesco Sa\u00fade atualizou as Regras de Aceita\u00e7\u00e3o e Redu\u00e7\u00f5es de Car\u00eancia<\/a><\/li><li class='ez-toc-page-1'><a class=\"ez-toc-link ez-toc-heading-2\" href=\"https:\/\/www.rotaseguros.com.br\/planosdesaude\/quais-sao-as-carencias-do-bradesco-saude\/#Bradesco_Saude_Empresarial\" >Bradesco Sa\u00fade Empresarial<\/a><\/li><li class='ez-toc-page-1'><a class=\"ez-toc-link ez-toc-heading-3\" href=\"https:\/\/www.rotaseguros.com.br\/planosdesaude\/quais-sao-as-carencias-do-bradesco-saude\/#TABELA_DE_CARENCIAS_SPG_%E2%80%93_TOP_HOSPITALAR_AMBULATORIAL_OBSTETRICIA\" >TABELA DE CAR\u00caNCIAS SPG \u2013 TOP (HOSPITALAR + AMBULATORIAL + OBSTETR\u00cdCIA)<\/a><\/li><li class='ez-toc-page-1'><a class=\"ez-toc-link ez-toc-heading-4\" href=\"https:\/\/www.rotaseguros.com.br\/planosdesaude\/quais-sao-as-carencias-do-bradesco-saude\/#Aproveitamento_de_carencias_de_congeneres_para_propostas_a_partir_de_3_pessoas\" >Aproveitamento de car\u00eancias de cong\u00eaneres para propostas a partir de 3 pessoas<\/a><\/li><li class='ez-toc-page-1'><a class=\"ez-toc-link ez-toc-heading-5\" href=\"https:\/\/www.rotaseguros.com.br\/planosdesaude\/quais-sao-as-carencias-do-bradesco-saude\/#Bradesco_Saude_Coletivo_por_Adesao\" >Bradesco Sa\u00fade Coletivo por Ades\u00e3o<\/a><\/li><li class='ez-toc-page-1'><a class=\"ez-toc-link ez-toc-heading-6\" href=\"https:\/\/www.rotaseguros.com.br\/planosdesaude\/quais-sao-as-carencias-do-bradesco-saude\/#TABELA_DE_CARENCIAS_BRADESCO_SAUDE_COLETIVO_POR_ADESAO_TOP_HOSPITALAR_AMBULATORIAL_OBSTETRICIA\" >TABELA DE CAR\u00caNCIAS BRADESCO SA\u00daDE COLETIVO POR ADES\u00c3O TOP (HOSPITALAR + AMBULATORIAL + OBSTETR\u00cdCIA)<\/a><\/li><li class='ez-toc-page-1'><a class=\"ez-toc-link ez-toc-heading-7\" href=\"https:\/\/www.rotaseguros.com.br\/planosdesaude\/quais-sao-as-carencias-do-bradesco-saude\/#Reducao_de_Carencias\" >Redu\u00e7\u00e3o de Car\u00eancias<\/a><\/li><\/ul><\/nav><\/div>\n\n<ol>\n<li><a href=\"https:\/\/www.rotaseguros.com.br\/planosdesaude\/quais-sao-as-carencias-do-bradesco-saude\/#pme\"><strong>Bradesco Sa\u00fade Empresarial<\/strong><\/a><\/li>\n<li><a href=\"https:\/\/www.rotaseguros.com.br\/planosdesaude\/quais-sao-as-carencias-do-bradesco-saude\/#adesao\"><strong>Bradesco Sa\u00fade Ades\u00e3o<\/strong><\/a><\/li>\n<li><a href=\"https:\/\/www.rotaseguros.com.br\/planosdesaude\/quais-sao-as-carencias-do-bradesco-saude\/#cotacao\"><strong>Solicite sua cota\u00e7\u00e3o<\/strong><\/a><\/li>\n<\/ol>\n<hr \/>\n<p><em>Fa\u00e7a seu coment\u00e1rio no final da p\u00e1gina com suas perguntas, sugest\u00f5es, elogios ou feedback para melhorar o nosso conte\u00fado. Assim voc\u00ea colabora com outras pessoas que acessarem nosso blog.<\/em><\/p>\n<hr \/>\n<p><a name=\"pme\"><\/a><\/p>\n<h2><\/h2>\n<h2 style=\"text-align: center;\"><span class=\"ez-toc-section\" id=\"Bradesco_Saude_Empresarial\"><\/span><span style=\"color: #000000;\">Bradesco Sa\u00fade Empresarial<\/span><span class=\"ez-toc-section-end\"><\/span><\/h2>\n<p>&nbsp;<\/p>\n<p>&nbsp;<\/p>\n<h3 style=\"text-align: center;\"><span class=\"ez-toc-section\" id=\"TABELA_DE_CARENCIAS_SPG_%E2%80%93_TOP_HOSPITALAR_AMBULATORIAL_OBSTETRICIA\"><\/span><strong>TABELA DE CAR\u00caNCIAS SPG \u2013 TOP (HOSPITALAR + AMBULATORIAL + OBSTETR\u00cdCIA)<\/strong><span class=\"ez-toc-section-end\"><\/span><\/h3>\n<p>&nbsp;<\/p>\n<p style=\"text-align: center;\"><strong>MODALIDADE DE INCLUS\u00c3O OPCIONAL<\/strong><\/p>\n<p style=\"text-align: center;\"><em><strong>Opcional:<\/strong> N\u00e3o h\u00e1 obrigatoriedade de inclus\u00e3o da totalidade de titulares ou de s\u00f3cios registrados no FGTS ou no contrato social, bem como de seus dependentes. <\/em><\/p>\n<table style=\"height: 199px; width: 100%; border-collapse: collapse;\" border=\"1\">\n<tbody>\n<tr style=\"height: 84px;\">\n<td style=\"width: 14.2857%; height: 84px; text-align: center;\"><strong>Quantidade de pessoas<\/strong><\/td>\n<td style=\"width: 14.2857%; height: 84px; text-align: center;\"><strong>Urg\u00eancia e<\/strong><br \/>\n<strong>Emerg\u00eancia<\/strong><\/td>\n<td style=\"width: 14.2857%; height: 84px; text-align: center;\"><strong>Consultas e<\/strong><br \/>\n<strong>exames<\/strong><br \/>\n<strong>simples<\/strong><\/td>\n<td style=\"width: 14.2857%; height: 84px; text-align: center;\"><strong>Fisioterapia<\/strong><\/td>\n<td style=\"width: 14.2857%; height: 84px; text-align: center;\"><strong>Parto a<\/strong><br \/>\n<strong>termo<\/strong><\/td>\n<td style=\"width: 14.2857%; height: 84px; text-align: center;\"><strong>Outros<\/strong><br \/>\n<strong>procedimentos<\/strong><br \/>\n<strong>1<\/strong><\/td>\n<td style=\"width: 14.2857%; height: 84px; text-align: center;\"><strong>Outros<\/strong><br \/>\n<strong>procedimentos<\/strong><br \/>\n<strong>2<\/strong><\/td>\n<\/tr>\n<tr style=\"height: 23px;\">\n<td style=\"width: 14.2857%; height: 23px; text-align: center;\">03 a 09<\/td>\n<td style=\"width: 14.2857%; height: 23px; text-align: center;\">24h<\/td>\n<td style=\"width: 14.2857%; height: 23px; text-align: center;\">15 dias<\/td>\n<td style=\"width: 14.2857%; height: 23px; text-align: center;\">180 dias<\/td>\n<td style=\"width: 14.2857%; height: 23px; text-align: center;\">300 dias<\/td>\n<td style=\"width: 14.2857%; height: 23px; text-align: center;\">180 dias<\/td>\n<td style=\"width: 14.2857%; height: 23px; text-align: center;\">180 dias<\/td>\n<\/tr>\n<tr style=\"height: 23px;\">\n<td style=\"width: 14.2857%; height: 23px; text-align: center;\">10 a 20<\/td>\n<td style=\"width: 14.2857%; height: 23px; text-align: center;\">24h<\/td>\n<td style=\"width: 14.2857%; height: 23px; text-align: center;\">15 dias<\/td>\n<td style=\"width: 14.2857%; height: 23px; text-align: center;\">Isento<\/td>\n<td style=\"width: 14.2857%; height: 23px; text-align: center;\">300 dias<\/td>\n<td style=\"width: 14.2857%; height: 23px; text-align: center;\">Isento<\/td>\n<td style=\"width: 14.2857%; height: 23px; text-align: center;\">180 dias<\/td>\n<\/tr>\n<tr style=\"height: 23px;\">\n<td style=\"width: 14.2857%; height: 23px; text-align: center;\">21 a 29<\/td>\n<td style=\"width: 14.2857%; height: 23px; text-align: center;\">Isento<\/td>\n<td style=\"width: 14.2857%; height: 23px; text-align: center;\">Isento<\/td>\n<td style=\"width: 14.2857%; height: 23px; text-align: center;\">Isento<\/td>\n<td style=\"width: 14.2857%; height: 23px; text-align: center;\">300 dias<\/td>\n<td style=\"width: 14.2857%; height: 23px; text-align: center;\">Isento<\/td>\n<td style=\"width: 14.2857%; height: 23px; text-align: center;\">Isento<\/td>\n<\/tr>\n<tr style=\"height: 23px;\">\n<td style=\"width: 14.2857%; height: 23px; text-align: center;\">30 em diante<\/td>\n<td style=\"width: 14.2857%; height: 23px; text-align: center;\">Isento<\/td>\n<td style=\"width: 14.2857%; height: 23px; text-align: center;\">Isento<\/td>\n<td style=\"width: 14.2857%; height: 23px; text-align: center;\">Isento<\/td>\n<td style=\"width: 14.2857%; height: 23px; text-align: center;\">Isento<\/td>\n<td style=\"width: 14.2857%; height: 23px; text-align: center;\">Isento<\/td>\n<td style=\"width: 14.2857%; height: 23px; text-align: center;\">Isento<\/td>\n<\/tr>\n<\/tbody>\n<\/table>\n<p>&nbsp;<\/p>\n<p>&nbsp;<\/p>\n<p style=\"text-align: center;\"><strong>MODALIDADE DE INCLUS\u00c3O COMPULS\u00d3RIA<\/strong><\/p>\n<p><em><strong>Compuls\u00f3ria:<\/strong> Inclus\u00e3o obrigat\u00f3ria da totalidade de segurados titulares registrados no FGTS e no contrato social, bem como a totalidade de seus dependentes.<\/em><\/p>\n<table class=\"aligncenter\" style=\"height: 168px; width: 100.255%; border-collapse: collapse;\" border=\"1\">\n<tbody>\n<tr style=\"height: 84px;\">\n<td style=\"width: 14.2857%; height: 84px;\"><strong>Quantidade de pessoas<\/strong><\/td>\n<td style=\"width: 14.2857%; height: 84px;\"><strong>Urg\u00eancia e<\/strong><br \/>\n<strong>Emerg\u00eancia<\/strong><\/td>\n<td style=\"width: 14.2857%; height: 84px;\"><strong>Consultas e<\/strong><br \/>\n<strong>exames<\/strong><br \/>\n<strong>simples<\/strong><\/td>\n<td style=\"width: 14.2857%; height: 84px;\"><strong>Fisioterapia<\/strong><\/td>\n<td style=\"width: 14.2857%; height: 84px;\"><strong>Parto a<\/strong><br \/>\n<strong>termo<\/strong><\/td>\n<td style=\"width: 14.2857%; height: 84px;\"><strong>Outros<\/strong><br \/>\n<strong>procedimentos<\/strong><br \/>\n<strong>1<\/strong><\/td>\n<td style=\"width: 14.2857%; height: 84px;\"><strong>Outros<\/strong><br \/>\n<strong>procedimentos<\/strong><br \/>\n<strong>2<\/strong><\/td>\n<\/tr>\n<tr style=\"height: 23px;\">\n<td style=\"width: 14.2857%; height: 23px;\">03 a 09<\/td>\n<td style=\"width: 14.2857%; height: 23px;\">24h<\/td>\n<td style=\"width: 14.2857%; height: 23px;\">15 dias<\/td>\n<td style=\"width: 14.2857%; height: 23px;\">180 dias<\/td>\n<td style=\"width: 14.2857%; height: 23px;\">300 dias<\/td>\n<td style=\"width: 14.2857%; height: 23px;\">180 dias<\/td>\n<td style=\"width: 14.2857%; height: 23px;\">180 dias<\/td>\n<\/tr>\n<tr style=\"height: 23px;\">\n<td style=\"width: 14.2857%; height: 23px;\">10 a 20<\/td>\n<td style=\"width: 14.2857%; height: 23px;\">24h<\/td>\n<td style=\"width: 14.2857%; height: 23px;\">15 dias<\/td>\n<td style=\"width: 14.2857%; height: 23px;\">Isento<\/td>\n<td style=\"width: 14.2857%; height: 23px;\">300 dias<\/td>\n<td style=\"width: 14.2857%; height: 23px;\">Isento<\/td>\n<td style=\"width: 14.2857%; height: 23px;\">180 dias<\/td>\n<\/tr>\n<tr style=\"height: 23px;\">\n<td style=\"width: 14.2857%; height: 23px;\">21 em diante<\/td>\n<td style=\"width: 14.2857%; height: 23px;\">Isento<\/td>\n<td style=\"width: 14.2857%; height: 23px;\">Isento<\/td>\n<td style=\"width: 14.2857%; height: 23px;\">Isento<\/td>\n<td style=\"width: 14.2857%; height: 23px;\">Isento<\/td>\n<td style=\"width: 14.2857%; height: 23px;\">Isento<\/td>\n<td style=\"width: 14.2857%; height: 23px;\">Isento<\/td>\n<\/tr>\n<\/tbody>\n<\/table>\n<p>&nbsp;<\/p>\n<p><span style=\"font-size: 14px;\"><em><strong>Outros procedimentos 1<\/strong><\/em> \u2013 <em>Cirurgias em geral e interna\u00e7\u00f5es cl\u00ednicas, bem como exames complementares <\/em><em>e terapias que necessitam de verifica\u00e7\u00e3o pr\u00e9via de cobertura, exceto os procedimentos mencionados no <\/em><em>item 2.<\/em><\/span><\/p>\n<p><span style=\"font-size: 14px;\"><strong><em>Outros procedimentos 2<\/em><\/strong> \u2013 <em>Hemodi\u00e1lise e di\u00e1lise peritoneal, radioterapia e quimioterapia, transplantes e <\/em><em>implantes de qualquer natureza, cirurgias neopl\u00e1sicas malignas, cirurgias card\u00edacas, vasculares e neurol\u00f3gicas <\/em><em>(inclusive h\u00e9rnia de disco intervertebral).<\/em><\/span><\/p>\n<p>&nbsp;<\/p>\n<h3><span class=\"ez-toc-section\" id=\"Aproveitamento_de_carencias_de_congeneres_para_propostas_a_partir_de_3_pessoas\"><\/span>Aproveitamento de car\u00eancias de cong\u00eaneres para propostas a partir de 3 pessoas<span class=\"ez-toc-section-end\"><\/span><\/h3>\n<p>Os segurados oriundos das empresas cong\u00eaneres poder\u00e3o ter direito ao aproveitamento de car\u00eancias desde que:<\/p>\n<ul>\n<li>Estejam em plano regulamentado pela Lei 9.656\/98;<\/li>\n<li>Tenha mais de 6 meses de plano ativo;<\/li>\n<li>Haja compatibilidade de padr\u00e3o entre o plano de origem e o plano de destino;<\/li>\n<li>Apresentem c\u00f3pia da \u00faltima fatura do plano de origem quitada, caracterizando a inexist\u00eancia de descontinuidade na cobertura; e<\/li>\n<li>Apresentem c\u00f3pia da carteira do plano de origem, dentro da validade e com data de in\u00edcio.<\/li>\n<\/ul>\n<p>Caso na carteira e na fatura n\u00e3o haja data de in\u00edcio, al\u00e9m da documenta\u00e7\u00e3o acima, deve ser enviada tamb\u00e9m, carta de tempo de perman\u00eancia da cong\u00eanere.<\/p>\n<p><strong>Operadoras Cong\u00eaneres Bradesco PME\/ Empresarial:<\/strong> Amil (incluindo as linhas Lincx e One Health), Allianz, Caixa Seguros, Care Plus, Golden Cross, Mediservice, Notredame Interm\u00e9dica &#8211; GNDI, Omint, Porto Seguro, Sompo (Mar\u00edtima), SulAm\u00e9rica e Unimed.<\/p>\n<p><span style=\"font-size: 14px;\"><em>OBS.:\u00a0aproveitamento de car\u00eancias de cong\u00eaneres\u00a0para propostas a partir de 3 pessoas (exceto MEI).<\/em><\/span><\/p>\n<p><a name=\"adesao\"><\/a><\/p>\n<h2 style=\"text-align: center;\"><span class=\"ez-toc-section\" id=\"Bradesco_Saude_Coletivo_por_Adesao\"><\/span>Bradesco Sa\u00fade Coletivo por Ades\u00e3o<span class=\"ez-toc-section-end\"><\/span><\/h2>\n<p>Confira a tabela de car\u00eancias Bradesco Sa\u00fade Ades\u00e3o com cobertura completa (ambulatorial + hospital com obstetr\u00edcia).<\/p>\n<h3><\/h3>\n<h3 style=\"text-align: center;\"><span class=\"ez-toc-section\" id=\"TABELA_DE_CARENCIAS_BRADESCO_SAUDE_COLETIVO_POR_ADESAO_TOP_HOSPITALAR_AMBULATORIAL_OBSTETRICIA\"><\/span><strong>TABELA DE CAR\u00caNCIAS BRADESCO SA\u00daDE COLETIVO POR ADES\u00c3O TOP (HOSPITALAR + AMBULATORIAL + OBSTETR\u00cdCIA)<\/strong><span class=\"ez-toc-section-end\"><\/span><\/h3>\n<p>&nbsp;<\/p>\n<table style=\"height: 276px; width: 100%; border-collapse: collapse;\" border=\"1\">\n<tbody>\n<tr style=\"height: 46px;\">\n<td style=\"width: 11.9745%; height: 46px; text-align: center;\"><strong>Grupos de Car\u00eancias<\/strong><\/td>\n<td style=\"width: 28.0255%; height: 46px; text-align: center;\"><strong>Coberturas, servi\u00e7os m\u00e9dicos e hospitalares<\/strong><\/td>\n<td style=\"width: 20.2548%; height: 46px; text-align: center;\"><strong>Car\u00eancia Contratual<\/strong><\/td>\n<td style=\"width: 19.7452%; height: 46px; text-align: center;\"><strong>Tabela 1<\/strong><\/td>\n<td style=\"width: 20%; height: 46px; text-align: center;\"><strong>Tabela 2<\/strong><\/td>\n<\/tr>\n<tr style=\"height: 46px;\">\n<td style=\"width: 11.9745%; height: 46px; text-align: center;\">A<\/td>\n<td style=\"width: 28.0255%; height: 46px; text-align: center;\">Casos de urg\u00eancia e emerg\u00eancia<\/td>\n<td style=\"width: 20.2548%; height: 46px; text-align: center;\">24h<\/td>\n<td style=\"width: 19.7452%; height: 46px; text-align: center;\">24h<\/td>\n<td style=\"width: 20%; height: 46px; text-align: center;\">0 (zero)<\/td>\n<\/tr>\n<tr style=\"height: 92px;\">\n<td style=\"width: 11.9745%; height: 92px; text-align: center;\">B<\/td>\n<td style=\"width: 28.0255%; height: 92px; text-align: center;\">Consultas m\u00e9dicas e exames simples, que n\u00e3o necessitem de autoriza\u00e7\u00e3o pr\u00e9via<\/td>\n<td style=\"width: 20.2548%; height: 92px; text-align: center;\">15 dias<\/td>\n<td style=\"width: 19.7452%; height: 92px; text-align: center;\">24h<\/td>\n<td style=\"width: 20%; height: 92px; text-align: center;\">24h<\/td>\n<\/tr>\n<tr style=\"height: 23px;\">\n<td style=\"width: 11.9745%; height: 23px; text-align: center;\">C<\/td>\n<td style=\"width: 28.0255%; height: 23px; text-align: center;\">Fisioterapia, exceto em caso de acidente pessoal<\/td>\n<td style=\"width: 20.2548%; height: 23px; text-align: center;\">15 dias<\/td>\n<td style=\"width: 19.7452%; height: 23px; text-align: center;\">15 dias<\/td>\n<td style=\"width: 20%; height: 23px; text-align: center;\">24h<\/td>\n<\/tr>\n<tr style=\"height: 23px;\">\n<td style=\"width: 11.9745%; height: 23px; text-align: center;\">D<\/td>\n<td style=\"width: 28.0255%; height: 23px; text-align: center;\">Parto a termo<\/td>\n<td style=\"width: 20.2548%; height: 23px; text-align: center;\">300 dias<\/td>\n<td style=\"width: 19.7452%; height: 23px; text-align: center;\">300 dias<\/td>\n<td style=\"width: 20%; height: 23px; text-align: center;\">300 dias<\/td>\n<\/tr>\n<tr style=\"height: 23px;\">\n<td style=\"width: 11.9745%; height: 23px; text-align: center;\">E<\/td>\n<td style=\"width: 28.0255%; height: 23px; text-align: center;\">Interna\u00e7\u00f5es cl\u00ednicas ou cir\u00fargicas<\/td>\n<td style=\"width: 20.2548%; height: 23px; text-align: center;\">180 dias<\/td>\n<td style=\"width: 19.7452%; height: 23px; text-align: center;\">60 dias<\/td>\n<td style=\"width: 20%; height: 23px; text-align: center;\">0 (zero)<\/td>\n<\/tr>\n<tr style=\"height: 23px;\">\n<td style=\"width: 11.9745%; height: 23px; text-align: center;\">F<\/td>\n<td style=\"width: 28.0255%; height: 23px; text-align: center;\">Demais casos<\/td>\n<td style=\"width: 20.2548%; height: 23px; text-align: center;\">180 dias<\/td>\n<td style=\"width: 19.7452%; height: 23px; text-align: center;\">60 dias<\/td>\n<td style=\"width: 20%; height: 23px; text-align: center;\">0 (zero)<\/td>\n<\/tr>\n<\/tbody>\n<\/table>\n<p>&nbsp;<\/p>\n<p><strong>Aproveitamento de car\u00eancia Bradesco Sa\u00fade Coletivo por Ades\u00e3o<\/strong><\/p>\n<ul>\n<li>Tabela 1: menos de 12 meses e mais de seis de plano cong\u00eanere;<\/li>\n<li>Tabela 2: mais de 12 meses de plano anterior cong\u00eanere.<\/li>\n<\/ul>\n<p>&nbsp;<\/p>\n<p><strong>Rela\u00e7\u00e3o de Operadoras Cong\u00eaneres Bradesco Ades\u00e3o: <\/strong>Allianz, Golden Cross, Omint, Tempo, Amil, Unimed\u2019s, Care Plus, Medial, Porto Seguro, Cassi, Mediservice, Sompo, Gama, NotreDame, SulAm\u00e9rica.<\/p>\n<p><span style=\"font-size: 14px;\"><em>OBS.:\u00a0aproveitamento de car\u00eancias de cong\u00eaneres\u00a0para propostas a partir de 3 pessoas (exceto MEI).<\/em><\/span><\/p>\n<h3><span class=\"ez-toc-section\" id=\"Reducao_de_Carencias\"><\/span>Redu\u00e7\u00e3o de Car\u00eancias<span class=\"ez-toc-section-end\"><\/span><\/h3>\n<p><strong>Condi\u00e7\u00f5es para Redu\u00e7\u00e3o de Car\u00eancias<\/strong><\/p>\n<p>Para que o cliente seja<strong> eleg\u00edvel \u00e0 redu\u00e7\u00e3o de car\u00eancias<\/strong>, devem ser respeitadas as condi\u00e7\u00f5es a seguir:<\/p>\n<ul>\n<li>O cliente deve possuir um seguro-sa\u00fade Bradesco Sa\u00fade ou algum plano de sa\u00fade da \u201cRela\u00e7\u00e3o de operadoras cong\u00eaneres\u201d, por um per\u00edodo igual ou maior que 6 (seis) meses, e menor que 12 (doze) meses ininterruptos, para ter a redu\u00e7\u00e3o de car\u00eancias indicada na \u201cTabela 1\u201d; ou por um per\u00edodo igual ou maior que 12 (doze) meses ininterruptos para ter a redu\u00e7\u00e3o de car\u00eancias indicada na \u201cTabela 2\u201d;<\/li>\n<\/ul>\n<ul>\n<li>O plano anteriormente contratado pelo cliente deve estar ativo ou ter sido cancelado h\u00e1, no m\u00e1ximo, 30 (trinta) dias do in\u00edcio de vig\u00eancia do benef\u00edcio.<\/li>\n<\/ul>\n<p><strong>N\u00c3O ser\u00e3o reduzidas car\u00eancias<\/strong> para proponentes que se enquadrem em qualquer uma das seguintes condi\u00e7\u00f5es:<\/p>\n<ul>\n<li>Clientes oriundos de planos que ofere\u00e7am segmenta\u00e7\u00f5es diferentes das: Ambulatorial + Hospitalar + Obstetr\u00edcia (A+H+O) e Ambulatorial + Hospitalar + Obstetr\u00edcia + Odontologia (A+H+O + Odontologia).<\/li>\n<li>Clientes cuja data do pagamento do \u00faltimo valor mensal do plano anterior seja superior a 30 (trinta) dias da data de in\u00edcio de vig\u00eancia do benef\u00edcio.<\/li>\n<li>Clientes oriundos de planos n\u00e3o regulamentados.<\/li>\n<\/ul>\n<p>&nbsp;<\/p>\n<p><strong>Car\u00eancia de CPT (Cobertura Parcial Tempor\u00e1ria) para Bradesco Ades\u00e3o e Empresarial:<\/strong> permanecer\u00e1 24 meses, salvo em contrata\u00e7\u00f5es de empresas com quantidade superior a 30 benefici\u00e1rios.<\/p>\n<hr \/>\n<p><a name=\"cotacao\"><\/a><br \/>\nEstamos sempre prontos e dispon\u00edveis para prestar uma consultoria personalizada sobre o que voc\u00ea realmente necessita e qual plano ir\u00e1 lhe atender melhor.<\/p>\n<ul>\n<li><a href=\"https:\/\/www.rotaseguros.com.br\/\" target=\"_blank\" rel=\"noopener noreferrer\">Grande BH<\/a> \u2013\u00a0<a href=\"tel:3132798000\"><strong>(31) 3279-8000<\/strong><\/a><\/li>\n<li><a href=\"https:\/\/www.rotaseguros.com.br\/montes-claros\/\" target=\"_blank\" rel=\"noopener noreferrer\">Montes Claros<\/a> \u2013 <a href=\"tel:3832168249\"><strong>(38) 3216-8249<\/strong><\/a><\/li>\n<li><a href=\"https:\/\/www.rotaseguros.com.br\/uberlandia\/\" target=\"_blank\" rel=\"noopener noreferrer\">Patos de Minas, Uberaba e Uberl\u00e2ndia<\/a> \u2013\u00a0<a href=\"tel:08009400809\"><strong>0800 940 0809<\/strong><\/a><\/li>\n<li><a href=\"https:\/\/www.rotaseguros.com.br\/sul-de-minas\/\" target=\"_blank\" rel=\"noopener noreferrer\">Pouso Alegre, Itajub\u00e1 (Sul de Minas)<\/a> \u2013\u00a0<b>\u00a0<a href=\"tel:3530128201\">(35) 3012-8201<\/a><\/b><\/li>\n<li><a href=\"https:\/\/www.rotaseguros.com.br\/vitoria\/\" target=\"_blank\" rel=\"noopener noreferrer\">Vit\u00f3ria\/ES<\/a> \u2013\u00a0<strong><span class=\"telefone\"><a href=\"tel:2722333020\">(27) 2233-302<\/a><\/span><\/strong><\/li>\n<li><a href=\"https:\/\/www.rotaseguros.com.br\/minas-gerais\/\" target=\"_blank\" rel=\"noopener noreferrer\">Demais Regi\u00f5es <\/a>\u2013<a href=\"tel:08000242424\"><strong>\u00a00800 024 2424<\/strong><\/a><\/li>\n<\/ul>\n<hr \/>\n<p>Colabore com o blog! Deixe seu coment\u00e1rio com d\u00favida, reclama\u00e7\u00e3o e\/ou elogio.<\/p>\n","protected":false},"excerpt":{"rendered":"<p><span class=\"span-reading-time rt-reading-time\" style=\"display: block;\"><span class=\"rt-label rt-prefix\">Reading Time: <\/span> <span class=\"rt-time\"> 4<\/span> <span class=\"rt-label rt-postfix\">minutes<\/span><\/span>Bradesco Sa\u00fade atualizou as Regras de Aceita\u00e7\u00e3o e Redu\u00e7\u00f5es de Car\u00eancia Confira as Novas Regras de Car\u00eancias Bradesco Sa\u00fade que ser\u00e3o aplicadas para as novas cota\u00e7\u00f5es do Produto SPG (Seguro &#8230;<\/p>\n","protected":false},"author":2,"featured_media":8395,"comment_status":"open","ping_status":"open","sticky":false,"template":"","format":"standard","meta":{"_monsterinsights_skip_tracking":false,"_monsterinsights_sitenote_active":false,"_monsterinsights_sitenote_note":"","_monsterinsights_sitenote_category":0,"footnotes":"","_links_to":"","_links_to_target":""},"categories":[5,27],"tags":[137,748,746,119,747],"class_list":["post-8385","post","type-post","status-publish","format-standard","has-post-thumbnail","hentry","category-bradesco-saude","category-plano-de-saude","tag-bradesco-saude","tag-carencia-bradesco","tag-carencia-plano-bradesco","tag-plano-de-saude-bradesco","tag-plano-de-saude-bradesco-carencia"],"_links":{"self":[{"href":"https:\/\/www.rotaseguros.com.br\/planosdesaude\/wp-json\/wp\/v2\/posts\/8385","targetHints":{"allow":["GET"]}}],"collection":[{"href":"https:\/\/www.rotaseguros.com.br\/planosdesaude\/wp-json\/wp\/v2\/posts"}],"about":[{"href":"https:\/\/www.rotaseguros.com.br\/planosdesaude\/wp-json\/wp\/v2\/types\/post"}],"author":[{"embeddable":true,"href":"https:\/\/www.rotaseguros.com.br\/planosdesaude\/wp-json\/wp\/v2\/users\/2"}],"replies":[{"embeddable":true,"href":"https:\/\/www.rotaseguros.com.br\/planosdesaude\/wp-json\/wp\/v2\/comments?post=8385"}],"version-history":[{"count":0,"href":"https:\/\/www.rotaseguros.com.br\/planosdesaude\/wp-json\/wp\/v2\/posts\/8385\/revisions"}],"wp:featuredmedia":[{"embeddable":true,"href":"https:\/\/www.rotaseguros.com.br\/planosdesaude\/wp-json\/wp\/v2\/media\/8395"}],"wp:attachment":[{"href":"https:\/\/www.rotaseguros.com.br\/planosdesaude\/wp-json\/wp\/v2\/media?parent=8385"}],"wp:term":[{"taxonomy":"category","embeddable":true,"href":"https:\/\/www.rotaseguros.com.br\/planosdesaude\/wp-json\/wp\/v2\/categories?post=8385"},{"taxonomy":"post_tag","embeddable":true,"href":"https:\/\/www.rotaseguros.com.br\/planosdesaude\/wp-json\/wp\/v2\/tags?post=8385"}],"curies":[{"name":"wp","href":"https:\/\/api.w.org\/{rel}","templated":true}]}}