{"id":9559,"date":"2020-08-06T08:00:10","date_gmt":"2020-08-06T10:00:10","guid":{"rendered":"https:\/\/www.rotaseguros.com.br\/planosdesaude\/?p=9559"},"modified":"2023-07-06T17:50:52","modified_gmt":"2023-07-06T19:50:52","slug":"devo-pagar-a-angariacao-na-contratacao-no-plano-de-saude","status":"publish","type":"post","link":"https:\/\/www.rotaseguros.com.br\/planosdesaude\/devo-pagar-a-angariacao-na-contratacao-no-plano-de-saude\/","title":{"rendered":"Devo pagar a angaria\u00e7\u00e3o na contrata\u00e7\u00e3o no plano de sa\u00fade?"},"content":{"rendered":"<span class=\"span-reading-time rt-reading-time\" style=\"display: block;\"><span class=\"rt-label rt-prefix\">Reading Time: <\/span> <span class=\"rt-time\"> 2<\/span> <span class=\"rt-label rt-postfix\">minutes<\/span><\/span><p>A taxa de ades\u00e3o, corretagem, angaria\u00e7\u00e3o s\u00e3o nomes dados ao primeiro pagamento realizado ao corretor na contrata\u00e7\u00e3o do plano coletivo por ades\u00e3o. H\u00e1 tr\u00eas modalidades de contrata\u00e7\u00e3o de planos de sa\u00fade: individual (cada vez mais rara), coletivo empresarial e coletivo por ades\u00e3o.<\/p><div id=\"ez-toc-container\" class=\"ez-toc-v2_0_82_2 counter-flat ez-toc-counter ez-toc-grey ez-toc-container-direction\">\n<div class=\"ez-toc-title-container\">\n<p class=\"ez-toc-title\" style=\"cursor:inherit\">Aqui voc\u00ea encontra:<\/p>\n<span class=\"ez-toc-title-toggle\"><a href=\"#\" class=\"ez-toc-pull-right ez-toc-btn ez-toc-btn-xs ez-toc-btn-default ez-toc-toggle\" aria-label=\"Alternar tabela de conte\u00fado\"><span class=\"ez-toc-js-icon-con\"><span class=\"\"><span class=\"eztoc-hide\" style=\"display:none;\">Toggle<\/span><span class=\"ez-toc-icon-toggle-span\"><svg style=\"fill: #999;color:#999\" xmlns=\"http:\/\/www.w3.org\/2000\/svg\" class=\"list-377408\" width=\"20px\" height=\"20px\" viewBox=\"0 0 24 24\" fill=\"none\"><path d=\"M6 6H4v2h2V6zm14 0H8v2h12V6zM4 11h2v2H4v-2zm16 0H8v2h12v-2zM4 16h2v2H4v-2zm16 0H8v2h12v-2z\" fill=\"currentColor\"><\/path><\/svg><svg style=\"fill: #999;color:#999\" class=\"arrow-unsorted-368013\" xmlns=\"http:\/\/www.w3.org\/2000\/svg\" width=\"10px\" height=\"10px\" viewBox=\"0 0 24 24\" version=\"1.2\" baseProfile=\"tiny\"><path d=\"M18.2 9.3l-6.2-6.3-6.2 6.3c-.2.2-.3.4-.3.7s.1.5.3.7c.2.2.4.3.7.3h11c.3 0 .5-.1.7-.3.2-.2.3-.5.3-.7s-.1-.5-.3-.7zM5.8 14.7l6.2 6.3 6.2-6.3c.2-.2.3-.5.3-.7s-.1-.5-.3-.7c-.2-.2-.4-.3-.7-.3h-11c-.3 0-.5.1-.7.3-.2.2-.3.5-.3.7s.1.5.3.7z\"\/><\/svg><\/span><\/span><\/span><\/a><\/span><\/div>\n<nav><ul class='ez-toc-list ez-toc-list-level-1 ' ><li class='ez-toc-page-1'><a class=\"ez-toc-link ez-toc-heading-1\" href=\"https:\/\/www.rotaseguros.com.br\/planosdesaude\/devo-pagar-a-angariacao-na-contratacao-no-plano-de-saude\/#i\" >\u00a0<\/a><\/li><li class='ez-toc-page-1'><a class=\"ez-toc-link ez-toc-heading-2\" href=\"https:\/\/www.rotaseguros.com.br\/planosdesaude\/devo-pagar-a-angariacao-na-contratacao-no-plano-de-saude\/#O_que_sao_planos_coletivos_por_adesao\" >O que s\u00e3o planos coletivos por ades\u00e3o? \u00a0<\/a><\/li><li class='ez-toc-page-1'><a class=\"ez-toc-link ez-toc-heading-3\" href=\"https:\/\/www.rotaseguros.com.br\/planosdesaude\/devo-pagar-a-angariacao-na-contratacao-no-plano-de-saude\/#De_preferencia_para_empresas_consolidas_no_mercado_de_Plano_de_Saude\" >D\u00ea prefer\u00eancia para empresas consolidas no mercado de Plano de Sa\u00fade<\/a><\/li><\/ul><\/nav><\/div>\n\n<hr \/>\n<p><em>Fa\u00e7a seu coment\u00e1rio no final da p\u00e1gina com suas perguntas, sugest\u00f5es, elogios ou feedback para melhorar o nosso conte\u00fado. Assim voc\u00ea colabora com outras pessoas que acessarem nosso blog.<\/em><\/p>\n<hr \/>\n<h4><span class=\"ez-toc-section\" id=\"i\"><\/span>\u00a0<span class=\"ez-toc-section-end\"><\/span><\/h4>\n<h4 style=\"text-align: left;\"><span class=\"ez-toc-section\" id=\"O_que_sao_planos_coletivos_por_adesao\"><\/span><strong>O que s\u00e3o planos coletivos por ades\u00e3o? <\/strong><strong>\u00a0<\/strong><span class=\"ez-toc-section-end\"><\/span><\/h4>\n<p>Os planos coletivos por ades\u00e3o s\u00e3o destinados \u00e0s pessoas que possuem uma caracter\u00edstica em comum com um grande n\u00famero de pessoas, seja por atividade profissional (estudantes, engenheiros, m\u00e9dicos, professores, etc.) ou \u00e1rea de atua\u00e7\u00e3o (com\u00e9rcio, ind\u00fastria ou servi\u00e7o). Nessa modalidade \u00e9 prevista uma cobran\u00e7a no ato da assinatura, denominada taxa de angaria\u00e7\u00e3o. Salientamos que esse valor \u00e9 legal e autorizado pela Ag\u00eancia Nacional de Sa\u00fade (ANS), visto que existe um terceiro (pessoa ou empresa) respons\u00e1vel pela comercializa\u00e7\u00e3o. Assim, todas as partes envolvidas (corretora, administradora de benef\u00edcios e operadora de sa\u00fade) se atem especificamente a sua \u00e1rea de atua\u00e7\u00e3o.<\/p>\n<p>\u00c9 importante lembrar que a ANS n\u00e3o estipula o valor da taxa de angaria\u00e7\u00e3o, no entanto esclarece que deve ser menor que a mensalidade e o benefici\u00e1rio deve ser informado que a taxa n\u00e3o se confunde com a mensalidade, podendo ser cobrada no momento da assinatura do contrato e antes mesmo da vig\u00eancia do plano, desde que este j\u00e1 esteja pr\u00e9-fixado para o cliente. Deve-se ressaltar que, caso haja desacordo comercial por qualquer uma das partes entre o per\u00edodo de fechamento do contrato e implanta\u00e7\u00e3o do plano, a corretora ou pessoa, respons\u00e1vel pelo recebimento dos seus representantes autorizados, devolve o valor pago integralmente.<\/p>\n<p>&nbsp;<\/p>\n<h4 style=\"text-align: left;\"><span class=\"ez-toc-section\" id=\"De_preferencia_para_empresas_consolidas_no_mercado_de_Plano_de_Saude\"><\/span><strong>D\u00ea prefer\u00eancia para empresas consolidas no mercado de Plano de Sa\u00fade<\/strong><span class=\"ez-toc-section-end\"><\/span><\/h4>\n<p>Empresas e profissionais s\u00e9rios e competentes sabem da responsabilidade do seu trabalho e do valor que agregam ao cliente quando atuam com qualidade e \u00e9tica. Sabem tamb\u00e9m que s\u00e3o correspons\u00e1veis pelas informa\u00e7\u00f5es prestadas ao consumidor antes, durante e depois da contrata\u00e7\u00e3o. Priorizam o relacionamento pr\u00f3ximo e auxiliam quanto a reajustes do plano de sa\u00fade, inclus\u00e3o e exclus\u00e3o de dependentes, melhores op\u00e7\u00f5es de mercado, normas atualizadas, rol de cobertura, car\u00eancias, coparticipa\u00e7\u00f5es e muito mais. Portanto, \u00e9 evidente que profissionais e empresas desse porte valorizam mais o cliente e s\u00e3o mais comprometidos com o mercado.<\/p>\n<p>Outro ponto importante que ressaltamos, \u00e9 que empresas que comercializam planos e seguros de sa\u00fade n\u00e3o praticam descontos ou isen\u00e7\u00f5es da taxa de angaria\u00e7\u00e3o. Uma vez regulamentada pela ANS, a pr\u00e1tica de recebimento de tal taxa reafirma a responsabilidade e comprometimento que o setor possui em sua presta\u00e7\u00e3o de servi\u00e7os de atendimento \u00e0 sa\u00fade.<\/p>\n<p>Venha conhecer a Rota Seguros, empresa os melhores consultores do mercado de planos de sa\u00fade. Somos uma equipe verdadeiramente comprometida com sua sa\u00fade! Entre em contato conosco para mais informa\u00e7\u00f5es sobre planos de sa\u00fade coletivos por ades\u00e3o, coletivos empresariais e individuais.<\/p>\n<ul>\n<li>Grande BH \u2013\u00a0<a href=\"tel:3132798000\"><strong>(31) 3279-8000<\/strong><\/a><\/li>\n<li>Montes Claros \u2013\u00a0<strong><a href=\"tel:3832168249\" target=\"_blank\" rel=\"noopener noreferrer\">(38) 3216-8249<\/a><\/strong><\/li>\n<li>Patos de Minas, Uberaba e Uberl\u00e2ndia \u2013\u00a0<a href=\"tel:08009400809\"><strong>0800 940 0809<\/strong><\/a><\/li>\n<li>Pouso Alegre, Itajub\u00e1 (Sul de Minas) \u2013\u00a0<b>\u00a0<a href=\"tel:3530128201\">(35) 3012-8201<\/a><\/b><\/li>\n<li>Vit\u00f3ria\/ES \u2013\u00a0<strong><span class=\"telefone\"><a href=\"tel:2722333020\">(27) 2233-3020\u00a0\u00a0<\/a><\/span><\/strong><\/li>\n<li>Demais Regi\u00f5es \u2013<a href=\"tel:08000242424\"><strong>\u00a00800 024 2424<\/strong><\/a><\/li>\n<\/ul>\n<hr \/>\n<p>Colabore com o blog! Deixe seu coment\u00e1rio com d\u00favida, reclama\u00e7\u00e3o e\/ou elogio.<\/p>\n","protected":false},"excerpt":{"rendered":"<p><span class=\"span-reading-time rt-reading-time\" style=\"display: block;\"><span class=\"rt-label rt-prefix\">Reading Time: <\/span> <span class=\"rt-time\"> 2<\/span> <span class=\"rt-label rt-postfix\">minutes<\/span><\/span>A taxa de ades\u00e3o, corretagem, angaria\u00e7\u00e3o s\u00e3o nomes dados ao primeiro pagamento realizado ao corretor na contrata\u00e7\u00e3o do plano coletivo por ades\u00e3o. H\u00e1 tr\u00eas modalidades de contrata\u00e7\u00e3o de planos de &#8230;<\/p>\n","protected":false},"author":2,"featured_media":9578,"comment_status":"open","ping_status":"open","sticky":false,"template":"","format":"standard","meta":{"_monsterinsights_skip_tracking":false,"_monsterinsights_sitenote_active":false,"_monsterinsights_sitenote_note":"","_monsterinsights_sitenote_category":0,"footnotes":"","_links_to":"","_links_to_target":""},"categories":[27,785],"tags":[790,789,787,786,788],"class_list":["post-9559","post","type-post","status-publish","format-standard","has-post-thumbnail","hentry","category-plano-de-saude","category-planos-coletivos-por-adesao","tag-plano-de-saude-adesao","tag-plano-de-saude-coletivo-por-adesao","tag-taxa-de-adesao","tag-taxa-de-adesao-plano-de-saude","tag-taxa-de-angariacao"],"_links":{"self":[{"href":"https:\/\/www.rotaseguros.com.br\/planosdesaude\/wp-json\/wp\/v2\/posts\/9559","targetHints":{"allow":["GET"]}}],"collection":[{"href":"https:\/\/www.rotaseguros.com.br\/planosdesaude\/wp-json\/wp\/v2\/posts"}],"about":[{"href":"https:\/\/www.rotaseguros.com.br\/planosdesaude\/wp-json\/wp\/v2\/types\/post"}],"author":[{"embeddable":true,"href":"https:\/\/www.rotaseguros.com.br\/planosdesaude\/wp-json\/wp\/v2\/users\/2"}],"replies":[{"embeddable":true,"href":"https:\/\/www.rotaseguros.com.br\/planosdesaude\/wp-json\/wp\/v2\/comments?post=9559"}],"version-history":[{"count":0,"href":"https:\/\/www.rotaseguros.com.br\/planosdesaude\/wp-json\/wp\/v2\/posts\/9559\/revisions"}],"wp:featuredmedia":[{"embeddable":true,"href":"https:\/\/www.rotaseguros.com.br\/planosdesaude\/wp-json\/wp\/v2\/media\/9578"}],"wp:attachment":[{"href":"https:\/\/www.rotaseguros.com.br\/planosdesaude\/wp-json\/wp\/v2\/media?parent=9559"}],"wp:term":[{"taxonomy":"category","embeddable":true,"href":"https:\/\/www.rotaseguros.com.br\/planosdesaude\/wp-json\/wp\/v2\/categories?post=9559"},{"taxonomy":"post_tag","embeddable":true,"href":"https:\/\/www.rotaseguros.com.br\/planosdesaude\/wp-json\/wp\/v2\/tags?post=9559"}],"curies":[{"name":"wp","href":"https:\/\/api.w.org\/{rel}","templated":true}]}}