{"id":961,"date":"2016-01-21T13:43:14","date_gmt":"2016-01-21T15:43:14","guid":{"rendered":"http:\/\/www.rotaseguros.com.br\/planosdesaude\/?p=961"},"modified":"2024-05-03T18:06:16","modified_gmt":"2024-05-03T20:06:16","slug":"projeto-parto-adequado-sulamerica-saude","status":"publish","type":"post","link":"https:\/\/www.rotaseguros.com.br\/planosdesaude\/projeto-parto-adequado-sulamerica-saude\/","title":{"rendered":"Projeto Parto Adequado | SulAm\u00e9rica Sa\u00fade"},"content":{"rendered":"<span class=\"span-reading-time rt-reading-time\" style=\"display: block;\"><span class=\"rt-label rt-prefix\">Reading Time: <\/span> <span class=\"rt-time\"> &lt; 1<\/span> <span class=\"rt-label rt-postfix\">minute<\/span><\/span><table id=\"Tabela_01\" style=\"width: 63%; height: 877px;\" border=\"0\" width=\"570\" cellspacing=\"0\" cellpadding=\"0\" align=\"center\">\n<tbody>\n<tr>\n<td style=\"width: 566.8px;\" height=\"389\">\u00a0<\/td>\n<\/tr>\n<tr>\n<td style=\"width: 566.8px;\" height=\"354\"><img loading=\"lazy\" decoding=\"async\" id=\"emkt_partoadequado_reforco1_02\" src=\"http:\/\/www.sulamerica.com.br\/emkt\/saude\/emkt_partoadequado_reforco1_02.jpg\" alt=\"\" width=\"570\" height=\"354\" align=\"top\" \/><\/td>\n<\/tr>\n<tr>\n<td style=\"width: 566.8px;\" height=\"52\"><img loading=\"lazy\" decoding=\"async\" id=\"emkt_partoadequado_reforco1_03\" src=\"http:\/\/www.sulamerica.com.br\/emkt\/saude\/emkt_partoadequado_reforco1_03.jpg\" alt=\"\" width=\"570\" height=\"52\" align=\"top\" border=\"0\" data-pin-nopin=\"true\" \/><\/td>\n<\/tr>\n<tr>\n<td style=\"width: 566.8px;\" height=\"164\">\n<p>&nbsp;<\/p>\n<p style=\"text-align: justify;\">Projeto Parto Adequado SulAm\u00e9rica Sa\u00fade. Respeite o tempo do seu beb\u00ea.<\/p>\n<p style=\"text-align: justify;\">Essa \u00e9 uma iniciativa da SulAm\u00e9rica em apoio \u00e0 Campanha &#8220;N\u00e3o ao Parto Agendado&#8221;, da Ag\u00eancia Nacional de Sa\u00fade (ANS) em parceria com o Hospital Albert Einstein e o Institute for Healthcare Improvement, para sensibilizar as gestantes e profissionais de sa\u00fade para que evitem ces\u00e1reas desnecess\u00e1rias.<\/p>\n<\/td>\n<\/tr>\n<\/tbody>\n<\/table>\n","protected":false},"excerpt":{"rendered":"<p><span class=\"span-reading-time rt-reading-time\" style=\"display: block;\"><span class=\"rt-label rt-prefix\">Reading Time: <\/span> <span class=\"rt-time\"> &lt; 1<\/span> <span class=\"rt-label rt-postfix\">minute<\/span><\/span>\u00a0 &nbsp; Projeto Parto Adequado SulAm\u00e9rica Sa\u00fade. Respeite o tempo do seu beb\u00ea. Essa \u00e9 uma iniciativa da SulAm\u00e9rica em apoio \u00e0 Campanha &#8220;N\u00e3o ao Parto Agendado&#8221;, da Ag\u00eancia Nacional &#8230;<\/p>\n","protected":false},"author":2,"featured_media":0,"comment_status":"open","ping_status":"open","sticky":false,"template":"","format":"standard","meta":{"_monsterinsights_skip_tracking":false,"_monsterinsights_sitenote_active":false,"_monsterinsights_sitenote_note":"","_monsterinsights_sitenote_category":0,"footnotes":"","_links_to":"","_links_to_target":""},"categories":[28],"tags":[155,156,63],"class_list":["post-961","post","type-post","status-publish","format-standard","hentry","category-sul-america","tag-parto-adequado","tag-parto-adequado-sulamerica","tag-sulamerica"],"_links":{"self":[{"href":"https:\/\/www.rotaseguros.com.br\/planosdesaude\/wp-json\/wp\/v2\/posts\/961","targetHints":{"allow":["GET"]}}],"collection":[{"href":"https:\/\/www.rotaseguros.com.br\/planosdesaude\/wp-json\/wp\/v2\/posts"}],"about":[{"href":"https:\/\/www.rotaseguros.com.br\/planosdesaude\/wp-json\/wp\/v2\/types\/post"}],"author":[{"embeddable":true,"href":"https:\/\/www.rotaseguros.com.br\/planosdesaude\/wp-json\/wp\/v2\/users\/2"}],"replies":[{"embeddable":true,"href":"https:\/\/www.rotaseguros.com.br\/planosdesaude\/wp-json\/wp\/v2\/comments?post=961"}],"version-history":[{"count":0,"href":"https:\/\/www.rotaseguros.com.br\/planosdesaude\/wp-json\/wp\/v2\/posts\/961\/revisions"}],"wp:attachment":[{"href":"https:\/\/www.rotaseguros.com.br\/planosdesaude\/wp-json\/wp\/v2\/media?parent=961"}],"wp:term":[{"taxonomy":"category","embeddable":true,"href":"https:\/\/www.rotaseguros.com.br\/planosdesaude\/wp-json\/wp\/v2\/categories?post=961"},{"taxonomy":"post_tag","embeddable":true,"href":"https:\/\/www.rotaseguros.com.br\/planosdesaude\/wp-json\/wp\/v2\/tags?post=961"}],"curies":[{"name":"wp","href":"https:\/\/api.w.org\/{rel}","templated":true}]}}